{"id":5441,"date":"2022-09-28T14:11:07","date_gmt":"2022-09-28T14:11:07","guid":{"rendered":"https:\/\/comandogeraldanoticia.com.br\/index.php\/2022\/09\/28\/petrobras-reduz-querosene-de-aviacao-em-084\/"},"modified":"2022-09-28T14:11:07","modified_gmt":"2022-09-28T14:11:07","slug":"petrobras-reduz-querosene-de-aviacao-em-084","status":"publish","type":"post","link":"https:\/\/comandogeraldanoticia.com.br\/index.php\/2022\/09\/28\/petrobras-reduz-querosene-de-aviacao-em-084\/","title":{"rendered":"Petrobras reduz querosene de avia\u00e7\u00e3o em 0,84%"},"content":{"rendered":"<p><img decoding=\"async\" src=\"https:\/\/s2.glbimg.com\/97UCyJQ-X5xCjHe_7voIlkv165o=\/i.s3.glbimg.com\/v1\/AUTH_59edd422c0c84a879bd37670ae4f538a\/internal_photos\/bs\/2021\/Z\/3\/3PqOrXTmAwrU3b8LPJiA\/fup20210809102.jpg\"><br \/>   Esta \u00e9 a terceira redu\u00e7\u00e3o seguida nos pre\u00e7os do QAV, que j\u00e1 haviam sido reduzidos em 10,4% em setembro, e em 2,6% em agosto.  Vista do Aeroporto de Congonhas, na Zona Sul de S\u00e3o Paulo (SP).<br \/>\nRENATO S. CERQUEIRA\/FUTURA PRESS\/ESTAD\u00c3O CONTE\u00daDO<br \/>\nNo pr\u00f3ximo dia 1\u00ba de outubro, a Petrobras reduzir\u00e1 em 0,84% os pre\u00e7os de querosene de avia\u00e7\u00e3o (QAV) nos valores de venda para as distribuidoras.<br \/>\nEsta \u00e9 a terceira redu\u00e7\u00e3o seguida nos pre\u00e7os do QAV, que j\u00e1 haviam sido reduzidos em 10,4% em setembro, e em 2,6% em agosto.<br \/>\nO QAV representa mais de um ter\u00e7o dos custos totais das companhias a\u00e9reas.<br \/>\nA estatal informou que os ajustes de pre\u00e7os de QAV s\u00e3o mensais e definidos por meio de f\u00f3rmula contratual negociada com as distribuidoras.<br \/>\n&#8220;Os pre\u00e7os de venda do QAV da Petrobras para as companhias distribuidoras buscam equil\u00edbrio com o mercado internacional e acompanham as varia\u00e7\u00f5es do valor do produto e da taxa de c\u00e2mbio, para cima e para baixo, com reajustes aplicados em base mensal, mitigando a volatilidade di\u00e1ria das cota\u00e7\u00f5es internacionais e do c\u00e2mbio&#8221;, esclareceu.<br \/>\nA Petrobras explica ainda que comercializa o QAV produzido em suas refinarias ou importado apenas para as distribuidoras. As distribuidoras ent\u00e3o transportam e comercializam o produto para as empresas de transporte a\u00e9reo e outros consumidores finais nos aeroportos, ou para os revendedores.<br \/>\nDistribuidoras e revendedores s\u00e3o os respons\u00e1veis pelas instala\u00e7\u00f5es nos aeroportos e pelos servi\u00e7os de abastecimento.<\/p>\n","protected":false},"excerpt":{"rendered":"<p>Esta \u00e9 a terceira redu\u00e7\u00e3o seguida nos pre\u00e7os do QAV, que j\u00e1 haviam sido reduzidos em 10,4% em setembro, e em 2,6% em agosto. Vista do Aeroporto de Congonhas, na Zona Sul de S\u00e3o Paulo (SP). RENATO S. CERQUEIRA\/FUTURA PRESS\/ESTAD\u00c3O CONTE\u00daDO No pr\u00f3ximo dia 1\u00ba de outubro, a Petrobras reduzir\u00e1 em 0,84% os pre\u00e7os de<\/p>\n","protected":false},"author":1,"featured_media":5442,"comment_status":"open","ping_status":"open","sticky":false,"template":"","format":"standard","meta":{"om_disable_all_campaigns":false,"_monsterinsights_skip_tracking":false,"_monsterinsights_sitenote_active":false,"_monsterinsights_sitenote_note":"","_monsterinsights_sitenote_category":0,"footnotes":""},"categories":[43],"tags":[],"class_list":{"0":"post-5441","1":"post","2":"type-post","3":"status-publish","4":"format-standard","5":"has-post-thumbnail","7":"category-economia"},"_links":{"self":[{"href":"https:\/\/comandogeraldanoticia.com.br\/index.php\/wp-json\/wp\/v2\/posts\/5441","targetHints":{"allow":["GET"]}}],"collection":[{"href":"https:\/\/comandogeraldanoticia.com.br\/index.php\/wp-json\/wp\/v2\/posts"}],"about":[{"href":"https:\/\/comandogeraldanoticia.com.br\/index.php\/wp-json\/wp\/v2\/types\/post"}],"author":[{"embeddable":true,"href":"https:\/\/comandogeraldanoticia.com.br\/index.php\/wp-json\/wp\/v2\/users\/1"}],"replies":[{"embeddable":true,"href":"https:\/\/comandogeraldanoticia.com.br\/index.php\/wp-json\/wp\/v2\/comments?post=5441"}],"version-history":[{"count":0,"href":"https:\/\/comandogeraldanoticia.com.br\/index.php\/wp-json\/wp\/v2\/posts\/5441\/revisions"}],"wp:featuredmedia":[{"embeddable":true,"href":"https:\/\/comandogeraldanoticia.com.br\/index.php\/wp-json\/wp\/v2\/media\/5442"}],"wp:attachment":[{"href":"https:\/\/comandogeraldanoticia.com.br\/index.php\/wp-json\/wp\/v2\/media?parent=5441"}],"wp:term":[{"taxonomy":"category","embeddable":true,"href":"https:\/\/comandogeraldanoticia.com.br\/index.php\/wp-json\/wp\/v2\/categories?post=5441"},{"taxonomy":"post_tag","embeddable":true,"href":"https:\/\/comandogeraldanoticia.com.br\/index.php\/wp-json\/wp\/v2\/tags?post=5441"}],"curies":[{"name":"wp","href":"https:\/\/api.w.org\/{rel}","templated":true}]}}