{"id":5429,"date":"2022-09-28T14:10:25","date_gmt":"2022-09-28T14:10:25","guid":{"rendered":"https:\/\/comandogeraldanoticia.com.br\/index.php\/2022\/09\/28\/iraniana-que-morreu-por-usar-veu-errado-recebeu-golpe-na-cabeca-dos-policiais-afirma-primo\/"},"modified":"2022-09-28T14:10:25","modified_gmt":"2022-09-28T14:10:25","slug":"iraniana-que-morreu-por-usar-veu-errado-recebeu-golpe-na-cabeca-dos-policiais-afirma-primo","status":"publish","type":"post","link":"https:\/\/comandogeraldanoticia.com.br\/index.php\/2022\/09\/28\/iraniana-que-morreu-por-usar-veu-errado-recebeu-golpe-na-cabeca-dos-policiais-afirma-primo\/","title":{"rendered":"Iraniana que morreu por &#8216;usar v\u00e9u errado&#8217; recebeu golpe na cabe\u00e7a dos policiais, afirma primo"},"content":{"rendered":"<p><img decoding=\"async\" src=\"https:\/\/s2.glbimg.com\/2vkpwtH9eEklwKgBw7UysuyaynY=\/i.s3.glbimg.com\/v1\/AUTH_59edd422c0c84a879bd37670ae4f538a\/internal_photos\/bs\/2022\/n\/p\/9qwohwRRCNHuCEhpIa6Q\/asfdasfasfasasdas.png\"><br \/>   Morte de Mahsa Amini desencadeou um dos maiores protestos da hist\u00f3ria contra a pol\u00edcia dos costumes e o regime local. Mulheres curdas s\u00edrias protestam contra a morte da curda iraniana Mahsa Amini, detida pela pol\u00edcia da moralidade de Teer\u00e3<br \/>\nAP<br \/>\nMahsa Amini, a iraniana cuja morte provocou uma onda de grandes manifesta\u00e7\u00f5es no Ir\u00e3, morreu ap\u00f3s um &#8220;golpe violento na cabe\u00e7a&#8221; da pol\u00edcia moral no dia de sua pris\u00e3o em Teer\u00e3, diz seu primo que vive no Iraque.<br \/>\nA jovem de 22 anos estava na capital iraniana para passar f\u00e9rias em fam\u00edlia, em 13 de setembro, quando se deparou com a pol\u00edcia da moral, encarregada de aplicar o rigoroso c\u00f3digo de vestimenta exigido das mulheres na Rep\u00fablica Isl\u00e2mica, disse \u00e0 AFP Erfan Salih Mortezaee, 34 anos.<br \/>\nEle est\u00e1 h\u00e1 um ano no Curdist\u00e3o do Iraque (norte), onde se juntou ao grupo nacionalista curdo iraniano Komala, que h\u00e1 muito tempo realiza uma insurrei\u00e7\u00e3o contra o governo iraniano.<br \/>\nEle afirma ter ligado para a m\u00e3e de Mahsa Amini, que lhe contou sobre os acontecimentos daquele fat\u00eddico 13 de setembro.<br \/>\nMahsa Amini em imagem sem data<br \/>\nReprodu\u00e7\u00e3o\/Via Reuters<br \/>\nSegundo ele, a jovem, acompanhada dos pais e de um irm\u00e3o de 17 anos, estava em Teer\u00e3 para visitar familiares.<br \/>\nMahsa, seu irm\u00e3o e outras mulheres da fam\u00edlia passearam pela capital e, ao sa\u00edrem da esta\u00e7\u00e3o de metr\u00f4 Haghani, &#8220;a pol\u00edcia da moral os parou&#8221;, conta Mortezaee, entrevistado em uma base Komala perto de Suleimaniya.<br \/>\nProtestos tomam conta das ruas de Teer\u00e3, no Ir\u00e3<br \/>\nWANA (West Asia News Agency) via REUTERS<br \/>\nO irm\u00e3o mais novo tentou explicar aos policiais que eles estavam &#8220;pela primeira vez em Teer\u00e3&#8221; e &#8220;n\u00e3o conheciam as tradi\u00e7\u00f5es locais&#8221;. Foi in\u00fatil.<br \/>\n&#8220;O policial disse a ela &#8216;n\u00f3s vamos lev\u00e1-la embora, para incutir nela as regras e ensin\u00e1-la a usar o hijab e a se vestir'&#8221;, acrescentou o primo, que garante que a jovem estava &#8220;vestida como todas as mulheres do Ir\u00e3, e ela estava usando um hijab&#8221;.<br \/>\nGolpes com bast\u00e3o<br \/>\nMulher corta o cabelo em p\u00fablico como forma de protesto no Ir\u00e3<br \/>\nYasin AKGUL \/ AFP<br \/>\nNo Ir\u00e3, as mulheres devem cobrir o cabelo e o corpo at\u00e9 abaixo dos joelhos. Mas a maioria das mulheres se permite certas liberdades, por exemplo, um v\u00e9u um pouco solto ou que cobre parcialmente o cabelo.<br \/>\n&#8220;Os policiais bateram em Jhina (nome curdo de Mahsa Amini) na frente de seu irm\u00e3o, que testemunhou&#8221;, acrescenta Mortezaee.<br \/>\n&#8220;Eles bateram nela, com um bast\u00e3o bateram nas m\u00e3os dela, nas pernas dela&#8221;, insiste.<br \/>\nEles tamb\u00e9m jogaram spray de pimenta no rosto de seu irm\u00e3o, para neutraliz\u00e1-lo, antes de levar as mulheres em uma van da pol\u00edcia.<br \/>\nBandeira iraniana \u00e9 hasteada em frente a embaixada do Ir\u00e3 na Alb\u00e2nia<br \/>\nREUTERS\/Florion Goga<br \/>\nOs espancamentos continuaram a bordo do ve\u00edculo, segundo Mortezaee.<br \/>\n&#8220;Quando eles bateram na cabe\u00e7a dela, ela perdeu a consci\u00eancia&#8221;, diz ele.<br \/>\nAp\u00f3s sua chegada \u00e0 delegacia, levou pelo menos uma hora e meia para ser levada ao hospital, segundo Mortezaee. Depois de tr\u00eas dias em coma, a jovem morreu em 16 de setembro.<br \/>\nSempre de acordo com o relato da m\u00e3e contado pelo primo, os m\u00e9dicos informaram \u00e0 fam\u00edlia que a filha recebeu &#8220;uma violenta pancada na cabe\u00e7a&#8221;.<br \/>\nConhe\u00e7a os diferentes tipos de v\u00e9us isl\u00e2micos<br \/>\nArte g1<br \/>\nManifesta\u00e7\u00f5es di\u00e1rias<br \/>\nA fam\u00edlia de Mahsa Amini apresentou uma den\u00fancia contra os &#8220;autores de sua pris\u00e3o&#8221;.<br \/>\n&#8220;Os familiares de Masha Amini registraram uma queixa contra os autores da pris\u00e3o de sua filha e (os policiais) que falaram com ela desde sua chegada \u00e0 pol\u00edcia da moral&#8221;, afirmou o advogado da fam\u00edlia, Me Saleh Nikbakht.<br \/>\nMorte de jovem revolta iranianos: Mahsa Amini tinha sido detida por n\u00e3o se vestir corretamente<br \/>\nAs autoridades negam qualquer envolvimento na morte de Mahsa Amini. Desde ent\u00e3o, os iranianos se manifestam diariamente para protestar contra essa morte.<br \/>\nDe acordo com um balan\u00e7o divulgado na ter\u00e7a-feira pela ag\u00eancia de not\u00edcias iraniana Fars, &#8220;cerca de 60 pessoas foram mortas&#8221; desde 16 de setembro nas manifesta\u00e7\u00f5es. Mas a ONG Iran Human Rights (IHR), com sede em Oslo, considera que h\u00e1 pelo menos 76 mortos.<br \/>\nAl\u00e9m disso, mais de 1.200 manifestantes foram detidos, segundo as autoridades.<br \/>\nEm um Ir\u00e3 atingido por san\u00e7\u00f5es dos EUA e que sofre uma grave crise econ\u00f4mica, as manifesta\u00e7\u00f5es t\u00eam sido frequentes nos \u00faltimos anos.<br \/>\nMas desta vez &#8220;as mulheres est\u00e3o na vanguarda e participam corajosamente dos protestos&#8221;, afirma Mortezaee.<\/p>\n","protected":false},"excerpt":{"rendered":"<p>Morte de Mahsa Amini desencadeou um dos maiores protestos da hist\u00f3ria contra a pol\u00edcia dos costumes e o regime local. Mulheres curdas s\u00edrias protestam contra a morte da curda iraniana Mahsa Amini, detida pela pol\u00edcia da moralidade de Teer\u00e3 AP Mahsa Amini, a iraniana cuja morte provocou uma onda de grandes manifesta\u00e7\u00f5es no Ir\u00e3, morreu<\/p>\n","protected":false},"author":1,"featured_media":5430,"comment_status":"open","ping_status":"open","sticky":false,"template":"","format":"standard","meta":{"om_disable_all_campaigns":false,"_monsterinsights_skip_tracking":false,"_monsterinsights_sitenote_active":false,"_monsterinsights_sitenote_note":"","_monsterinsights_sitenote_category":0,"footnotes":""},"categories":[47],"tags":[],"class_list":{"0":"post-5429","1":"post","2":"type-post","3":"status-publish","4":"format-standard","5":"has-post-thumbnail","7":"category-mundo"},"_links":{"self":[{"href":"https:\/\/comandogeraldanoticia.com.br\/index.php\/wp-json\/wp\/v2\/posts\/5429","targetHints":{"allow":["GET"]}}],"collection":[{"href":"https:\/\/comandogeraldanoticia.com.br\/index.php\/wp-json\/wp\/v2\/posts"}],"about":[{"href":"https:\/\/comandogeraldanoticia.com.br\/index.php\/wp-json\/wp\/v2\/types\/post"}],"author":[{"embeddable":true,"href":"https:\/\/comandogeraldanoticia.com.br\/index.php\/wp-json\/wp\/v2\/users\/1"}],"replies":[{"embeddable":true,"href":"https:\/\/comandogeraldanoticia.com.br\/index.php\/wp-json\/wp\/v2\/comments?post=5429"}],"version-history":[{"count":0,"href":"https:\/\/comandogeraldanoticia.com.br\/index.php\/wp-json\/wp\/v2\/posts\/5429\/revisions"}],"wp:featuredmedia":[{"embeddable":true,"href":"https:\/\/comandogeraldanoticia.com.br\/index.php\/wp-json\/wp\/v2\/media\/5430"}],"wp:attachment":[{"href":"https:\/\/comandogeraldanoticia.com.br\/index.php\/wp-json\/wp\/v2\/media?parent=5429"}],"wp:term":[{"taxonomy":"category","embeddable":true,"href":"https:\/\/comandogeraldanoticia.com.br\/index.php\/wp-json\/wp\/v2\/categories?post=5429"},{"taxonomy":"post_tag","embeddable":true,"href":"https:\/\/comandogeraldanoticia.com.br\/index.php\/wp-json\/wp\/v2\/tags?post=5429"}],"curies":[{"name":"wp","href":"https:\/\/api.w.org\/{rel}","templated":true}]}}