{"id":5412,"date":"2022-09-28T13:10:22","date_gmt":"2022-09-28T13:10:22","guid":{"rendered":"https:\/\/comandogeraldanoticia.com.br\/index.php\/2022\/09\/28\/disney-fecha-por-2-dias-parques-da-florida-por-causa-do-furacao-ian\/"},"modified":"2022-09-28T13:10:22","modified_gmt":"2022-09-28T13:10:22","slug":"disney-fecha-por-2-dias-parques-da-florida-por-causa-do-furacao-ian","status":"publish","type":"post","link":"https:\/\/comandogeraldanoticia.com.br\/index.php\/2022\/09\/28\/disney-fecha-por-2-dias-parques-da-florida-por-causa-do-furacao-ian\/","title":{"rendered":"Disney fecha por 2 dias parques da Fl\u00f3rida por causa do furac\u00e3o Ian"},"content":{"rendered":"<p><img decoding=\"async\" src=\"https:\/\/s2.glbimg.com\/hwKY4VP4nNPHFZOJQojsQXCpd0Q=\/i.s3.glbimg.com\/v1\/AUTH_59edd422c0c84a879bd37670ae4f538a\/internal_photos\/bs\/2022\/B\/g\/VWEvRYS2qCxB3YFLS5Ew\/disney.jpg\"><br \/>   Universal Orlando e Sea World tamb\u00e9m anunciaram mudan\u00e7as na programa\u00e7\u00e3o. Fen\u00f4meno se aproxima da regi\u00e3o nesta quarta-feira.  Instala\u00e7\u00f5es da Disney ser\u00e3o reabertas a partir de sexta-feira, se condi\u00e7\u00f5es clim\u00e1ticas permitirem<br \/>\nDivulga\u00e7\u00e3o<br \/>\nA Disney fechar\u00e1 o complexo de parques por ao menos dois dias por causa da aproxima\u00e7\u00e3o do furac\u00e3o Ian da Fl\u00f3rida, nos Estados Unidos. O fen\u00f4meno ganhou for\u00e7a e foi elevado nesta quarta-feira (28) \u00e0 categoria 4, informou o Centro Nacional de Furac\u00f5es (NHC, na sigla em ingl\u00eas) do pa\u00eds.<br \/>\nSegundo a empresa, os parques tem\u00e1ticos e aqu\u00e1ticos ficar\u00e3o fechados temporiamente e est\u00e3o sendo feitos monitoramentos do furac\u00e3o. &#8220;[Estamos] fazendo os ajustes operacionais necess\u00e1rios para manter a seguran\u00e7a de nossos h\u00f3spedes e membros do elenco&#8221;, afirmou em um comunicado no site.<br \/>\nLEIA MAIS:<br \/>\nConhe\u00e7a como ser\u00e1 o novo navio de cruzeiro da Disney<br \/>\nParques da Disney deixam de citar g\u00eaneros nas apresenta\u00e7\u00f5es<br \/>\nHalloween Horror Nights no Universal Studios Florida ser\u00e1 cancelado por causa do furac\u00e3o<br \/>\nDivulga\u00e7\u00e3o\/ Universal Orlando<br \/>\nAs instala\u00e7\u00f5es da Universal Orlando, incluindo o CityWalk, tamb\u00e9m alteraram a programa\u00e7\u00e3o.<br \/>\n&#8220;Nossos hot\u00e9is est\u00e3o atualmente em plena capacidade e permanecer\u00e3o operacionais, pois se concentram em cuidar de nossos h\u00f3spedes. Nosso evento Halloween Horror Nights no Universal Studios Florida ser\u00e1 cancelado quarta e quinta-feira&#8221;, disse em nota publicada pela empresa.<br \/>\nOutros centros de entretenimento da regi\u00e3o tamb\u00e9m anunciaram mudan\u00e7as, como o SeaWorld, parque aqu\u00e1tico de mam\u00edferos marinhos em Orlando.<br \/>\n&#8220;As precau\u00e7\u00f5es est\u00e3o em vigor seguindo o plano abrangente de prepara\u00e7\u00e3o para o clima do parque para garantir a seguran\u00e7a de nossos animais e embaixadores durante esse per\u00edodo&#8221;, informou o parque por meio das redes sociais.<br \/>\nSeaWorld tamb\u00e9m mudou a programa\u00e7\u00e3o por conta do fen\u00f4meno<br \/>\nReprodu\u00e7\u00e3o\/ Instagram SeaWorld<br \/>\nAs empresas afirmam que a retomada dos trabalhos e reabertura dos parques devem ocorrer a partir de sexta-feira (30) se as condi\u00e7\u00f5es clim\u00e1ticas permitirem. Tamb\u00e9m foram criadas regras para reembolso dos ingressos comprados.<br \/>\nO Ian ainda n\u00e3o tocou solo nos Estados Unidos, mas, desde ter\u00e7a-feira (27), moradores da costa do Golfo, na Fl\u00f3rida, fecham casas e seguem para \u00e1rea mais altas. Na passagem por Cuba, Ian deixou a ilha inteira sem energia e duas pessoas mortas, al\u00e9m de vilarejos alagados.<br \/>\nInfogr\u00e1fico mostra proje\u00e7\u00e3o esperada para trajet\u00f3ria do furac\u00e3o Ian<br \/>\nArte g1<br \/>\nConhe\u00e7a os parques tem\u00e1ticos da Disney<br \/>\n1\u00ba de outubro \u00e9 anivers\u00e1rio dos parques tem\u00e1ticos Disney World na Fl\u00f3rida, nos EUA<\/p>\n","protected":false},"excerpt":{"rendered":"<p>Universal Orlando e Sea World tamb\u00e9m anunciaram mudan\u00e7as na programa\u00e7\u00e3o. Fen\u00f4meno se aproxima da regi\u00e3o nesta quarta-feira. Instala\u00e7\u00f5es da Disney ser\u00e3o reabertas a partir de sexta-feira, se condi\u00e7\u00f5es clim\u00e1ticas permitirem Divulga\u00e7\u00e3o A Disney fechar\u00e1 o complexo de parques por ao menos dois dias por causa da aproxima\u00e7\u00e3o do furac\u00e3o Ian da Fl\u00f3rida, nos Estados Unidos.<\/p>\n","protected":false},"author":1,"featured_media":5413,"comment_status":"open","ping_status":"open","sticky":false,"template":"","format":"standard","meta":{"om_disable_all_campaigns":false,"_monsterinsights_skip_tracking":false,"_monsterinsights_sitenote_active":false,"_monsterinsights_sitenote_note":"","_monsterinsights_sitenote_category":0,"footnotes":""},"categories":[47],"tags":[],"class_list":{"0":"post-5412","1":"post","2":"type-post","3":"status-publish","4":"format-standard","5":"has-post-thumbnail","7":"category-mundo"},"_links":{"self":[{"href":"https:\/\/comandogeraldanoticia.com.br\/index.php\/wp-json\/wp\/v2\/posts\/5412","targetHints":{"allow":["GET"]}}],"collection":[{"href":"https:\/\/comandogeraldanoticia.com.br\/index.php\/wp-json\/wp\/v2\/posts"}],"about":[{"href":"https:\/\/comandogeraldanoticia.com.br\/index.php\/wp-json\/wp\/v2\/types\/post"}],"author":[{"embeddable":true,"href":"https:\/\/comandogeraldanoticia.com.br\/index.php\/wp-json\/wp\/v2\/users\/1"}],"replies":[{"embeddable":true,"href":"https:\/\/comandogeraldanoticia.com.br\/index.php\/wp-json\/wp\/v2\/comments?post=5412"}],"version-history":[{"count":0,"href":"https:\/\/comandogeraldanoticia.com.br\/index.php\/wp-json\/wp\/v2\/posts\/5412\/revisions"}],"wp:featuredmedia":[{"embeddable":true,"href":"https:\/\/comandogeraldanoticia.com.br\/index.php\/wp-json\/wp\/v2\/media\/5413"}],"wp:attachment":[{"href":"https:\/\/comandogeraldanoticia.com.br\/index.php\/wp-json\/wp\/v2\/media?parent=5412"}],"wp:term":[{"taxonomy":"category","embeddable":true,"href":"https:\/\/comandogeraldanoticia.com.br\/index.php\/wp-json\/wp\/v2\/categories?post=5412"},{"taxonomy":"post_tag","embeddable":true,"href":"https:\/\/comandogeraldanoticia.com.br\/index.php\/wp-json\/wp\/v2\/tags?post=5412"}],"curies":[{"name":"wp","href":"https:\/\/api.w.org\/{rel}","templated":true}]}}