{"id":5356,"date":"2022-09-28T10:11:53","date_gmt":"2022-09-28T10:11:53","guid":{"rendered":"https:\/\/comandogeraldanoticia.com.br\/index.php\/2022\/09\/28\/russia-diz-que-acusacoes-de-vazamento-de-gas-proposital-em-gasoduto-para-europa-sao-estupidas\/"},"modified":"2022-09-28T10:11:53","modified_gmt":"2022-09-28T10:11:53","slug":"russia-diz-que-acusacoes-de-vazamento-de-gas-proposital-em-gasoduto-para-europa-sao-estupidas","status":"publish","type":"post","link":"https:\/\/comandogeraldanoticia.com.br\/index.php\/2022\/09\/28\/russia-diz-que-acusacoes-de-vazamento-de-gas-proposital-em-gasoduto-para-europa-sao-estupidas\/","title":{"rendered":"R\u00fassia diz que acusa\u00e7\u00f5es de vazamento de g\u00e1s proposital em gasoduto para Europa s\u00e3o &#8216;est\u00fapidas&#8217;"},"content":{"rendered":"<p>Porta-oz do Kremlin negou que governo esteja por tr\u00e1s de um suposto ataque ao Nord Stream, o gasoduto que leva g\u00e1s russo para a Europa e que registrou dois grandes vazamentos na ter\u00e7a-feira (28).  O Kremlin disse na quarta-feira que as alega\u00e7\u00f5es de que a R\u00fassia estava de alguma forma por tr\u00e1s de um poss\u00edvel ataque aos gasodutos Nord Stream eram est\u00fapidas, acrescentando que Moscou viu um aumento acentuado nos lucros das empresas americanas que fornecem g\u00e1s para a Europa.<br \/>\nO porta-voz do Kremlin, Dmitry Peskov, disse em uma teleconfer\u00eancia di\u00e1ria com rep\u00f3rteres que o incidente precisa ser investigado e os prazos para reparo dos oleodutos danificados n\u00e3o est\u00e3o claros.<br \/>\nA Europa est\u00e1 investigando o que Alemanha, Dinamarca e Su\u00e9cia disseram ser ataques que causaram grandes vazamentos no Mar B\u00e1ltico de dois gasodutos russos no centro de um impasse energ\u00e9tico.<br \/>\nQuestionado sobre as alega\u00e7\u00f5es de que a R\u00fassia pode estar por tr\u00e1s do poss\u00edvel ataque, Peskov disse: &#8220;Isso \u00e9 bastante previs\u00edvel e tamb\u00e9m previsivelmente est\u00fapido&#8221;.<br \/>\n&#8220;Este \u00e9 um grande problema para n\u00f3s porque, em primeiro lugar, ambas as linhas do Nord Stream 2 est\u00e3o cheias de g\u00e1s &#8211; todo o sistema est\u00e1 pronto para bombear g\u00e1s e o g\u00e1s \u00e9 muito caro&#8230; Agora o g\u00e1s est\u00e1 voando para o ar. &#8221;<br \/>\n&#8220;Antes de fazer qualquer reclama\u00e7\u00e3o, devemos esperar pela investiga\u00e7\u00e3o dessas rupturas, se houve uma explos\u00e3o ou n\u00e3o&#8221;, disse Peskov. Informa\u00e7\u00f5es sobre o incidente podem ser esperadas da Dinamarca e da Su\u00e9cia, disse ele.<br \/>\nA Nord Stream AG, operadora da rede, disse na ter\u00e7a-feira que tr\u00eas das quatro linhas offshore do sistema de gasoduto Nord Stream sofreram danos &#8220;sem precedentes&#8221; em um dia. Todo o gasoduto da Nord Stream n\u00e3o havia entregue g\u00e1s no momento do incidente.<br \/>\nO Nord Stream 1 relatou uma queda de press\u00e3o significativa causada pelo vazamento de g\u00e1s em ambas as linhas do gasoduto, enquanto o Nord Stream 2 disse que uma queda de press\u00e3o acentuada na linha A foi registrada na segunda-feira.<\/p>\n","protected":false},"excerpt":{"rendered":"<p>Porta-oz do Kremlin negou que governo esteja por tr\u00e1s de um suposto ataque ao Nord Stream, o gasoduto que leva g\u00e1s russo para a Europa e que registrou dois grandes vazamentos na ter\u00e7a-feira (28). O Kremlin disse na quarta-feira que as alega\u00e7\u00f5es de que a R\u00fassia estava de alguma forma por tr\u00e1s de um poss\u00edvel<\/p>\n","protected":false},"author":1,"featured_media":5357,"comment_status":"open","ping_status":"open","sticky":false,"template":"","format":"standard","meta":{"om_disable_all_campaigns":false,"_monsterinsights_skip_tracking":false,"_monsterinsights_sitenote_active":false,"_monsterinsights_sitenote_note":"","_monsterinsights_sitenote_category":0,"footnotes":""},"categories":[47],"tags":[],"class_list":{"0":"post-5356","1":"post","2":"type-post","3":"status-publish","4":"format-standard","5":"has-post-thumbnail","7":"category-mundo"},"_links":{"self":[{"href":"https:\/\/comandogeraldanoticia.com.br\/index.php\/wp-json\/wp\/v2\/posts\/5356","targetHints":{"allow":["GET"]}}],"collection":[{"href":"https:\/\/comandogeraldanoticia.com.br\/index.php\/wp-json\/wp\/v2\/posts"}],"about":[{"href":"https:\/\/comandogeraldanoticia.com.br\/index.php\/wp-json\/wp\/v2\/types\/post"}],"author":[{"embeddable":true,"href":"https:\/\/comandogeraldanoticia.com.br\/index.php\/wp-json\/wp\/v2\/users\/1"}],"replies":[{"embeddable":true,"href":"https:\/\/comandogeraldanoticia.com.br\/index.php\/wp-json\/wp\/v2\/comments?post=5356"}],"version-history":[{"count":0,"href":"https:\/\/comandogeraldanoticia.com.br\/index.php\/wp-json\/wp\/v2\/posts\/5356\/revisions"}],"wp:featuredmedia":[{"embeddable":true,"href":"https:\/\/comandogeraldanoticia.com.br\/index.php\/wp-json\/wp\/v2\/media\/5357"}],"wp:attachment":[{"href":"https:\/\/comandogeraldanoticia.com.br\/index.php\/wp-json\/wp\/v2\/media?parent=5356"}],"wp:term":[{"taxonomy":"category","embeddable":true,"href":"https:\/\/comandogeraldanoticia.com.br\/index.php\/wp-json\/wp\/v2\/categories?post=5356"},{"taxonomy":"post_tag","embeddable":true,"href":"https:\/\/comandogeraldanoticia.com.br\/index.php\/wp-json\/wp\/v2\/tags?post=5356"}],"curies":[{"name":"wp","href":"https:\/\/api.w.org\/{rel}","templated":true}]}}