{"id":52625,"date":"2023-10-09T15:16:00","date_gmt":"2023-10-09T15:16:00","guid":{"rendered":"https:\/\/comandogeraldanoticia.com.br\/?p=52625"},"modified":"2023-10-09T15:16:01","modified_gmt":"2023-10-09T15:16:01","slug":"ministro-da-defesa-anuncia-sinal-verde-para-criacao-do-ita-no-ceara","status":"publish","type":"post","link":"https:\/\/comandogeraldanoticia.com.br\/index.php\/2023\/10\/09\/ministro-da-defesa-anuncia-sinal-verde-para-criacao-do-ita-no-ceara\/","title":{"rendered":"Ministro da Defesa anuncia sinal verde para cria\u00e7\u00e3o do ITA no Cear\u00e1"},"content":{"rendered":"\n<p>Cear\u00e1 \u00e9 refer\u00eancia em aprova\u00e7\u00f5es de um dos vestibulares mais dif\u00edceis do pa\u00eds. Entre 2012 a 2022, estudantes da capital cearense ocuparam 543 das 1.478 vagas dispon\u00edveis.<\/p>\n\n\n\n<p>O Cear\u00e1 deu mais um passo no projeto para receber uma unidade do Instituto Tecnol\u00f3gico de Aeron\u00e1utica (ITA). O ministro da Defesa, Jos\u00e9 M\u00facio, anunciou nesta ter\u00e7a-feira (3) que o projeto tem sinal verde para ser instalado na capital cearense.<\/p>\n\n\n\n<p>&#8220;Recebemos das m\u00e3os da comiss\u00e3o que preparou esse relat\u00f3rio que diz da possibilidade de se executar esse projeto. Estamos muito felizes. Est\u00e1 de parab\u00e9ns o Cear\u00e1, est\u00e1 de parab\u00e9ns o Nordeste brasileiro, e podemos dizer que o Brasil tamb\u00e9m&#8221;, afirmou M\u00facio.<\/p>\n\n\n\n<p>O an\u00fancio foi feito na sede do ITA, em S\u00e3o Jos\u00e9 dos Campos, em S\u00e3o Paulo. Al\u00e9m de Jos\u00e9 M\u00facio, estavam presentes o ministro da Educa\u00e7\u00e3o, Camilo Santana; e o governador do Cear\u00e1, Elmano de Freitas.<\/p>\n\n\n\n<p>O instituto tem um dos vestibulares mais tradicionais e mais dif\u00edceis do pa\u00eds, e Fortaleza \u00e9 a cidade que mais aprova estudantes na escola (confira os dados abaixo).<\/p>\n\n\n\n<p>&#8220;Esse \u00e9 mais um passo importante para o ITA que \u00e9 um orgulho de todos n\u00f3s brasileiros, um dos cursos mais conceituados do mundo pela sua excel\u00eancia, n\u00e3o s\u00f3 da gradua\u00e7\u00e3o, mas da p\u00f3s-gradua\u00e7\u00e3o, da pesquisa, da inova\u00e7\u00e3o que o pa\u00eds tem&#8221;, comemorou Camilo Santana.<\/p>\n\n\n\n<p>&#8220;Motivo de muito orgulho e tenho certeza que o passo que vem sendo aqui dado de apresenta\u00e7\u00e3o do estudo realizado, isso demonstra pra n\u00f3s que teremos um futuro brilhante para o nosso pa\u00eds, a nossa regi\u00e3o&#8221;, acrescentou Elmano de Freitas.<\/p>\n\n\n\n<p>A extens\u00e3o do Instituto Tecnol\u00f3gico de Aeron\u00e1utica em Fortaleza deve funcionar na Base A\u00e9rea, ainda sem data definida.<\/p>\n\n\n\n<p>Tradi\u00e7\u00e3o em aprova\u00e7\u00f5es<\/p>\n\n\n\n<p>De 2012 a 2022, os estudantes de Fortaleza ocuparam 36,7% das vagas do instituto Das 1.478 vagas disponibilizadas no vestibular nesse per\u00edodo, 543 foram de estudantes que se matricularam na capital cearense.<\/p>\n\n\n\n<p>Em reportagem publicada em 2022, o g1 conversou com ex-alunos e representante de escolas particulares cearenses para entender os motivos dos altos n\u00edveis de aprova\u00e7\u00e3o do Cear\u00e1 nos vestibulares mais dif\u00edceis do pa\u00eds. Entre os pontos citados, est\u00e3o:<\/p>\n\n\n\n<p>tradi\u00e7\u00e3o de preparo diferenciado de candidatos;<br>modelo pedag\u00f3gico das escolas, com turmas espec\u00edficas para quem tenta ITA e IME;<br>oferta de bolsas de estudo para alunos que se destacam;<br>&#8216;olheiros&#8217; nas escolas que buscam os melhores alunos do estado.<\/p>\n\n\n\n<p>Fonte: CNN Brasil<\/p>\n","protected":false},"excerpt":{"rendered":"<p>Cear\u00e1 \u00e9 refer\u00eancia em aprova\u00e7\u00f5es de um dos vestibulares mais dif\u00edceis do pa\u00eds. Entre 2012 a 2022, estudantes da capital cearense ocuparam 543 das 1.478 vagas dispon\u00edveis. O Cear\u00e1 deu mais um passo no projeto para receber uma unidade do Instituto Tecnol\u00f3gico de Aeron\u00e1utica (ITA). O ministro da Defesa, Jos\u00e9 M\u00facio, anunciou nesta ter\u00e7a-feira (3)<\/p>\n","protected":false},"author":1,"featured_media":52627,"comment_status":"open","ping_status":"open","sticky":false,"template":"","format":"standard","meta":{"om_disable_all_campaigns":false,"_monsterinsights_skip_tracking":false,"_monsterinsights_sitenote_active":false,"_monsterinsights_sitenote_note":"","_monsterinsights_sitenote_category":0,"footnotes":""},"categories":[44],"tags":[],"class_list":{"0":"post-52625","1":"post","2":"type-post","3":"status-publish","4":"format-standard","5":"has-post-thumbnail","7":"category-example-6"},"_links":{"self":[{"href":"https:\/\/comandogeraldanoticia.com.br\/index.php\/wp-json\/wp\/v2\/posts\/52625","targetHints":{"allow":["GET"]}}],"collection":[{"href":"https:\/\/comandogeraldanoticia.com.br\/index.php\/wp-json\/wp\/v2\/posts"}],"about":[{"href":"https:\/\/comandogeraldanoticia.com.br\/index.php\/wp-json\/wp\/v2\/types\/post"}],"author":[{"embeddable":true,"href":"https:\/\/comandogeraldanoticia.com.br\/index.php\/wp-json\/wp\/v2\/users\/1"}],"replies":[{"embeddable":true,"href":"https:\/\/comandogeraldanoticia.com.br\/index.php\/wp-json\/wp\/v2\/comments?post=52625"}],"version-history":[{"count":1,"href":"https:\/\/comandogeraldanoticia.com.br\/index.php\/wp-json\/wp\/v2\/posts\/52625\/revisions"}],"predecessor-version":[{"id":52628,"href":"https:\/\/comandogeraldanoticia.com.br\/index.php\/wp-json\/wp\/v2\/posts\/52625\/revisions\/52628"}],"wp:featuredmedia":[{"embeddable":true,"href":"https:\/\/comandogeraldanoticia.com.br\/index.php\/wp-json\/wp\/v2\/media\/52627"}],"wp:attachment":[{"href":"https:\/\/comandogeraldanoticia.com.br\/index.php\/wp-json\/wp\/v2\/media?parent=52625"}],"wp:term":[{"taxonomy":"category","embeddable":true,"href":"https:\/\/comandogeraldanoticia.com.br\/index.php\/wp-json\/wp\/v2\/categories?post=52625"},{"taxonomy":"post_tag","embeddable":true,"href":"https:\/\/comandogeraldanoticia.com.br\/index.php\/wp-json\/wp\/v2\/tags?post=52625"}],"curies":[{"name":"wp","href":"https:\/\/api.w.org\/{rel}","templated":true}]}}