{"id":5106,"date":"2022-09-27T14:33:29","date_gmt":"2022-09-27T14:33:29","guid":{"rendered":"https:\/\/comandogeraldanoticia.com.br\/index.php\/2022\/09\/27\/os-encantos-de-uma-camacari-cultural-a-historia-de-mestra-joseane\/"},"modified":"2022-09-27T14:33:29","modified_gmt":"2022-09-27T14:33:29","slug":"os-encantos-de-uma-camacari-cultural-a-historia-de-mestra-joseane","status":"publish","type":"post","link":"https:\/\/comandogeraldanoticia.com.br\/index.php\/2022\/09\/27\/os-encantos-de-uma-camacari-cultural-a-historia-de-mestra-joseane\/","title":{"rendered":"Os encantos de uma Cama\u00e7ari cultural \u2013 a hist\u00f3ria de Mestra Joseane"},"content":{"rendered":"<p>Neste m\u00eas de setembro, quando se comemora o anivers\u00e1rio de 264 anos de emancipa\u00e7\u00e3o pol\u00edtica de Cama\u00e7ari, todos os encantos da cidade se manifestam nas rodas de samba de raiz e capoeira, das chegan\u00e7as e dos cortejos das baianas de acaraj\u00e9, e da musicalidade das fanfarras e bandas marciais, que exaltam a hist\u00f3ria, a arte e a cultura do povo desta terra.<\/p>\n<p>Os sentimentos, que transbordam no cora\u00e7\u00e3o dos nativos cama\u00e7arienses, \u00e9 de amor, orgulho e admira\u00e7\u00e3o por esta cidade, cuja origem data de quase meio s\u00e9culo. Como \u00e9 o caso de Joseane Batista, a Mestra Joseane, l\u00edder do Samba Chula Filhos de Oy\u00f3, que durante uma visita ao Horto Florestal Linaldo da Silva, orgulhosamente se declarou, \u201cfilha de Cama\u00e7ari, nascida e criada no bairro Natal\u201d.<\/p>\n<p>Aos 49 anos, a mestra de cultura popular, que tamb\u00e9m \u00e9 produtora musical e empreendedora de culin\u00e1ria afro-brasileira, atua no sentido de multiplicar a cultura do acaraj\u00e9 e do samba chula. Tendo viajado para alguns estados brasileiros, como Goi\u00e1s, Bras\u00edlia e Tocantins, declarou que, \u201cnossa cultura \u00e9 supervalorizada l\u00e1 fora. As pessoas ficam t\u00e3o encantadas, que tocam nas nossas roupas para saber se somos reais. As despedidas s\u00e3o sempre com muita emo\u00e7\u00e3o e gratid\u00e3o\u201d, comentou, lembrando que j\u00e1 tem viagem internacional agendada para o pr\u00f3ximo ano.<\/p>\n<p>Com base em suas viv\u00eancias, em rela\u00e7\u00e3o \u00e0s manifesta\u00e7\u00f5es culturais de outros lugares por onde j\u00e1 passou, a Mestra explicou que a tradi\u00e7\u00e3o cultural de cada povo tem suas particularidades, que a distingue das demais; e sobre o que vive, v\u00ea e sente em Cama\u00e7ari, exaltou os fazedores de cultura do munic\u00edpio, declarando que, \u201cn\u00f3s temos uma energia e carisma, um molejo e tempero, que s\u00e3o s\u00f3 nossos\u201d.<\/p>\n<p>Ainda sobre os mestres que ensinam a cultura popular em Cama\u00e7ari, a ativista cultural declarou serem \u201co que h\u00e1 de mais belo em nossa cultura\u201d. Em tempo, ela falou das dificuldades que mulheres e homens da cultura enfrentam, e prestou homenagens dizendo, \u201ccom todo meu cora\u00e7\u00e3o, parabenizo a todos que fazem tanto pela cultura desta terra. N\u00e3o \u00e9 f\u00e1cil, mas todos trabalham com muito amor e carinho, e merecem reconhecimento. Este \u00e9 meu salve, e um parab\u00e9ns especial\u201d.<\/p>\n<p>Mestra Joseane se dedica a promover e fortalecer a atividade art\u00edstico-cultural de Cama\u00e7ari. S\u00e3o 25 anos trabalhando na \u00e1rea com o objetivo de \u201cmanter viva a nossa cultura para as gera\u00e7\u00f5es futuras\u201d. Ela, que tem dois netos, de 2 e 4 anos, disse que desde cedo as crian\u00e7as da fam\u00edlia s\u00e3o inclu\u00eddas no cen\u00e1rio cultural. \u201cMinha netinha \u00e9 nossa sambadeira mirim, e meu netinho j\u00e1 toca tri\u00e2ngulo com meu filho, que \u00e9 violeiro. Tenho muita gratid\u00e3o a Deus, \u00e0s divindades e aos nossos ancestrais, por me permitir viver estes momentos, e deixar um legado para meus filhos, e os filhos dos meus filhos. Isto \u00e9 manter a cultura viva.\u201d<\/p>\n<p>Sobre a participa\u00e7\u00e3o da administra\u00e7\u00e3o p\u00fablica quanto ao incentivo das atividades culturais, Mestra Joseane afirmou que \u201co governo apoia a cultura no munic\u00edpio, e isto \u00e9 muito bom\u201d. Contemplando a arquitetura, infraestrutura e paisagens naturais do horto municipal, pontuou, \u201ceste espa\u00e7o \u00e9 maravilhoso, e eu acredito que cultura de raiz e turismo podem se encontrar aqui. As pessoas podem conhecer mais de perto nossos patrim\u00f4nios imateriais neste ambiente, que \u00e9 t\u00e3o convidativo\u201d.<\/p>\n<p>Falando sobre sonhos e desejos dedicados a Cama\u00e7ari para os pr\u00f3ximos 264 anos, a Mestra Joseane fez um pedido para as m\u00e3es e pais desta cidade, dizendo, \u201ctransmitam para seus filhos o valor e a import\u00e2ncia das nossas tradi\u00e7\u00f5es, e incentive-os a fazerem a cultura acontecer no presente e futuro\u201d. Para a gest\u00e3o de hoje e dos anos que se suceder\u00e3o, solicitou, \u201csempre pensem na cultura como uma grande riqueza, porque \u00e9 produzida com o que h\u00e1 de mais valioso nesta cidade, o povo cama\u00e7ariense\u201d.<\/p>\n<p>Este \u00e9 o segundo texto de uma s\u00e9rie com quatro mat\u00e9rias especiais em comemora\u00e7\u00e3o aos 264 anos da emancipa\u00e7\u00e3o pol\u00edtica de Cama\u00e7ari. Elas retratam a hist\u00f3ria do seu povo, formado por aqueles que nasceram e os que chegaram, que com amor e dedica\u00e7\u00e3o transformou o munic\u00edpio em um dos maiores do estado.<\/p>\n<figure class=\"wp-block-image size-large\"><img loading=\"lazy\" decoding=\"async\" loading=\"lazy\" width=\"1024\" height=\"683\" src=\"https:\/\/www.camacari.ba.gov.br\/wp-content\/uploads\/2022\/09\/outros-materia-especial-264-anos-camacari-cultura-camacari-tiago-pacheco-14.9.22-1-1024x683.jpg\" alt=\"\" class=\"wp-image-181872\" srcset=\"https:\/\/www.camacari.ba.gov.br\/wp-content\/uploads\/2022\/09\/outros-materia-especial-264-anos-camacari-cultura-camacari-tiago-pacheco-14.9.22-1-1024x683.jpg 1024w, https:\/\/www.camacari.ba.gov.br\/wp-content\/uploads\/2022\/09\/outros-materia-especial-264-anos-camacari-cultura-camacari-tiago-pacheco-14.9.22-1-300x200.jpg 300w, https:\/\/www.camacari.ba.gov.br\/wp-content\/uploads\/2022\/09\/outros-materia-especial-264-anos-camacari-cultura-camacari-tiago-pacheco-14.9.22-1-768x512.jpg 768w, https:\/\/www.camacari.ba.gov.br\/wp-content\/uploads\/2022\/09\/outros-materia-especial-264-anos-camacari-cultura-camacari-tiago-pacheco-14.9.22-1.jpg 2048w\" sizes=\"auto, (max-width: 1024px) 100vw, 1024px\"><figcaption>Foto: Tiago Pacheco<\/figcaption><\/figure>\n","protected":false},"excerpt":{"rendered":"<p>Neste m\u00eas de setembro, quando se comemora o anivers\u00e1rio de 264 anos de emancipa\u00e7\u00e3o pol\u00edtica de Cama\u00e7ari, todos os encantos da cidade se manifestam nas rodas de samba de raiz e capoeira, das chegan\u00e7as e dos cortejos das baianas de acaraj\u00e9, e da musicalidade das fanfarras e bandas marciais, que exaltam a hist\u00f3ria, a arte<\/p>\n","protected":false},"author":1,"featured_media":5107,"comment_status":"open","ping_status":"open","sticky":false,"template":"","format":"standard","meta":{"om_disable_all_campaigns":false,"_monsterinsights_skip_tracking":false,"_monsterinsights_sitenote_active":false,"_monsterinsights_sitenote_note":"","_monsterinsights_sitenote_category":0,"footnotes":""},"categories":[40],"tags":[],"class_list":{"0":"post-5106","1":"post","2":"type-post","3":"status-publish","4":"format-standard","5":"has-post-thumbnail","7":"category-camacari"},"_links":{"self":[{"href":"https:\/\/comandogeraldanoticia.com.br\/index.php\/wp-json\/wp\/v2\/posts\/5106","targetHints":{"allow":["GET"]}}],"collection":[{"href":"https:\/\/comandogeraldanoticia.com.br\/index.php\/wp-json\/wp\/v2\/posts"}],"about":[{"href":"https:\/\/comandogeraldanoticia.com.br\/index.php\/wp-json\/wp\/v2\/types\/post"}],"author":[{"embeddable":true,"href":"https:\/\/comandogeraldanoticia.com.br\/index.php\/wp-json\/wp\/v2\/users\/1"}],"replies":[{"embeddable":true,"href":"https:\/\/comandogeraldanoticia.com.br\/index.php\/wp-json\/wp\/v2\/comments?post=5106"}],"version-history":[{"count":0,"href":"https:\/\/comandogeraldanoticia.com.br\/index.php\/wp-json\/wp\/v2\/posts\/5106\/revisions"}],"wp:featuredmedia":[{"embeddable":true,"href":"https:\/\/comandogeraldanoticia.com.br\/index.php\/wp-json\/wp\/v2\/media\/5107"}],"wp:attachment":[{"href":"https:\/\/comandogeraldanoticia.com.br\/index.php\/wp-json\/wp\/v2\/media?parent=5106"}],"wp:term":[{"taxonomy":"category","embeddable":true,"href":"https:\/\/comandogeraldanoticia.com.br\/index.php\/wp-json\/wp\/v2\/categories?post=5106"},{"taxonomy":"post_tag","embeddable":true,"href":"https:\/\/comandogeraldanoticia.com.br\/index.php\/wp-json\/wp\/v2\/tags?post=5106"}],"curies":[{"name":"wp","href":"https:\/\/api.w.org\/{rel}","templated":true}]}}