{"id":5100,"date":"2022-09-27T14:33:17","date_gmt":"2022-09-27T14:33:17","guid":{"rendered":"https:\/\/comandogeraldanoticia.com.br\/index.php\/2022\/09\/27\/video-mostra-bolhas-de-gas-subindo-de-vazamentos-no-gasoduto-nord-stream-no-mar-baltico\/"},"modified":"2022-09-27T14:33:17","modified_gmt":"2022-09-27T14:33:17","slug":"video-mostra-bolhas-de-gas-subindo-de-vazamentos-no-gasoduto-nord-stream-no-mar-baltico","status":"publish","type":"post","link":"https:\/\/comandogeraldanoticia.com.br\/index.php\/2022\/09\/27\/video-mostra-bolhas-de-gas-subindo-de-vazamentos-no-gasoduto-nord-stream-no-mar-baltico\/","title":{"rendered":"V\u00eddeo mostra bolhas de g\u00e1s subindo de vazamentos no gasoduto Nord Stream no mar B\u00e1ltico"},"content":{"rendered":"<p><img decoding=\"async\" src=\"https:\/\/s2.glbimg.com\/qAdbImLKLAxGg0BraZwIjSM0gIc=\/i.s3.glbimg.com\/v1\/AUTH_59edd422c0c84a879bd37670ae4f538a\/internal_photos\/bs\/2022\/C\/T\/1jRqzBTzCVo0wlNVVhIg\/2709-nordstream-v.png\"><br \/>   A Europa est\u00e1 correndo para investigar poss\u00edveis sabotagens por tr\u00e1s dos vazamentos. For\u00e7as Armadas da Dinamarca divulgam v\u00eddeo do vazamento no Nordstream 1 e 2<br \/>\nAs for\u00e7as armadas da Dinamarca divulgaram nesta ter\u00e7a-feira (27\/09) um v\u00eddeo mostrando bolhas subindo para a superf\u00edcie do Mar B\u00e1ltico acima dos gasodutos Nord Stream 1 e 2, e disseram que o grande vazamento de g\u00e1s havia causado perturba\u00e7\u00e3o na superf\u00edcie de mais de 1 quil\u00f4metro de di\u00e2metro.<br \/>\nA Europa est\u00e1 correndo para investigar poss\u00edveis sabotagens por tr\u00e1s de vazamentos repentinos e inexplic\u00e1veis nos dois gasodutos russos, infraestrutura no centro de uma crise energ\u00e9tica desde que a R\u00fassia invadiu a Ucr\u00e2nia.<br \/>\nA Autoridade Mar\u00edtima da Su\u00e9cia emitiu um aviso sobre dois vazamentos no gasoduto Nord Stream 1, um dia depois que um vazamento no oleoduto Nord Stream 2 foi descoberto e que levou a Dinamarca a restringir o transporte e impor uma pequena zona de exclus\u00e3o a\u00e9rea.<br \/>\nMapa mostra os gasodutos Nord Stream 1 e 2 no mar B\u00e1ltico<br \/>\nArte g1<br \/>\nAmbos os gasodutos foram protagonistas em uma crescente guerra energ\u00e9tica entre capitais europeias e Moscou, o que elevou o pre\u00e7o do g\u00e1s subindo e desencadeou uma ca\u00e7a ao fornecimento de energia alternativa.<br \/>\nNenhum dos gasodutos estava enviando g\u00e1s para a Europa no momento em que os vazamentos foram encontrados, mas os incidentes podem acabar com qualquer expectativa remanescente de que a Europa poderia receber g\u00e1s via Nord Stream 1 antes do inverno.<br \/>\nBolhas aparecem na superf\u00edcie do Mar B\u00e1ltico pr\u00f3ximo \u00e0 Dinamarca, ap\u00f3s vazamento do Nord Stream 2<br \/>\nComando de Defesa da Dinamarca\/Reprodu\u00e7\u00e3o via REUTERS<\/p>\n","protected":false},"excerpt":{"rendered":"<p>A Europa est\u00e1 correndo para investigar poss\u00edveis sabotagens por tr\u00e1s dos vazamentos. For\u00e7as Armadas da Dinamarca divulgam v\u00eddeo do vazamento no Nordstream 1 e 2 As for\u00e7as armadas da Dinamarca divulgaram nesta ter\u00e7a-feira (27\/09) um v\u00eddeo mostrando bolhas subindo para a superf\u00edcie do Mar B\u00e1ltico acima dos gasodutos Nord Stream 1 e 2, e disseram<\/p>\n","protected":false},"author":1,"featured_media":5101,"comment_status":"open","ping_status":"open","sticky":false,"template":"","format":"standard","meta":{"om_disable_all_campaigns":false,"_monsterinsights_skip_tracking":false,"_monsterinsights_sitenote_active":false,"_monsterinsights_sitenote_note":"","_monsterinsights_sitenote_category":0,"footnotes":""},"categories":[47],"tags":[],"class_list":{"0":"post-5100","1":"post","2":"type-post","3":"status-publish","4":"format-standard","5":"has-post-thumbnail","7":"category-mundo"},"_links":{"self":[{"href":"https:\/\/comandogeraldanoticia.com.br\/index.php\/wp-json\/wp\/v2\/posts\/5100","targetHints":{"allow":["GET"]}}],"collection":[{"href":"https:\/\/comandogeraldanoticia.com.br\/index.php\/wp-json\/wp\/v2\/posts"}],"about":[{"href":"https:\/\/comandogeraldanoticia.com.br\/index.php\/wp-json\/wp\/v2\/types\/post"}],"author":[{"embeddable":true,"href":"https:\/\/comandogeraldanoticia.com.br\/index.php\/wp-json\/wp\/v2\/users\/1"}],"replies":[{"embeddable":true,"href":"https:\/\/comandogeraldanoticia.com.br\/index.php\/wp-json\/wp\/v2\/comments?post=5100"}],"version-history":[{"count":0,"href":"https:\/\/comandogeraldanoticia.com.br\/index.php\/wp-json\/wp\/v2\/posts\/5100\/revisions"}],"wp:featuredmedia":[{"embeddable":true,"href":"https:\/\/comandogeraldanoticia.com.br\/index.php\/wp-json\/wp\/v2\/media\/5101"}],"wp:attachment":[{"href":"https:\/\/comandogeraldanoticia.com.br\/index.php\/wp-json\/wp\/v2\/media?parent=5100"}],"wp:term":[{"taxonomy":"category","embeddable":true,"href":"https:\/\/comandogeraldanoticia.com.br\/index.php\/wp-json\/wp\/v2\/categories?post=5100"},{"taxonomy":"post_tag","embeddable":true,"href":"https:\/\/comandogeraldanoticia.com.br\/index.php\/wp-json\/wp\/v2\/tags?post=5100"}],"curies":[{"name":"wp","href":"https:\/\/api.w.org\/{rel}","templated":true}]}}