{"id":5076,"date":"2022-09-27T13:10:35","date_gmt":"2022-09-27T13:10:35","guid":{"rendered":"https:\/\/comandogeraldanoticia.com.br\/index.php\/2022\/09\/27\/giorgia-meloni-os-obstaculos-que-a-ultradireitista-enfrentara-para-impor-sua-agenda-radical-na-italia\/"},"modified":"2022-09-27T13:10:35","modified_gmt":"2022-09-27T13:10:35","slug":"giorgia-meloni-os-obstaculos-que-a-ultradireitista-enfrentara-para-impor-sua-agenda-radical-na-italia","status":"publish","type":"post","link":"https:\/\/comandogeraldanoticia.com.br\/index.php\/2022\/09\/27\/giorgia-meloni-os-obstaculos-que-a-ultradireitista-enfrentara-para-impor-sua-agenda-radical-na-italia\/","title":{"rendered":"Giorgia Meloni: os obst\u00e1culos que a ultradireitista enfrentar\u00e1 para impor sua agenda radical na It\u00e1lia"},"content":{"rendered":"<p>O novo governo italiano ter\u00e1 que lidar com a press\u00e3o de Bruxelas para realizar reformas econ\u00f4micas e com a guerra na Ucr\u00e2nia, na qual ter\u00e1 que definir sua posi\u00e7\u00e3o em rela\u00e7\u00e3o a Putin. A vit\u00f3ria da extrema direita nas elei\u00e7\u00f5es na It\u00e1lia pela primeira vez desde a Segunda Guerra Mundial fez soar o alerta na Europa.<br \/>\nMas como ser\u00e1 realmente o governo de Giorgia Meloni quando ela finalmente chegar ao poder? Vai desafiar Bruxelas? Vai mudar sua posi\u00e7\u00e3o em rela\u00e7\u00e3o \u00e0 Ucr\u00e2nia?<br \/>\nA vantagem obtida por Giorgia Meloni, l\u00edder do partido Irm\u00e3os da It\u00e1lia (Fratelli d&#8217;Italia), a coloca como favorita para liderar a coaliz\u00e3o de direita formada por seu partido, o partido de extrema-direita Liga e o partido de centro-direita Forza Italia, de Silvio Berlusconi.<br \/>\nO novo governo enfrentar\u00e1 uma longa lista de desafios, como o aumento dos pre\u00e7os da energia, a guerra na Ucr\u00e2nia e a desacelera\u00e7\u00e3o da economia italiana.<br \/>\n&#8220;Fartos dos fracassos dos partidos estabelecidos, os eleitores est\u00e3o optando pelo que n\u00e3o experimentaram&#8221;, escreveu a revista The Economist.<br \/>\nO novo governo ter\u00e1 pela frente uma s\u00e9rie de dificuldades para lan\u00e7ar seu programa \u2014 que implica, entre outras coisas, um enorme custo econ\u00f4mico em um pa\u00eds com d\u00edvida p\u00fablica em n\u00edveis recordes.<br \/>\nConfronto com o presidente e o Tribunal Constitucional<br \/>\nMeloni, que deve se tornar a primeira mulher primeira-ministra da hist\u00f3ria da It\u00e1lia, alcan\u00e7ou a vit\u00f3ria gra\u00e7as a discursos em que criticava imigrantes em situa\u00e7\u00e3o irregular e fazia um apelo para proteger a &#8220;identidade italiana&#8221;.<br \/>\nA realidade \u00e9 que o poder na It\u00e1lia est\u00e1 limitado de muitas maneiras, sobretudo pelos pap\u00e9is que desempenham seu presidente eleito indiretamente, atualmente Sergio Mattarella, e a rec\u00e9m-eleita presidente do Tribunal Constitucional italiano, Silvana Sciarra, ambos conhecidos por serem centristas impec\u00e1veis, como lembra a revista The Economist.<br \/>\nUm dos principais obst\u00e1culos que ter\u00e1 que superar ser\u00e1 a elei\u00e7\u00e3o de seus ministros. Qualquer decis\u00e3o sobre os membros do conselho de ministros tem de ser referendada pelo presidente da Rep\u00fablica, que costuma impor dificuldades. N\u00e3o seria a primeira vez que isso derrubaria um candidato.<br \/>\nDa mesma forma, o Tribunal Constitucional pode reverter leis que considere contr\u00e1rias \u00e0 Constitui\u00e7\u00e3o. No entanto, apesar dos temores suscitados pela defesa da fam\u00edlia e dos valores cat\u00f3licos da extrema direita, n\u00e3o s\u00e3o esperadas grandes mudan\u00e7as a n\u00edvel legislativo em quest\u00f5es sociais.<br \/>\nNada indica, por exemplo, a regulamenta\u00e7\u00e3o do aborto ser\u00e1 mexida, pelo menos na esfera legal, embora sua aplica\u00e7\u00e3o possa ser dificultada. Meloni deixou claro que n\u00e3o pretende revogar a lei que autoriza o aborto, que est\u00e1 em vigor desde 1978 e conta com forte apoio. Uma tentativa de revog\u00e1-la foi rejeitada em um referendo em 1981 por quase 70% dos eleitores.<br \/>\nO mesmo vale para os direitos homossexuais. As uni\u00f5es civis de pessoas do mesmo sexo s\u00e3o permitidas desde 2016 e, embora n\u00e3o haja consenso a favor do casamento gay, tamb\u00e9m n\u00e3o h\u00e1 urg\u00eancia em elimin\u00e1-las.<br \/>\nEnquanto isso, em termos de natalidade, ela poderia tentar lan\u00e7ar um pacote de ajuda para fam\u00edlias com filhos, mas a alta d\u00edvida p\u00fablica da It\u00e1lia deixa pouca margem para manobra.<br \/>\nO que se espera \u00e9 uma ofensiva contra a migra\u00e7\u00e3o ilegal. Defende-se a adequa\u00e7\u00e3o dos recursos das for\u00e7as de ordem p\u00fablica \u00e0s necessidades de controle do territ\u00f3rio, assim como a defesa das fronteiras e o bloqueio da chegada de barcos com imigrantes.<br \/>\nNo entanto, quando Matteo Salvini esteve pela \u00faltima vez no governo, entre 2018 e 2019, ele prometeu a mesma coisa, mas esbarrou no direito internacional e nas regras da Uni\u00e3o Europeia, que imp\u00f5em limites ao que pode ser feito.<br \/>\n\u00c9 preciso levar em conta que o direito europeu est\u00e1 acima do direito nacional, por isso o Tribunal da Uni\u00e3o Europeia pode anular qualquer medida que considere contr\u00e1ria ao direito comunit\u00e1rio.<br \/>\nAcordos e rela\u00e7\u00e3o com a UE<br \/>\n&#8220;O primeiro-ministro da Hungria, Viktor Orb\u00e1n, \u00e9 um aliado muito importante para Meloni, n\u00e3o s\u00f3 ideologicamente, mas tamb\u00e9m pelos valores ultraconservadores que defendem. A n\u00edvel europeu, este pode ser um polo de discuss\u00e3o interessante com a Uni\u00e3o Europeia&#8221;, explica \u00e0 BBC News Mundo, servi\u00e7o de not\u00edcias da BBC em espanhol, o analista pol\u00edtico Franco Delle Donne, criador do podcast Epidemia Ultra.<br \/>\n&#8220;Isso pode criar uma esp\u00e9cie de oposi\u00e7\u00e3o interna dentro da Uni\u00e3o Europeia, mas ao mesmo tempo vai estar condicionada a todos os fundos que a It\u00e1lia recebe, especialmente se voc\u00ea levar em conta o antecedente da san\u00e7\u00e3o que a Hungria receber\u00e1 se n\u00e3o permanecer na linha com a Uni\u00e3o Europeia&#8221;, acrescenta o especialista.<br \/>\nNa opini\u00e3o dele, este ser\u00e1 um dos principais desafios do novo governo, &#8220;principalmente porque ela prometeu muitas coisas que custam muito dinheiro&#8221; \u2014 e tentar\u00e1 rapidamente desviar o discurso pol\u00edtico para outras quest\u00f5es que n\u00e3o s\u00e3o quest\u00f5es econ\u00f4micas.<br \/>\nEm mat\u00e9ria fiscal, os partidos que v\u00e3o compor o novo governo italiano j\u00e1 propuseram redu\u00e7\u00e3o de impostos na campanha. Meloni tentar\u00e1 reverter algumas das reformas que o ex-primeiro-ministro Mario Draghi introduziu em um esfor\u00e7o para impulsionar o crescimento em um pa\u00eds onerado por problemas estruturais, culturais e demogr\u00e1ficos.<br \/>\nSe o novo governo afrouxar a disciplina fiscal e fizer revis\u00f5es significativas na agenda de reformas acordada pelo governo anterior, poder\u00e1 colocar em risco um plano de gasto de cerca de 200 bilh\u00f5es de euros dos fundos de recupera\u00e7\u00e3o europeus aprovados para fazer frente aos estragos da pandemia de covid-19. Para receber a pr\u00f3xima parcela de fundos em dezembro, Roma precisa cumprir 55 novas metas.<br \/>\n&#8220;Mesmo um governo de direita n\u00e3o gostaria de incomodar Bruxelas, de cujo dinheiro depende em muitas \u00e1reas&#8221;, disse  J\u00f6rg Kr\u00e4mer, especialista do Commerzbank, ao jornal alem\u00e3o Der Spiegel.<br \/>\nDraghi, que foi presidente do Banco Central Europeu no auge da crise financeira da Europa h\u00e1 uma d\u00e9cada, tem resistido consistentemente \u00e0 press\u00e3o pol\u00edtica para aumentar o d\u00e9ficit or\u00e7ament\u00e1rio. E este pode ser um dos primeiros dilemas com os quais um governo de Meloni teria que lidar.<br \/>\nSeu primeiro teste ser\u00e1 o or\u00e7amento fiscal, que deve ser aprovado em um cronograma apertado no outono do hemisf\u00e9rio norte. Os banqueiros temem que o novo governo perca o controle da alta d\u00edvida da It\u00e1lia (US$ 2,7 bilh\u00f5es, ou seja, mais de 150% do Produto Interno Bruto).<br \/>\nAl\u00e9m disso, o bloco de direita tamb\u00e9m se op\u00f4s a reformar um sistema tribut\u00e1rio ultrapassado e \u00e0 liberaliza\u00e7\u00e3o da concorr\u00eancia, duas reformas importantes prometidas por Draghi para se qualificar para os fundos da Uni\u00e3o Europeia.<br \/>\nGrande apoio dos italianos \u00e0 Uni\u00e3o Europeia e ao euro<br \/>\nApesar de todos os alertas, o grande apoio que ainda existe entre a popula\u00e7\u00e3o italiana em rela\u00e7\u00e3o \u00e0 Uni\u00e3o Europeia parece indicar uma posi\u00e7\u00e3o mais branda da futura primeira-ministra em Bruxelas.<br \/>\n&#8220;Nas \u00faltimas etapas da campanha, ela tentou se mostrar um pouco mais moderada, em termos de euroceticismo&#8221;, diz Delle Donne.<br \/>\n\u00c9 verdade que, assim como Salvini, Meloni j\u00e1 falou no passado em eliminar o euro ou at\u00e9 mesmo deixar o bloco. Mas ambos entenderam que a ades\u00e3o \u00e0 Uni\u00e3o Europeia \u00e9 popular na It\u00e1lia, onde 71% da popula\u00e7\u00e3o apoia o euro.<br \/>\n&#8220;A It\u00e1lia agora faz parte deste grande bloco que \u00e9 a Uni\u00e3o Europeia e de acordos internacionais que n\u00e3o podem ser simplesmente renegociados da noite para o dia&#8221;, disse \u00e0 ag\u00eancia de not\u00edcias Reuters Davide Angelucci, analista pol\u00edtico da Universidade Luiss, na It\u00e1lia.<br \/>\n&#8220;Tamb\u00e9m temos que estar, como pa\u00eds, dentro de institui\u00e7\u00f5es como a Uni\u00e3o Europeia devido aos problemas estruturais que temos. Pensemos na d\u00edvida p\u00fablica deste pa\u00eds e em todas as fragilidades dos elementos estruturais da nossa economia. Precisamos da Uni\u00e3o Europeia, tanto quanto a Uni\u00e3o Europeia precisa da It\u00e1lia&#8221;, acrescentou.<br \/>\nComo resultado, o novo governo estar\u00e1 limitado. Uma ruptura interromperia a oferta de dinheiro e significaria que a It\u00e1lia n\u00e3o seria mais eleg\u00edvel para o apoio do novo mecanismo de compra de t\u00edtulos do Banco Central Europeu. Isso provocaria uma crise nos mercados, algo que o novo governo est\u00e1 ciente.<br \/>\nProblema russo<br \/>\nDiferentemente de Salvini e Berlusconi, ou at\u00e9 mesmo de Le Pen e Orb\u00e1n, Meloni n\u00e3o apoia o presidente russo, Vladimir Putin. Desde a invas\u00e3o da Ucr\u00e2nia, ela tem sido uma voz firme e forte em apoio \u00e0 Ucr\u00e2nia e \u00e0 Organiza\u00e7\u00e3o do Tratado do Atl\u00e2ntico Norte (Otan).<br \/>\n&#8220;A quest\u00e3o de Putin e da R\u00fassia \u00e9 interessante, porque \u00e9 uma contradi\u00e7\u00e3o que existe em muitas forma\u00e7\u00f5es de direita radical, especialmente na Europa Ocidental&#8221;, explica Delle Donne.<br \/>\n&#8220;Trata-se da quest\u00e3o de ter Putin, at\u00e9 o in\u00edcio da guerra, como uma esp\u00e9cie de modelo, de um l\u00edder que pudesse encarnar ou representar os interesses nacionais de um pa\u00eds independente de uma organiza\u00e7\u00e3o supranacional como a Uni\u00e3o Europeia, que \u00e9 pura burocracia e algo negativo para o desenvolvimento de cada pa\u00eds e para a identidade. Mas a guerra fez surgir contradi\u00e7\u00f5es internas&#8221;, afirma o especialista.<br \/>\nSegundo Delle Donne, um dos problemas de Meloni ser\u00e1 lidar com a postura pr\u00f3-R\u00fassia de pol\u00edticos como Orb\u00e1n.<br \/>\n&#8220;Se manifestar contra Putin a colocaria contra alguns aliados muito importantes a n\u00edvel europeu.&#8221;<br \/>\nEla tamb\u00e9m ter\u00e1 que resolver este problema dentro de sua coaliz\u00e3o.<br \/>\n&#8220;Lembremos que Salvini tamb\u00e9m era uma esp\u00e9cie de aliado de Putin. Acho que a\u00ed ela ter\u00e1 uma quest\u00e3o para resolver, assim como acontece com Orb\u00e1n.&#8221;<br \/>\nA solu\u00e7\u00e3o vir\u00e1 por meio da sua capacidade de construir uma agenda.<br \/>\n&#8220;Vamos ver se ela \u00e9 capaz de fazer a opini\u00e3o p\u00fablica italiana atentar para outras quest\u00f5es que para a direita radical s\u00e3o mais importantes, ou melhor, mais eficientes na hora de gerar discuss\u00f5es, como a migra\u00e7\u00e3o e tudo o que deriva da\u00ed, como seguran\u00e7a.&#8221;<br \/>\n&#8220;Se ela conseguir colocar as quest\u00f5es relevantes do debate p\u00fablico em torno disso, pode ser que n\u00e3o precise se posicionar sobre a guerra na Ucr\u00e2nia. Agora, h\u00e1 uma coisa que ela n\u00e3o ser\u00e1 capaz de controlar, e \u00e9 se a infla\u00e7\u00e3o e os pre\u00e7os da energia dispararem e as san\u00e7\u00f5es contra a R\u00fassia aparecerem novamente, a\u00ed ela vai ter uma complica\u00e7\u00e3o, porque teria que decidir de que lado est\u00e1. Por enquanto, seria do lado do Ocidente e contra a R\u00fassia, mas vai ter que deixar claro, e a\u00ed pode decepcionar muita gente entre seus eleitores&#8221;, avalia Delle Donne.<br \/>\n&#8211; Este texto foi publicado em https:\/\/www.bbc.com\/portuguese\/internacional-63045625<br \/>\nSabia que a BBC est\u00e1 tamb\u00e9m no Telegram? Inscreva-se no canal.<br \/>\nJ\u00e1 assistiu aos nossos novos v\u00eddeos no YouTube? Inscreva-se no nosso canal!<br \/>\n<iframe title=\"Entenda o papel da monarquia brit\u00e2nica\" width=\"788\" height=\"443\" src=\"https:\/\/www.youtube.com\/embed\/zGNYQ28_KRg?feature=oembed\" frameborder=\"0\" allow=\"accelerometer; autoplay; clipboard-write; encrypted-media; gyroscope; picture-in-picture\" allowfullscreen><\/iframe><br \/>\n<iframe title=\"Quem \u00e9 o rei Charles 3\u00ba?\" width=\"788\" height=\"443\" src=\"https:\/\/www.youtube.com\/embed\/O4Zt37-xjA0?feature=oembed\" frameborder=\"0\" allow=\"accelerometer; autoplay; clipboard-write; encrypted-media; gyroscope; picture-in-picture\" allowfullscreen><\/iframe><br \/>\n<iframe title=\"O casamento real brit\u00e2nico em 1947\" width=\"788\" height=\"443\" src=\"https:\/\/www.youtube.com\/embed\/VxzOtJF7C8o?feature=oembed\" frameborder=\"0\" allow=\"accelerometer; autoplay; clipboard-write; encrypted-media; gyroscope; picture-in-picture\" allowfullscreen><\/iframe><\/p>\n","protected":false},"excerpt":{"rendered":"<p>O novo governo italiano ter\u00e1 que lidar com a press\u00e3o de Bruxelas para realizar reformas econ\u00f4micas e com a guerra na Ucr\u00e2nia, na qual ter\u00e1 que definir sua posi\u00e7\u00e3o em rela\u00e7\u00e3o a Putin. A vit\u00f3ria da extrema direita nas elei\u00e7\u00f5es na It\u00e1lia pela primeira vez desde a Segunda Guerra Mundial fez soar o alerta na<\/p>\n","protected":false},"author":1,"featured_media":5077,"comment_status":"open","ping_status":"open","sticky":false,"template":"","format":"standard","meta":{"om_disable_all_campaigns":false,"_monsterinsights_skip_tracking":false,"_monsterinsights_sitenote_active":false,"_monsterinsights_sitenote_note":"","_monsterinsights_sitenote_category":0,"footnotes":""},"categories":[47],"tags":[],"class_list":{"0":"post-5076","1":"post","2":"type-post","3":"status-publish","4":"format-standard","5":"has-post-thumbnail","7":"category-mundo"},"_links":{"self":[{"href":"https:\/\/comandogeraldanoticia.com.br\/index.php\/wp-json\/wp\/v2\/posts\/5076","targetHints":{"allow":["GET"]}}],"collection":[{"href":"https:\/\/comandogeraldanoticia.com.br\/index.php\/wp-json\/wp\/v2\/posts"}],"about":[{"href":"https:\/\/comandogeraldanoticia.com.br\/index.php\/wp-json\/wp\/v2\/types\/post"}],"author":[{"embeddable":true,"href":"https:\/\/comandogeraldanoticia.com.br\/index.php\/wp-json\/wp\/v2\/users\/1"}],"replies":[{"embeddable":true,"href":"https:\/\/comandogeraldanoticia.com.br\/index.php\/wp-json\/wp\/v2\/comments?post=5076"}],"version-history":[{"count":0,"href":"https:\/\/comandogeraldanoticia.com.br\/index.php\/wp-json\/wp\/v2\/posts\/5076\/revisions"}],"wp:featuredmedia":[{"embeddable":true,"href":"https:\/\/comandogeraldanoticia.com.br\/index.php\/wp-json\/wp\/v2\/media\/5077"}],"wp:attachment":[{"href":"https:\/\/comandogeraldanoticia.com.br\/index.php\/wp-json\/wp\/v2\/media?parent=5076"}],"wp:term":[{"taxonomy":"category","embeddable":true,"href":"https:\/\/comandogeraldanoticia.com.br\/index.php\/wp-json\/wp\/v2\/categories?post=5076"},{"taxonomy":"post_tag","embeddable":true,"href":"https:\/\/comandogeraldanoticia.com.br\/index.php\/wp-json\/wp\/v2\/tags?post=5076"}],"curies":[{"name":"wp","href":"https:\/\/api.w.org\/{rel}","templated":true}]}}