{"id":4825,"date":"2022-09-26T13:10:38","date_gmt":"2022-09-26T13:10:38","guid":{"rendered":"https:\/\/comandogeraldanoticia.com.br\/index.php\/2022\/09\/26\/o-povo-e-o-amor-por-camacari-a-historia-de-dona-domingas\/"},"modified":"2022-09-26T13:10:38","modified_gmt":"2022-09-26T13:10:38","slug":"o-povo-e-o-amor-por-camacari-a-historia-de-dona-domingas","status":"publish","type":"post","link":"https:\/\/comandogeraldanoticia.com.br\/index.php\/2022\/09\/26\/o-povo-e-o-amor-por-camacari-a-historia-de-dona-domingas\/","title":{"rendered":"O povo e o amor por Cama\u00e7ari \u2013 a hist\u00f3ria de Dona Domingas"},"content":{"rendered":"<p>A diversidade \u00e9 uma marca do povo de Cama\u00e7ari, que acolhe pessoas vindas de diversas cidades e estados. A hist\u00f3ria do amor de Maria Domingas da Silva Magalh\u00e3es, 68 anos, conhecida como Dona Domingas, pelo munic\u00edpio se confunde com a de milhares, que escolheram Cama\u00e7ari para viver, trabalhar, criar filhos e ser feliz.<\/p>\n<p>H\u00e1 42 anos, Dona Domingas, que \u00e9 natural de S\u00e3o Sebasti\u00e3o do Pass\u00e9, do lugarejo Buranh\u00e9m, chegou ao munic\u00edpio com o esposo, j\u00e1 falecido. Ele veio para trabalhar na \u00e9poca no Polo Petroqu\u00edmico, hoje Polo Industrial, e trouxe a esposa e tr\u00eas filhos, Djan, Deise e Danili, aqui, a fam\u00edlia aumentou com a chegada de Daniela.\u201cJ\u00e1 gostei de Cama\u00e7ari desde a primeira vez\u201d, relata ao explicar que veio ao munic\u00edpio para fazer uma visita.<\/p>\n<p>Ela mora na Gleba C, mas \u00e9 conhecida por todos os cantos do munic\u00edpio, muito disso, em rela\u00e7\u00e3o ao trabalho desenvolvido no Conselho Tutelar. \u201cOs meninos cresceram e eu sempre fazendo curso, adorava, era de secretariado, entre outros. Quando eu fiz 38 anos, fiz magist\u00e9rio, com essa idade. Da\u00ed eu ensinei tr\u00eas anos em uma escola particular e, de l\u00e1, surgiu uma proposta de ser Conselheira Tutelar \u2013 por ser id\u00f4nea, respons\u00e1vel \u2013 ent\u00e3o eu fiz a inscri\u00e7\u00e3o a 1\u00aa vez, ficando at\u00e9 2020, s\u00f3 que intercalando, porque \u00e9 eleita por tr\u00eas anos, ficava mais tr\u00eas fora e voltava, com essas idas e vindas fiquei 16 anos\u201d, afirmou.<\/p>\n<p>Com muita alegria, Dona Domingas fala da experi\u00eancia de trabalhar por tantos anos em uma \u00e1rea t\u00e3o importante, \u201cadoro trabalhar com o povo, gosto demais de encontrar na rua, porque nunca deixo de ser conselheira, dizem que \u2018uma vez conselheira, sempre conselheira\u2019. Pessoas que me encontram, que conseguem meu telefone, que descobre onde eu moro, e eu sempre dando orienta\u00e7\u00e3o \u00e0s que v\u00eam me procurar, tratando-se de crian\u00e7as e adolescentes\u201d.<\/p>\n<p>Por estar h\u00e1 tanto tempo no munic\u00edpio, ela acompanhou com satisfa\u00e7\u00e3o o crescimento de Cama\u00e7ari. \u201c\u00c9 uma terra que eu adoro, uma cidade linda, do Polo Petroqu\u00edmico. Evoluiu bastante, uma coisa que est\u00e1 me satisfazendo \u00e9 ver aquela Esta\u00e7\u00e3o (Centro Hist\u00f3rico), que \u00e9 minha recorda\u00e7\u00e3o de andar no trem, sendo restaurada\u201d, disse ao complementar, \u201cmas o que mais gosto de Cama\u00e7ari \u00e9 a conviv\u00eancia com o povo. At\u00e9 hoje me sinto acolhida por pessoas em cada lugar que vou e, principalmente, pelas pessoas que eu atendia no Conselho Tutelar\u201d, concluiu de forma sorridente e carinhosa.<\/p>\n<p>Esta mat\u00e9ria \u00e9 em comemora\u00e7\u00e3o ao anivers\u00e1rio de 264 anos da emancipa\u00e7\u00e3o pol\u00edtica de Cama\u00e7ari. Ela retrata a hist\u00f3ria do povo, que chegou, criou la\u00e7os e com amor e dedica\u00e7\u00e3o transformou o munic\u00edpio em um dos maiores do estado, e, por isso Dona Domingas deseja \u201cque Cama\u00e7ari cres\u00e7a, seja muito feliz e que tenha muitos e muitos anos de vida ainda, sempre prestigiando aos moradores que est\u00e3o e os que vir\u00e3o\u201d.<\/p>\n<p>A fam\u00edlia criou ra\u00edzes em Cama\u00e7ari e delas vieram as netas, Maria Clara, 15 anos, Maria Eduarda, 11 anos, e Ayla, 7 anos. Para elas, o sonho de Mingas, como os \u00edntimos a chamam, \u00e9 que a cidade continue evoluindo. \u201cEspero que daqui para frente Cama\u00e7ari h\u00e1 de progredir, para que elas tenham acesso \u00e0s diversas escolhas delas, tanto no estudo quanto no trabalho, e nas outras oportunidades que vir\u00e3o. De ser aqui dentro de Cama\u00e7ari, que n\u00e3o precise sair\u201d, afirmou a moradora que, por amor, n\u00e3o pretende deixar a cidade.<\/p>\n<figure class=\"wp-container-2 wp-block-gallery-1 wp-block-gallery has-nested-images columns-default is-cropped\">\n<figure class=\"wp-block-image size-large\"><img fetchpriority=\"high\" decoding=\"async\" width=\"1024\" height=\"683\" data-id=\"181669\" src=\"https:\/\/www.camacari.ba.gov.br\/wp-content\/uploads\/2022\/09\/outros-especial-264-anos-camacari-povo-jean-victor-13.9.22-1-1024x683.jpg\" alt=\"\" class=\"wp-image-181669\" srcset=\"https:\/\/www.camacari.ba.gov.br\/wp-content\/uploads\/2022\/09\/outros-especial-264-anos-camacari-povo-jean-victor-13.9.22-1-1024x683.jpg 1024w, https:\/\/www.camacari.ba.gov.br\/wp-content\/uploads\/2022\/09\/outros-especial-264-anos-camacari-povo-jean-victor-13.9.22-1-300x200.jpg 300w, https:\/\/www.camacari.ba.gov.br\/wp-content\/uploads\/2022\/09\/outros-especial-264-anos-camacari-povo-jean-victor-13.9.22-1-768x512.jpg 768w, https:\/\/www.camacari.ba.gov.br\/wp-content\/uploads\/2022\/09\/outros-especial-264-anos-camacari-povo-jean-victor-13.9.22-1.jpg 2048w\" sizes=\"(max-width: 1024px) 100vw, 1024px\"><figcaption> Maria Domingas<\/figcaption><\/figure>\n<figure class=\"wp-block-image size-large\"><img loading=\"lazy\" decoding=\"async\" loading=\"lazy\" width=\"1024\" height=\"683\" data-id=\"181670\" src=\"https:\/\/www.camacari.ba.gov.br\/wp-content\/uploads\/2022\/09\/outros-especial-264-anos-camacari-povo-jean-victor-13.9.22-2-1024x683.jpg\" alt=\"\" class=\"wp-image-181670\" srcset=\"https:\/\/www.camacari.ba.gov.br\/wp-content\/uploads\/2022\/09\/outros-especial-264-anos-camacari-povo-jean-victor-13.9.22-2-1024x683.jpg 1024w, https:\/\/www.camacari.ba.gov.br\/wp-content\/uploads\/2022\/09\/outros-especial-264-anos-camacari-povo-jean-victor-13.9.22-2-300x200.jpg 300w, https:\/\/www.camacari.ba.gov.br\/wp-content\/uploads\/2022\/09\/outros-especial-264-anos-camacari-povo-jean-victor-13.9.22-2-768x512.jpg 768w, https:\/\/www.camacari.ba.gov.br\/wp-content\/uploads\/2022\/09\/outros-especial-264-anos-camacari-povo-jean-victor-13.9.22-2.jpg 2048w\" sizes=\"auto, (max-width: 1024px) 100vw, 1024px\"><\/figure><figcaption class=\"blocks-gallery-caption\">Foto: Jean Victor<\/figcaption><\/figure>\n","protected":false},"excerpt":{"rendered":"<p>A diversidade \u00e9 uma marca do povo de Cama\u00e7ari, que acolhe pessoas vindas de diversas cidades e estados. A hist\u00f3ria do amor de Maria Domingas da Silva Magalh\u00e3es, 68 anos, conhecida como Dona Domingas, pelo munic\u00edpio se confunde com a de milhares, que escolheram Cama\u00e7ari para viver, trabalhar, criar filhos e ser feliz. H\u00e1 42<\/p>\n","protected":false},"author":1,"featured_media":4826,"comment_status":"open","ping_status":"open","sticky":false,"template":"","format":"standard","meta":{"om_disable_all_campaigns":false,"_monsterinsights_skip_tracking":false,"_monsterinsights_sitenote_active":false,"_monsterinsights_sitenote_note":"","_monsterinsights_sitenote_category":0,"footnotes":""},"categories":[40],"tags":[],"class_list":{"0":"post-4825","1":"post","2":"type-post","3":"status-publish","4":"format-standard","5":"has-post-thumbnail","7":"category-camacari"},"_links":{"self":[{"href":"https:\/\/comandogeraldanoticia.com.br\/index.php\/wp-json\/wp\/v2\/posts\/4825","targetHints":{"allow":["GET"]}}],"collection":[{"href":"https:\/\/comandogeraldanoticia.com.br\/index.php\/wp-json\/wp\/v2\/posts"}],"about":[{"href":"https:\/\/comandogeraldanoticia.com.br\/index.php\/wp-json\/wp\/v2\/types\/post"}],"author":[{"embeddable":true,"href":"https:\/\/comandogeraldanoticia.com.br\/index.php\/wp-json\/wp\/v2\/users\/1"}],"replies":[{"embeddable":true,"href":"https:\/\/comandogeraldanoticia.com.br\/index.php\/wp-json\/wp\/v2\/comments?post=4825"}],"version-history":[{"count":0,"href":"https:\/\/comandogeraldanoticia.com.br\/index.php\/wp-json\/wp\/v2\/posts\/4825\/revisions"}],"wp:featuredmedia":[{"embeddable":true,"href":"https:\/\/comandogeraldanoticia.com.br\/index.php\/wp-json\/wp\/v2\/media\/4826"}],"wp:attachment":[{"href":"https:\/\/comandogeraldanoticia.com.br\/index.php\/wp-json\/wp\/v2\/media?parent=4825"}],"wp:term":[{"taxonomy":"category","embeddable":true,"href":"https:\/\/comandogeraldanoticia.com.br\/index.php\/wp-json\/wp\/v2\/categories?post=4825"},{"taxonomy":"post_tag","embeddable":true,"href":"https:\/\/comandogeraldanoticia.com.br\/index.php\/wp-json\/wp\/v2\/tags?post=4825"}],"curies":[{"name":"wp","href":"https:\/\/api.w.org\/{rel}","templated":true}]}}