{"id":4823,"date":"2022-09-26T13:10:23","date_gmt":"2022-09-26T13:10:23","guid":{"rendered":"https:\/\/comandogeraldanoticia.com.br\/index.php\/2022\/09\/26\/ian-se-torna-furacao-de-categoria-1-enquanto-se-aproxima-da-florida\/"},"modified":"2022-09-26T13:10:23","modified_gmt":"2022-09-26T13:10:23","slug":"ian-se-torna-furacao-de-categoria-1-enquanto-se-aproxima-da-florida","status":"publish","type":"post","link":"https:\/\/comandogeraldanoticia.com.br\/index.php\/2022\/09\/26\/ian-se-torna-furacao-de-categoria-1-enquanto-se-aproxima-da-florida\/","title":{"rendered":"Ian se torna furac\u00e3o de categoria 1 enquanto se aproxima da Fl\u00f3rida"},"content":{"rendered":"<p><img decoding=\"async\" src=\"https:\/\/s2.glbimg.com\/4qUQrqVEoy07Ck8GsMzSFdxOdxQ=\/i.s3.glbimg.com\/v1\/AUTH_59edd422c0c84a879bd37670ae4f538a\/internal_photos\/bs\/2022\/M\/c\/GvF3ZWQMOvrL8hsJUcSg\/2022-09-25t171009z-1990511424-rc2how959k8n-rtrmadp-3-storm-ian.jpg\"><br \/>   No momento, tempestade est\u00e1 se chegando em Cuba. Furac\u00e3o Ian se aproximando de Cuba em imagem de sat\u00e9lite<br \/>\nNOAA\/Reprodu\u00e7\u00e3o via REUTERS<br \/>\nA tempestade tropical Ian se fortaleceu e tornou-se um furac\u00e3o de categoria 1 ao se aproximar de Cuba, indicou um boletim do Centro Nacional de Furac\u00f5es dos Estados Unidos nesta segunda-feira (26).<br \/>\n&#8220;Ian se torna um furac\u00e3o&#8221;, afirmou o NHC, alertando que &#8220;hoje se espera um r\u00e1pido fortalecimento adicional&#8221;.<br \/>\nComo s\u00e3o escolhidos os nomes dos furac\u00f5es?<br \/>\nA tempestade avan\u00e7a para noroeste em dire\u00e7\u00e3o a Cuba e \u00e0s Ilhas Cayman, com ventos m\u00e1ximos sustentados de 120 quil\u00f4metros por hora, disse a ag\u00eancia de meteorologia.<br \/>\nO oeste de Cuba deve sofrer o impacto da tempestade nesta segunda-feira e o NHC alertou para &#8220;impactos significativos de ventos e tempestades&#8221;.<br \/>\nSupermercados de Tampa Bay come\u00e7am a mostrar pratileiras vazias pela alta procura<br \/>\nMatt Cohen\/Tampa Bay Times via AP<br \/>\nNos Estados Unidos, os habitantes da Fl\u00f3rida se preparavam tamb\u00e9m para a chegada iminente da tempestade e o NHC emitiu um alerta de furac\u00e3o para a costa oeste.<br \/>\nNo domingo, o governador da Fl\u00f3rida, Ron DeSantis, declarou estado de emerg\u00eancia em 67 condados e as autoridades se preparam para a chegada da tempestade.<br \/>\n&#8220;Espera-se intensas chuvas, fortes ventos, r\u00e1pidas inunda\u00e7\u00f5es e inclusive tornados isolados&#8221;, indicou DeSantis \u00e0 imprensa no domingo.<br \/>\nCivis de Tampa Bay, na Fl\u00f3rida, encaram filas de at\u00e9 2 horas para pegar sacos de areia distribu\u00eddos pelo governo<br \/>\nLuis Santana\/Tampa Bay Times via AP<br \/>\nO governador pediu aos moradores que se abaste\u00e7am de comida, \u00e1gua, medicamentos e combust\u00edvel e se preparem para cortes de energia el\u00e9trica.<br \/>\nDeSantis mobilizou 2.500 membros da Guarda Nacional para a regi\u00e3o.<br \/>\nAs autoridades de v\u00e1rios lugares deste estado do sudeste dos Estados Unidos, incluindo Miami, Fort Lauderdale e Tampa, come\u00e7aram a distribuir sacos de areia gratuitos entre os moradores para ajud\u00e1-los a proteger suas fam\u00edlias do risco de inunda\u00e7\u00f5es.<br \/>\nO presidente dos Estados Unidos, Joe Biden, tamb\u00e9m decretou o estado de emerg\u00eancia na Fl\u00f3rida, o qual permite liberar fundos de ajuda federal.<br \/>\nImagem de sat\u00e9lite mostra forma\u00e7\u00e3o do furac\u00e3o Ian<br \/>\nNOAA via AP<br \/>\n&#8220;Nunca \u00e9 cedo demais para se preparar&#8221;, tuitou a prefeita de Tampa, Jane Castor.<br \/>\nO Caribe e algumas \u00e1reas do leste do Canad\u00e1 ainda avaliam os danos provocados pela tempestade Fiona, que arrasou a regi\u00e3o na semana passada.<br \/>\nFiona deixou sete mortos ao passar pelo Caribe: quatro no territ\u00f3rio americano de Porto Rico, dois na Rep\u00fablica Dominicana e na ilha de Guadalupe.<\/p>\n","protected":false},"excerpt":{"rendered":"<p>No momento, tempestade est\u00e1 se chegando em Cuba. Furac\u00e3o Ian se aproximando de Cuba em imagem de sat\u00e9lite NOAA\/Reprodu\u00e7\u00e3o via REUTERS A tempestade tropical Ian se fortaleceu e tornou-se um furac\u00e3o de categoria 1 ao se aproximar de Cuba, indicou um boletim do Centro Nacional de Furac\u00f5es dos Estados Unidos nesta segunda-feira (26). &#8220;Ian se<\/p>\n","protected":false},"author":1,"featured_media":4824,"comment_status":"open","ping_status":"open","sticky":false,"template":"","format":"standard","meta":{"om_disable_all_campaigns":false,"_monsterinsights_skip_tracking":false,"_monsterinsights_sitenote_active":false,"_monsterinsights_sitenote_note":"","_monsterinsights_sitenote_category":0,"footnotes":""},"categories":[47],"tags":[],"class_list":{"0":"post-4823","1":"post","2":"type-post","3":"status-publish","4":"format-standard","5":"has-post-thumbnail","7":"category-mundo"},"_links":{"self":[{"href":"https:\/\/comandogeraldanoticia.com.br\/index.php\/wp-json\/wp\/v2\/posts\/4823","targetHints":{"allow":["GET"]}}],"collection":[{"href":"https:\/\/comandogeraldanoticia.com.br\/index.php\/wp-json\/wp\/v2\/posts"}],"about":[{"href":"https:\/\/comandogeraldanoticia.com.br\/index.php\/wp-json\/wp\/v2\/types\/post"}],"author":[{"embeddable":true,"href":"https:\/\/comandogeraldanoticia.com.br\/index.php\/wp-json\/wp\/v2\/users\/1"}],"replies":[{"embeddable":true,"href":"https:\/\/comandogeraldanoticia.com.br\/index.php\/wp-json\/wp\/v2\/comments?post=4823"}],"version-history":[{"count":0,"href":"https:\/\/comandogeraldanoticia.com.br\/index.php\/wp-json\/wp\/v2\/posts\/4823\/revisions"}],"wp:featuredmedia":[{"embeddable":true,"href":"https:\/\/comandogeraldanoticia.com.br\/index.php\/wp-json\/wp\/v2\/media\/4824"}],"wp:attachment":[{"href":"https:\/\/comandogeraldanoticia.com.br\/index.php\/wp-json\/wp\/v2\/media?parent=4823"}],"wp:term":[{"taxonomy":"category","embeddable":true,"href":"https:\/\/comandogeraldanoticia.com.br\/index.php\/wp-json\/wp\/v2\/categories?post=4823"},{"taxonomy":"post_tag","embeddable":true,"href":"https:\/\/comandogeraldanoticia.com.br\/index.php\/wp-json\/wp\/v2\/tags?post=4823"}],"curies":[{"name":"wp","href":"https:\/\/api.w.org\/{rel}","templated":true}]}}