{"id":4821,"date":"2022-09-26T13:10:24","date_gmt":"2022-09-26T13:10:24","guid":{"rendered":"https:\/\/comandogeraldanoticia.com.br\/index.php\/2022\/09\/26\/desaparecimento-de-43-estudantes-no-mexico-continua-sem-solucao-apos-8-anos\/"},"modified":"2022-09-26T13:10:24","modified_gmt":"2022-09-26T13:10:24","slug":"desaparecimento-de-43-estudantes-no-mexico-continua-sem-solucao-apos-8-anos","status":"publish","type":"post","link":"https:\/\/comandogeraldanoticia.com.br\/index.php\/2022\/09\/26\/desaparecimento-de-43-estudantes-no-mexico-continua-sem-solucao-apos-8-anos\/","title":{"rendered":"Desaparecimento de 43 estudantes no M\u00e9xico continua sem solu\u00e7\u00e3o ap\u00f3s 8 anos"},"content":{"rendered":"<p><img decoding=\"async\" src=\"https:\/\/s2.glbimg.com\/-X52QSVEHgQDbZP7D3CFJW8Wcv0=\/i.s3.glbimg.com\/v1\/AUTH_59edd422c0c84a879bd37670ae4f538a\/internal_photos\/bs\/2022\/U\/D\/gV4e7TQlGAowPMoZWfOg\/bbc-mexico.jpg\"><br \/>   Caso exp\u00f4s as entranhas da corrup\u00e7\u00e3o no governo e a espiral de viol\u00eancia que j\u00e1 havia deixado milhares de mortos. O caso dos 43 estudantes desaparecidos abalou o M\u00e9xico.<br \/>\nGetty Images<br \/>\nO desaparecimento de 43 estudantes mexicanos em 26 de setembro de 2014 abalou a sociedade mexicana, expondo as entranhas da corrup\u00e7\u00e3o no governo e destacando a espiral de viol\u00eancia que j\u00e1 havia deixado milhares de mortos. Oito anos depois, ainda n\u00e3o se sabe o que realmente aconteceu.<br \/>\nA cerca de meia hora de carro da pequena e pacata cidade mexicana de Cocula, um dep\u00f3sito de lixo f\u00e9tido nas colinas j\u00e1 foi considerado a \u00faltima morada de 43 estudantes mexicanos que desapareceram quando voltavam juntos de um protesto.<br \/>\nFoi l\u00e1, em meio a pilhas de pl\u00e1sticos e detritos do dia a dia, que as autoridades mexicanas alegaram que membros dos Guerreros Unidos mataram e queimaram os jovens, todos alunos da Faculdade de Professores Rurais de Ayotzinapa, ap\u00f3s serem sequestrados por policiais corruptos na cidade vizinha de Iguala e entregues aos criminosos.<br \/>\nEm 2016, no entanto, investigadores independentes refutaram a teoria do governo de que os estudantes foram mortos e queimados no lix\u00e3o \u2014 uma das mentiras mais gritantes do caso que revelou a luta do M\u00e9xico contra a corrup\u00e7\u00e3o profundamente arraigada e a viol\u00eancia desenfreada.<br \/>\nOito anos depois, os restos mortais de apenas tr\u00eas estudantes foram identificados.<br \/>\n Agora, ap\u00f3s anos de intenso escrut\u00ednio e cr\u00edticas da opini\u00e3o p\u00fablica, uma comiss\u00e3o da verdade criada pelo atual presidente Andr\u00e9s Manuel L\u00f3pez Obrador reformulou o incidente como um &#8220;crime de Estado&#8221; e acobertamento, envolvendo dezenas de membros da quadrilha, soldados, autoridades locais, estaduais e federais que chegam at\u00e9 os mais altos n\u00edveis do governo do M\u00e9xico.<br \/>\nO povo continua a protestar contra o fracasso de dois governos sucessivos em descobrir a verdade sobre o que aconteceu.<br \/>\nNo anivers\u00e1rio de oito anos do sequestro, alguns dos principais envolvidos no caso foram presos, outros desapareceram e as autoridades e familiares ainda buscam respostas.<br \/>\nJes\u00fas Murillo Karam, ex-procurador-geral<br \/>\nNo dia 19 de agosto deste ano, o ex-procurador-geral do M\u00e9xico, Jes\u00fas Murillo Karam, foi preso por liga\u00e7\u00e3o com o caso.<br \/>\nComo procurador-geral do governo do presidente Enrique Pe\u00f1a Nieto, ele abriu a investiga\u00e7\u00e3o original sobre o desaparecimento dos estudantes.<br \/>\nJes\u00fas Murillo Karam era o procurador-geral na \u00e9poca do desaparecimento dos estudantes.<br \/>\nGetty Images<br \/>\nEle agora foi acusado de desaparecimento for\u00e7ado, tortura e obstru\u00e7\u00e3o da justi\u00e7a em rela\u00e7\u00e3o aos estudantes desaparecidos.<br \/>\nO sucessor de Pe\u00f1a Nieto, o presidente L\u00f3pez Obrador, disse que o papel de Murillo Karam em efetuar pris\u00f5es ilegais ap\u00f3s os desaparecimentos foi a &#8220;prova&#8221; de que ele supervisionou um vasto acobertamento destinado a proteger o governo federal da responsabilidade.<br \/>\nDiante do tribunal em 24 de agosto, Murillo Karam afirmou que, embora estivesse disposto a reconhecer alguns erros de investiga\u00e7\u00e3o, ningu\u00e9m ainda havia sido capaz de oferecer outra vers\u00e3o convincente do que aconteceu com os estudantes.<br \/>\nEle agora vai a julgamento. Embora nenhuma data tenha sido marcada, o juiz decidiu que ele permanecer\u00e1 em pris\u00e3o preventiva at\u00e9 ent\u00e3o.<br \/>\nTom\u00e1s Zer\u00f3n, ex-chefe da Ag\u00eancia de Investiga\u00e7\u00e3o Criminal do M\u00e9xico<br \/>\nO ex-diretor da agora extinta Ag\u00eancia de Investiga\u00e7\u00e3o Criminal do M\u00e9xico, Tom\u00e1s Zer\u00f3n, foi acusado pelo governo de L\u00f3pez Obrador de torturar testemunhas do caso \u2014 incluindo um membro do Guerreros Unidos \u2014 para ajudar a respaldar a vers\u00e3o do governo.<br \/>\nEle tamb\u00e9m \u00e9 acusado de supostamente manipular evid\u00eancias. E nega as acusa\u00e7\u00f5es, dizendo que elas t\u00eam motiva\u00e7\u00e3o pol\u00edtica.<br \/>\nAcredita-se que Tom\u00e1s Zer\u00f3n esteja em Israel.<br \/>\nGetty Images<br \/>\nEm 2019, Zer\u00f3n teria fugido para o Canad\u00e1 e, em julho de 2021, autoridades israelenses e mexicanas informaram que ele havia ido para Israel e pedido asilo. Desde ent\u00e3o, o M\u00e9xico solicitou sua extradi\u00e7\u00e3o, o que o ministro das Rela\u00e7\u00f5es Exteriores, Marcelo Ebrard, disse ser &#8220;prioridade m\u00e1xima&#8221; para o governo de L\u00f3pez Obrador. As autoridades israelenses at\u00e9 agora n\u00e3o concederam o pedido.<br \/>\nDe acordo com o \u00faltimo relat\u00f3rio do governo mexicano, autoridades do governo tiveram uma reuni\u00e3o com Zer\u00f3n em Tel Aviv, em fevereiro deste ano, para discutir a possibilidade de ele retornar ao M\u00e9xico para responder ao processo. Ele permanece em Israel.<br \/>\nJos\u00e9 Luis Abarca, ex-prefeito de Iguala<br \/>\nO prefeito de Iguala em 2014, Jos\u00e9 Luis Abarca, fugiu da cidade junto com a esposa, Mar\u00eda de los Angeles Pineda, poucos dias ap\u00f3s o sequestro. Eles foram presos na Cidade do M\u00e9xico mais de um m\u00eas depois. Ambos continuam atr\u00e1s das grades, cumprindo pena por lavagem de dinheiro e liga\u00e7\u00e3o com o crime organizado.<br \/>\nApesar das acusa\u00e7\u00f5es de que ele estava envolvido no desaparecimento dos estudantes, alguns familiares dos 43 jovens o defenderam publicamente, realizando at\u00e9 mesmo uma passeata em Iguala, no m\u00eas passado, pedindo sua liberta\u00e7\u00e3o.<br \/>\nAutoridades mexicanas anunciaram a pris\u00e3o de Jos\u00e9 Luis Abarca em uma coletiva de imprensa em 2014.<br \/>\nGetty Images<br \/>\nEm 14 de setembro, um juiz o absolveu de qualquer responsabilidade pelo sequestro de Iguala, alegando falta de provas. Separadamente, ele enfrenta acusa\u00e7\u00f5es relacionadas ao assassinato de dois ativistas locais em 2013, al\u00e9m das acusa\u00e7\u00f5es de lavagem de dinheiro e liga\u00e7\u00e3o com o crime organizado.<br \/>\nRicardo Mej\u00eda, subsecret\u00e1rio de seguran\u00e7a p\u00fablica do M\u00e9xico, prometeu que o governo vai contestar a decis\u00e3o. Ele tamb\u00e9m descartou qualquer sugest\u00e3o de que o ex-prefeito seria posto em liberdade.<br \/>\nGuerreros Unidos<br \/>\nA quadrilha acusada de matar os estudantes, a Guerreros Unidos, ainda est\u00e1 ativa. Segundo as autoridades mexicanas, ela est\u00e1 fortemente envolvida em extors\u00f5es e sequestros no Estado de Guerrero e em outros dois Estados mexicanos. Acredita-se tamb\u00e9m que o grupo produz e trafica hero\u00edna do M\u00e9xico para os EUA. Atualmente, sup\u00f5e-se que a quadrilha seja aliada do Cartel Jalisco Nova Gera\u00e7\u00e3o, um dos mais poderosos do M\u00e9xico.<br \/>\nNo in\u00edcio de agosto, as autoridades mexicanas anunciaram que 14 membros n\u00e3o identificados da quadrilha estavam entre um grupo maior de 83 pessoas com mandado de pris\u00e3o decretado em rela\u00e7\u00e3o ao desaparecimento dos 43 estudantes. Outros 14 membros da quadrilha \u2014 assim como tr\u00eas de seus familiares \u2014 ligados ao caso morreram desde ent\u00e3o, alguns deles nas m\u00e3os de outros criminosos ou for\u00e7as de seguran\u00e7a mexicanas. Outros morreram de causas naturais.<br \/>\nHouve protestos em massa da popula\u00e7\u00e3o, exigindo saber o que aconteceu com os estudantes desaparecidos.<br \/>\nGetty Images<br \/>\nAs autoridades mexicanas tamb\u00e9m foram repetidamente acusadas de torturar supostos membros da gangue para obter confiss\u00f5es. A tortura e confiss\u00e3o de seis membros do Guerreros Unidos est\u00e3o no centro das acusa\u00e7\u00f5es do governo mexicano contra Murillo Karam.<br \/>\nOutro membro da quadrilha que acredita-se ter desempenhado um papel fundamental no incidente de Iguala, Juan Salgado Guzm\u00e1n, foi morto a tiros pela pol\u00edcia em setembro de 2021. O relat\u00f3rio recente do governo encontrou uma s\u00e9rie de &#8220;irregularidades&#8221; ligadas \u00e0 sua morte, levando as autoridades a concluir que ele havia sido &#8220;executado&#8221; sem provoca\u00e7\u00e3o, ap\u00f3s ser ferido e enquanto n\u00e3o representava mais uma amea\u00e7a para os policiais.<br \/>\nSoldados mexicanos fazendo buscas pelos estudantes desaparecidos em 2014.<br \/>\nGetty Images via BBC<br \/>\n Os militares mexicanos<br \/>\nGrande parte do mist\u00e9rio em torno do sequestro de Iguala gira em torno do envolvimento dos militares. As autoridades confirmaram que os militares tinham um informante viajando com os estudantes de Ayotzinapa no dia do desaparecimento \u2014 e que eles estavam cientes dos movimentos dos jovens antes do ataque. As autoridades mexicanas disseram que os militares n\u00e3o fizeram nada para encontrar o informante, que est\u00e1 entre aqueles que ainda est\u00e3o desaparecidos.<br \/>\nAl\u00e9m disso, os militares foram acusados \u200b\u200bpor especialistas de esconder informa\u00e7\u00f5es que poderiam ter ajudado a localizar os estudantes. Imagens de drone pareciam mostrar fuzileiros navais mexicanos \u2014 parte da Marinha \u2014 adulterando evid\u00eancias no lix\u00e3o de Cocula.<br \/>\nEm 15 de setembro, as autoridades mexicanas anunciaram a pris\u00e3o de um general aposentado do Ex\u00e9rcito, Jos\u00e9 Rodr\u00edguez P\u00e9rez, por liga\u00e7\u00e3o com o sequestro de Iguala. Rodr\u00edguez tinha a patente de coronel na \u00e9poca do incidente \u2014  e estava encarregado de uma unidade destacada em Iguala. Outros dois militares tamb\u00e9m foram presos.<br \/>\nN\u00e3o est\u00e1 claro que evid\u00eancias o governo tem contra Rodr\u00edguez. Alejandro Encinas, principal autoridade de direitos humanos do M\u00e9xico, disse a jornalistas que membros da gangue detiveram seis dos estudantes em um antigo armaz\u00e9m antes de entreg\u00e1-los ao ent\u00e3o coronel, que supostamente ordenou que fossem mortos e seus corpos descartados.<br \/>\nNo total, foram emitidos recentemente mandados de pris\u00e3o para 20 militares, incluindo comandantes e soldados dos dois diferentes batalh\u00f5es que estavam em Iguala na \u00e9poca.<br \/>\nApesar da promessa do governo mexicano de responsabilizar os militares por viola\u00e7\u00f5es de direitos humanos, muitas das quest\u00f5es levantadas pela investiga\u00e7\u00e3o inicial de Iguala parecem n\u00e3o ter sido abordadas.<br \/>\nEste texto foi publicado em https:\/\/www.bbc.com\/portuguese\/internacional-63031933<\/p>\n","protected":false},"excerpt":{"rendered":"<p>Caso exp\u00f4s as entranhas da corrup\u00e7\u00e3o no governo e a espiral de viol\u00eancia que j\u00e1 havia deixado milhares de mortos. O caso dos 43 estudantes desaparecidos abalou o M\u00e9xico. Getty Images O desaparecimento de 43 estudantes mexicanos em 26 de setembro de 2014 abalou a sociedade mexicana, expondo as entranhas da corrup\u00e7\u00e3o no governo e<\/p>\n","protected":false},"author":1,"featured_media":4822,"comment_status":"open","ping_status":"open","sticky":false,"template":"","format":"standard","meta":{"om_disable_all_campaigns":false,"_monsterinsights_skip_tracking":false,"_monsterinsights_sitenote_active":false,"_monsterinsights_sitenote_note":"","_monsterinsights_sitenote_category":0,"footnotes":""},"categories":[47],"tags":[],"class_list":{"0":"post-4821","1":"post","2":"type-post","3":"status-publish","4":"format-standard","5":"has-post-thumbnail","7":"category-mundo"},"_links":{"self":[{"href":"https:\/\/comandogeraldanoticia.com.br\/index.php\/wp-json\/wp\/v2\/posts\/4821","targetHints":{"allow":["GET"]}}],"collection":[{"href":"https:\/\/comandogeraldanoticia.com.br\/index.php\/wp-json\/wp\/v2\/posts"}],"about":[{"href":"https:\/\/comandogeraldanoticia.com.br\/index.php\/wp-json\/wp\/v2\/types\/post"}],"author":[{"embeddable":true,"href":"https:\/\/comandogeraldanoticia.com.br\/index.php\/wp-json\/wp\/v2\/users\/1"}],"replies":[{"embeddable":true,"href":"https:\/\/comandogeraldanoticia.com.br\/index.php\/wp-json\/wp\/v2\/comments?post=4821"}],"version-history":[{"count":0,"href":"https:\/\/comandogeraldanoticia.com.br\/index.php\/wp-json\/wp\/v2\/posts\/4821\/revisions"}],"wp:featuredmedia":[{"embeddable":true,"href":"https:\/\/comandogeraldanoticia.com.br\/index.php\/wp-json\/wp\/v2\/media\/4822"}],"wp:attachment":[{"href":"https:\/\/comandogeraldanoticia.com.br\/index.php\/wp-json\/wp\/v2\/media?parent=4821"}],"wp:term":[{"taxonomy":"category","embeddable":true,"href":"https:\/\/comandogeraldanoticia.com.br\/index.php\/wp-json\/wp\/v2\/categories?post=4821"},{"taxonomy":"post_tag","embeddable":true,"href":"https:\/\/comandogeraldanoticia.com.br\/index.php\/wp-json\/wp\/v2\/tags?post=4821"}],"curies":[{"name":"wp","href":"https:\/\/api.w.org\/{rel}","templated":true}]}}