{"id":4689,"date":"2022-09-25T19:19:36","date_gmt":"2022-09-25T19:19:36","guid":{"rendered":"https:\/\/comandogeraldanoticia.com.br\/index.php\/2022\/09\/25\/ucrania-recebe-sistema-de-defesa-aerea-dos-eua\/"},"modified":"2022-09-25T19:19:36","modified_gmt":"2022-09-25T19:19:36","slug":"ucrania-recebe-sistema-de-defesa-aerea-dos-eua","status":"publish","type":"post","link":"https:\/\/comandogeraldanoticia.com.br\/index.php\/2022\/09\/25\/ucrania-recebe-sistema-de-defesa-aerea-dos-eua\/","title":{"rendered":"Ucr\u00e2nia recebe sistema de defesa a\u00e9rea dos EUA"},"content":{"rendered":"<p><img decoding=\"async\" src=\"https:\/\/s2.glbimg.com\/3W2lsWpNfIyrYEhgo9MQmLFxKfI=\/i.s3.glbimg.com\/v1\/AUTH_59edd422c0c84a879bd37670ae4f538a\/internal_photos\/bs\/2022\/Y\/e\/eQBJJhQTWYvcDwPCUQAw\/captura-de-tela-2022-09-21-182109.png\"><br \/>   \u00c9 o primeiro reconhecimento de que a Ucr\u00e2nia recebeu o Sistema Nacional Avan\u00e7ado de M\u00edsseis Terra-Ar, h\u00e1 muito pedido por Kiev O presidente ucraniano, Volodymyr Zelenskiy, disse em uma entrevista transmitida neste domingo (25) que a Ucr\u00e2nia recebeu sofisticados sistemas de defesa a\u00e9rea dos Estados Unidos.\u00a0<br \/>\nVolodymyr Zelensky se dirige \u00e0 Assembleia Geral da ONU em 21 de setembro de 2022<br \/>\nReprodu\u00e7\u00e3o<br \/>\n\u00c9 o primeiro reconhecimento de que a Ucr\u00e2nia recebeu o Sistema Nacional Avan\u00e7ado de M\u00edsseis Terra-Ar, h\u00e1 muito pedido por Kiev e cuja remessa foi aprovada por Washington em agosto.\u00a0<br \/>\n&#8220;Precisamos que os Estados Unidos mostrem lideran\u00e7a e deem \u00e0 Ucr\u00e2nia os sistemas de defesa a\u00e9rea. Quero agradecer ao presidente (Joe) Biden por uma decis\u00e3o positiva que foi tomada&#8221;, disse Zelenskiy.\u00a0<br \/>\n&#8220;Mas acredite em mim, n\u00e3o \u00e9 nem de perto o suficiente para cobrir a infraestrutura civil, escolas, hospitais, universidades e casas de ucranianos.&#8221;\u00a0<br \/>\nR\u00fassia acusa Ucr\u00e2nia de tentar atacar regi\u00e3o pr\u00f3xima a usina nuclear com drones<br \/>\nAliados de Putin expressam preocupa\u00e7\u00e3o com &#8216;excessos&#8217; de mobiliza\u00e7\u00e3o<br \/>\nBombardeio atinge o sul e leste da Ucr\u00e2nia<br \/>\nMinistro das Rela\u00e7\u00f5es Exteriores da R\u00fassia ataca os EUA em discurso na ONU<br \/>\nZelenskiy tamb\u00e9m agradeceu aos EUA por outros sistemas de lan\u00e7amento de foguetes m\u00faltiplos que permitiram \u00e0 Ucr\u00e2nia avan\u00e7ar contra as for\u00e7as russas.\u00a0<br \/>\nA Ucr\u00e2nia tem realizado contraofensivas neste m\u00eas para libertar da ocupa\u00e7\u00e3o grandes \u00e1reas de territ\u00f3rio na regi\u00e3o nordeste de Kharkiv, e tamb\u00e9m fez avan\u00e7os no sul.\u00a0<br \/>\nMapa mostra avan\u00e7os recentes da Ucr\u00e2nia.<br \/>\nBBC<br \/>\nV\u00cdDEOS: os mais recentes do g1<\/p>\n","protected":false},"excerpt":{"rendered":"<p>\u00c9 o primeiro reconhecimento de que a Ucr\u00e2nia recebeu o Sistema Nacional Avan\u00e7ado de M\u00edsseis Terra-Ar, h\u00e1 muito pedido por Kiev O presidente ucraniano, Volodymyr Zelenskiy, disse em uma entrevista transmitida neste domingo (25) que a Ucr\u00e2nia recebeu sofisticados sistemas de defesa a\u00e9rea dos Estados Unidos.\u00a0 Volodymyr Zelensky se dirige \u00e0 Assembleia Geral da ONU<\/p>\n","protected":false},"author":1,"featured_media":4690,"comment_status":"open","ping_status":"open","sticky":false,"template":"","format":"standard","meta":{"om_disable_all_campaigns":false,"_monsterinsights_skip_tracking":false,"_monsterinsights_sitenote_active":false,"_monsterinsights_sitenote_note":"","_monsterinsights_sitenote_category":0,"footnotes":""},"categories":[47],"tags":[],"class_list":{"0":"post-4689","1":"post","2":"type-post","3":"status-publish","4":"format-standard","5":"has-post-thumbnail","7":"category-mundo"},"_links":{"self":[{"href":"https:\/\/comandogeraldanoticia.com.br\/index.php\/wp-json\/wp\/v2\/posts\/4689","targetHints":{"allow":["GET"]}}],"collection":[{"href":"https:\/\/comandogeraldanoticia.com.br\/index.php\/wp-json\/wp\/v2\/posts"}],"about":[{"href":"https:\/\/comandogeraldanoticia.com.br\/index.php\/wp-json\/wp\/v2\/types\/post"}],"author":[{"embeddable":true,"href":"https:\/\/comandogeraldanoticia.com.br\/index.php\/wp-json\/wp\/v2\/users\/1"}],"replies":[{"embeddable":true,"href":"https:\/\/comandogeraldanoticia.com.br\/index.php\/wp-json\/wp\/v2\/comments?post=4689"}],"version-history":[{"count":0,"href":"https:\/\/comandogeraldanoticia.com.br\/index.php\/wp-json\/wp\/v2\/posts\/4689\/revisions"}],"wp:featuredmedia":[{"embeddable":true,"href":"https:\/\/comandogeraldanoticia.com.br\/index.php\/wp-json\/wp\/v2\/media\/4690"}],"wp:attachment":[{"href":"https:\/\/comandogeraldanoticia.com.br\/index.php\/wp-json\/wp\/v2\/media?parent=4689"}],"wp:term":[{"taxonomy":"category","embeddable":true,"href":"https:\/\/comandogeraldanoticia.com.br\/index.php\/wp-json\/wp\/v2\/categories?post=4689"},{"taxonomy":"post_tag","embeddable":true,"href":"https:\/\/comandogeraldanoticia.com.br\/index.php\/wp-json\/wp\/v2\/tags?post=4689"}],"curies":[{"name":"wp","href":"https:\/\/api.w.org\/{rel}","templated":true}]}}