{"id":4681,"date":"2022-09-25T18:11:02","date_gmt":"2022-09-25T18:11:02","guid":{"rendered":"https:\/\/comandogeraldanoticia.com.br\/index.php\/2022\/09\/25\/judeus-comemoram-hoje-entrada-do-ano-5-783-entenda-as-simbologias-da-data\/"},"modified":"2022-09-25T18:11:02","modified_gmt":"2022-09-25T18:11:02","slug":"judeus-comemoram-hoje-entrada-do-ano-5-783-entenda-as-simbologias-da-data","status":"publish","type":"post","link":"https:\/\/comandogeraldanoticia.com.br\/index.php\/2022\/09\/25\/judeus-comemoram-hoje-entrada-do-ano-5-783-entenda-as-simbologias-da-data\/","title":{"rendered":"Judeus comemoram hoje entrada do ano 5.783; entenda as simbologias da data"},"content":{"rendered":"<p><img decoding=\"async\" src=\"https:\/\/s2.glbimg.com\/X3xrdzXK15xn2tlkh-7YFUanbfw=\/i.s3.glbimg.com\/v1\/AUTH_59edd422c0c84a879bd37670ae4f538a\/internal_photos\/bs\/2022\/p\/E\/qsTRUhRy6dH0KBKaFucA\/000-32k42lt.jpg\"><br \/>   Celebra\u00e7\u00f5es do Rosh Hashana, o Ano Novo judaico, seguem at\u00e9 dia 27 de setembro. Per\u00edodo \u00e9 marcado por ora\u00e7\u00e3o, comida e sons, como o toque do Shofar, um chifre de carneiro. Judeus comemoram o Hosh Hashan\u00e1 em Uman, na Ucr\u00e2nia<br \/>\nSergei SUPINSKY \/ AFP<br \/>\nA partir do p\u00f4r do sol deste domingo (25), j\u00e1 \u00e9 o ano de 5.783 para os judeus. A celebra\u00e7\u00e3o, que segue at\u00e9 o p\u00f4r do sol do dia 27 de setembro, \u00e9 conhecida como Rosh Hashana \u2013 que significa &#8220;Cabe\u00e7a do Ano&#8221; \u2013, um per\u00edodo marcado por ora\u00e7\u00e3o, comida e sons, como o toque do Shofar, um chifre de carneiro.<br \/>\n&#8220;Essa \u00e9 a data em que os judeus assumem como sendo a idade do mundo. Significa que o mundo foi criado h\u00e1 5.783 anos&#8221;, explica Daniel Douek, cientista social e judeu e diretor do Instituto Brasil-Israel.<br \/>\nA contagem dos anos no juda\u00edsmo \u00e9 feita pelo calend\u00e1rio lunar, que tem 354 dias, diferentemente do calend\u00e1rio gregoriano, que tem 365, por isso as diferen\u00e7as nas datas. Para ajustar, convencionou-se que alguns anos t\u00eam um m\u00eas a mais no calend\u00e1rio judaico.<br \/>\n&#8220;Sob o ponto de vista religioso, \u00e9 um momento de julgamento do povo. Em Rosh Hashana, o povo \u2013 e cada um \u2013 \u00e9 julgado por Deus segundo as suas a\u00e7\u00f5es ao longo do ano. \u00c9 um momento tamb\u00e9m de arrependimento e de voltar \u2013 digamos assim \u2013 para o bom caminho'&#8221;, diz Douek.<br \/>\nPassados os dez dias de Rosh Hashana, a comunidade judaica comemora o Yom Kipur, que \u00e9 o Dia do Perd\u00e3o. &#8220;\u00c9 o momento em que o &#8216;Livro da Vida&#8217; \u00e9 selado com aqueles que est\u00e3o garantidos por mais um ano&#8221;, acrescenta.<br \/>\nJudeus comemoram o Rosh Hashan\u00e1 em uma sinagoga em Uman, na Ucr\u00e2nia.<br \/>\nSergei SUPINSKY \/ AFP<br \/>\nCelebra\u00e7\u00f5es<br \/>\nAlgumas fam\u00edlias judias costumam celebrar o Rosh Hashana com um jantar. Cada alimento representa o que se deseja ter para o ano vindouro.<br \/>\nSegundo a Associa\u00e7\u00e3o Israelita de Benefic\u00eancia Beit Chabad do Brasil, na primeira noite da comemora\u00e7\u00e3o, s\u00e3o servidos:<br \/>\nRom\u00e3: simboliza o desejo por um ano repleto de bons feitos, assim como uma rom\u00e3 \u00e9 cheia de sementes saborosas.<br \/>\nCabe\u00e7a de peixe: representa o desejo de ser \u201co melhor da classe\u201d, de ser \u201cuma cabe\u00e7a e n\u00e3o uma cauda\u201d;<br \/>\nCenoura: simboliza a b\u00ean\u00e7\u00e3o e prosperidade, como cenouras \u2013 \u201cmeren\u201d em i\u00eddiche \u2013 que significa multiplicar;<br \/>\nMa\u00e7\u00e3 doce no mel: mergulha-se a fruta no mel, pedindo simbolicamente a Deus por um ano bom e doce.<br \/>\nO Shofar, que \u00e9 um chifre de carneiro, \u00e9 tocado nas manh\u00e3s do Ano Novo e muitos judeus v\u00e3o at\u00e9 \u00e0s sinagogas para ouvi-lo.<br \/>\n&#8220;\u00c9 um som simples e melanc\u00f3lico \u2013 um grito do cora\u00e7\u00e3o, como uma crian\u00e7a perdida chorando pelos pais. Seu apelo atinge os acordes mais profundos da alma enquanto coroamos Deus como Rei do Universo&#8221;, afirma a Associa\u00e7\u00e3o Israelita de Benefic\u00eancia Beit Chabad do Brasil.<\/p>\n","protected":false},"excerpt":{"rendered":"<p>Celebra\u00e7\u00f5es do Rosh Hashana, o Ano Novo judaico, seguem at\u00e9 dia 27 de setembro. Per\u00edodo \u00e9 marcado por ora\u00e7\u00e3o, comida e sons, como o toque do Shofar, um chifre de carneiro. Judeus comemoram o Hosh Hashan\u00e1 em Uman, na Ucr\u00e2nia Sergei SUPINSKY \/ AFP A partir do p\u00f4r do sol deste domingo (25), j\u00e1 \u00e9<\/p>\n","protected":false},"author":1,"featured_media":4682,"comment_status":"open","ping_status":"open","sticky":false,"template":"","format":"standard","meta":{"om_disable_all_campaigns":false,"_monsterinsights_skip_tracking":false,"_monsterinsights_sitenote_active":false,"_monsterinsights_sitenote_note":"","_monsterinsights_sitenote_category":0,"footnotes":""},"categories":[47],"tags":[],"class_list":{"0":"post-4681","1":"post","2":"type-post","3":"status-publish","4":"format-standard","5":"has-post-thumbnail","7":"category-mundo"},"_links":{"self":[{"href":"https:\/\/comandogeraldanoticia.com.br\/index.php\/wp-json\/wp\/v2\/posts\/4681","targetHints":{"allow":["GET"]}}],"collection":[{"href":"https:\/\/comandogeraldanoticia.com.br\/index.php\/wp-json\/wp\/v2\/posts"}],"about":[{"href":"https:\/\/comandogeraldanoticia.com.br\/index.php\/wp-json\/wp\/v2\/types\/post"}],"author":[{"embeddable":true,"href":"https:\/\/comandogeraldanoticia.com.br\/index.php\/wp-json\/wp\/v2\/users\/1"}],"replies":[{"embeddable":true,"href":"https:\/\/comandogeraldanoticia.com.br\/index.php\/wp-json\/wp\/v2\/comments?post=4681"}],"version-history":[{"count":0,"href":"https:\/\/comandogeraldanoticia.com.br\/index.php\/wp-json\/wp\/v2\/posts\/4681\/revisions"}],"wp:featuredmedia":[{"embeddable":true,"href":"https:\/\/comandogeraldanoticia.com.br\/index.php\/wp-json\/wp\/v2\/media\/4682"}],"wp:attachment":[{"href":"https:\/\/comandogeraldanoticia.com.br\/index.php\/wp-json\/wp\/v2\/media?parent=4681"}],"wp:term":[{"taxonomy":"category","embeddable":true,"href":"https:\/\/comandogeraldanoticia.com.br\/index.php\/wp-json\/wp\/v2\/categories?post=4681"},{"taxonomy":"post_tag","embeddable":true,"href":"https:\/\/comandogeraldanoticia.com.br\/index.php\/wp-json\/wp\/v2\/tags?post=4681"}],"curies":[{"name":"wp","href":"https:\/\/api.w.org\/{rel}","templated":true}]}}