{"id":4593,"date":"2022-09-25T11:10:30","date_gmt":"2022-09-25T11:10:30","guid":{"rendered":"https:\/\/comandogeraldanoticia.com.br\/index.php\/2022\/09\/25\/marca-de-carteiras-usa-marketing-de-comunidade-para-transformar-clientes-em-fas\/"},"modified":"2022-09-25T11:10:30","modified_gmt":"2022-09-25T11:10:30","slug":"marca-de-carteiras-usa-marketing-de-comunidade-para-transformar-clientes-em-fas","status":"publish","type":"post","link":"https:\/\/comandogeraldanoticia.com.br\/index.php\/2022\/09\/25\/marca-de-carteiras-usa-marketing-de-comunidade-para-transformar-clientes-em-fas\/","title":{"rendered":"Marca de carteiras usa \u2018marketing de comunidade\u2019 para transformar clientes em f\u00e3s"},"content":{"rendered":"<p>Empresa tamb\u00e9m adotou a cria\u00e7\u00e3o compartilhada de estampas: quem colaborar pode ganhar at\u00e9 comiss\u00e3o. Marca de carteiras usa \u2018marketing de comunidade\u2019 para transformar clientes em f\u00e3s<br \/>\nOs irm\u00e3os Guilherme Massena e Augusto Massena montaram, junto com o primo Eduardo Seelig, uma empresa com um objetivo claro: conquistar o engajamento do consumidor.<br \/>\nO neg\u00f3cio, criado em 2017, produz carteiras que j\u00e1 se diferenciam pela mat\u00e9ria-prima utilizada. \u00c9 feita de uma fibra sint\u00e9tica fininha \u2013 parece e tem at\u00e9 barulhinho de papel. O material, chamado \u201ctyvek, \u00e9 leve, resistente e provoca a curiosidade do consumidor.<br \/>\nAl\u00e9m das carteiras, a empresa tamb\u00e9m produz porta-\u00f3culos, sacolas para computador, n\u00e9cessaires e at\u00e9 t\u00eanis. Os empres\u00e1rios aprenderam que n\u00e3o \u00e9 preciso investir fortunas para tornar um produto conhecido: basta encantar o cliente, que ele faz o chamado &#8216;marketing de comunidade&#8217;.<br \/>\nParte da produ\u00e7\u00e3o \u00e9 terceirizada. J\u00e1 a cria\u00e7\u00e3o das estampas \u00e9 compartilhada \u2013 uma inova\u00e7\u00e3o da empresa. Qualquer pessoa pode entrar no site e criar uma estampa para um produto. Ap\u00f3s a venda, o criador ganha uma comiss\u00e3o. Mil artistas j\u00e1 fizeram isso.<br \/>\nPara os empres\u00e1rios, este envolvimento se constr\u00f3i nos detalhes. A empresa recebe cinco mil pedidos de produtos por m\u00eas. A maioria por indica\u00e7\u00e3o dos pr\u00f3prios clientes.<br \/>\nDOBRA<br \/>\nRua Jacob Carlos Lampert 70, S\u00e3o Jo\u00e3o<br \/>\nMontenegro\/RS &#8211; CEP: 92511-395<br \/>\nSite: https:\/\/dobra.com.br\/<br \/>\nInstagram: https:\/\/www.instagram.com\/querodobra\/<br \/>\nhttps:\/\/www.instagram.com\/culturadobra\/<br \/>\nZiv Galeria de Arte \u2013 Beco do Batman<br \/>\nRua Gon\u00e7alo Afonso 119 \u2013 Beco do Batman S\u00e3o Paulo\/SP \u2013 CEP: 05436-100 Telefone: (11) 91289-4551<br \/>\nSite: https:\/\/www.zivgallery.com\/<br \/>\nInstagram: https:\/\/www.instagram.com\/zivgallery\/<br \/>\nFacebook: https:\/\/www.facebook.com\/zivgallery<br \/>\nCIVI-CO<br \/>\nR. Dr. Virg\u00edlio de Carvalho Pinto, 445 &#8211; Pinheiros<br \/>\nS\u00e3o Paulo\/SP &#8211; CEP: 05415-030<br \/>\nE-mail: contato@civi-co.net<br \/>\nTelefone: (11) 4280-1580<br \/>\nSite: https:\/\/civi-co.com\/<br \/>\nInstagram: https:\/\/www.instagram.com\/civicobr\/<br \/>\nLinkedin: https:\/\/www.linkedin.com\/company\/civico-br<\/p>\n","protected":false},"excerpt":{"rendered":"<p>Empresa tamb\u00e9m adotou a cria\u00e7\u00e3o compartilhada de estampas: quem colaborar pode ganhar at\u00e9 comiss\u00e3o. Marca de carteiras usa \u2018marketing de comunidade\u2019 para transformar clientes em f\u00e3s Os irm\u00e3os Guilherme Massena e Augusto Massena montaram, junto com o primo Eduardo Seelig, uma empresa com um objetivo claro: conquistar o engajamento do consumidor. O neg\u00f3cio, criado em<\/p>\n","protected":false},"author":1,"featured_media":4594,"comment_status":"open","ping_status":"open","sticky":false,"template":"","format":"standard","meta":{"om_disable_all_campaigns":false,"_monsterinsights_skip_tracking":false,"_monsterinsights_sitenote_active":false,"_monsterinsights_sitenote_note":"","_monsterinsights_sitenote_category":0,"footnotes":""},"categories":[43],"tags":[],"class_list":{"0":"post-4593","1":"post","2":"type-post","3":"status-publish","4":"format-standard","5":"has-post-thumbnail","7":"category-economia"},"_links":{"self":[{"href":"https:\/\/comandogeraldanoticia.com.br\/index.php\/wp-json\/wp\/v2\/posts\/4593","targetHints":{"allow":["GET"]}}],"collection":[{"href":"https:\/\/comandogeraldanoticia.com.br\/index.php\/wp-json\/wp\/v2\/posts"}],"about":[{"href":"https:\/\/comandogeraldanoticia.com.br\/index.php\/wp-json\/wp\/v2\/types\/post"}],"author":[{"embeddable":true,"href":"https:\/\/comandogeraldanoticia.com.br\/index.php\/wp-json\/wp\/v2\/users\/1"}],"replies":[{"embeddable":true,"href":"https:\/\/comandogeraldanoticia.com.br\/index.php\/wp-json\/wp\/v2\/comments?post=4593"}],"version-history":[{"count":0,"href":"https:\/\/comandogeraldanoticia.com.br\/index.php\/wp-json\/wp\/v2\/posts\/4593\/revisions"}],"wp:featuredmedia":[{"embeddable":true,"href":"https:\/\/comandogeraldanoticia.com.br\/index.php\/wp-json\/wp\/v2\/media\/4594"}],"wp:attachment":[{"href":"https:\/\/comandogeraldanoticia.com.br\/index.php\/wp-json\/wp\/v2\/media?parent=4593"}],"wp:term":[{"taxonomy":"category","embeddable":true,"href":"https:\/\/comandogeraldanoticia.com.br\/index.php\/wp-json\/wp\/v2\/categories?post=4593"},{"taxonomy":"post_tag","embeddable":true,"href":"https:\/\/comandogeraldanoticia.com.br\/index.php\/wp-json\/wp\/v2\/tags?post=4593"}],"curies":[{"name":"wp","href":"https:\/\/api.w.org\/{rel}","templated":true}]}}