{"id":4505,"date":"2022-09-24T20:15:20","date_gmt":"2022-09-24T20:15:20","guid":{"rendered":"https:\/\/comandogeraldanoticia.com.br\/index.php\/2022\/09\/24\/china-promete-na-onu-passos-energicos-diante-de-interferencia-externa-em-taiwan\/"},"modified":"2022-09-24T20:15:20","modified_gmt":"2022-09-24T20:15:20","slug":"china-promete-na-onu-passos-energicos-diante-de-interferencia-externa-em-taiwan","status":"publish","type":"post","link":"https:\/\/comandogeraldanoticia.com.br\/index.php\/2022\/09\/24\/china-promete-na-onu-passos-energicos-diante-de-interferencia-externa-em-taiwan\/","title":{"rendered":"China promete na ONU &#8216;passos en\u00e9rgicos&#8217; diante de &#8216;interfer\u00eancia externa&#8217; em Taiwan"},"content":{"rendered":"<p><img decoding=\"async\" src=\"https:\/\/s2.glbimg.com\/n6QpaODe8uefz3dxtZfNWzatH30=\/i.s3.glbimg.com\/v1\/AUTH_59edd422c0c84a879bd37670ae4f538a\/internal_photos\/bs\/2022\/t\/v\/HRjM4MTkeUc93VIZscCA\/wang-yi-onu.jpg\"><br \/>   &#8216;Devemos combater firmemente as atividades separatistas de independ\u00eancia de Taiwan&#8217;, disse o chefe da diplomacia chinesa um dia ap\u00f3s se reunir com Antony Blinken, ministro dos EUA. Wang Yi, ministro de Rela\u00e7\u00f5es Exteriores da China, durante fala na Assembleia-geral da ONU em Nova York neste s\u00e1bado (24)<br \/>\nMary Altaffer\/AP<br \/>\nO ministro das Rela\u00e7\u00f5es Exteriores da China, Wang Yi, alertou neste s\u00e1bado (24) para qualquer interfer\u00eancia em Taiwan e disse \u00e0 ONU que Pequim tomar\u00e1 medidas contundentes para evitar qualquer apoio externo \u00e0 independ\u00eancia da ilha.<br \/>\n&#8220;Devemos combater firmemente as atividades separatistas de independ\u00eancia de Taiwan e dar passos mais en\u00e9rgicos para nos opormos \u00e0 interfer\u00eancia externa&#8221;, disse o chefe da diplomacia chinesa em discurso na Assembleia Geral das Na\u00e7\u00f5es Unidas.<br \/>\nBiden diz que defenderia Taiwan de uma invas\u00e3o da China<br \/>\nTaiwan: como \u00e9 a estrat\u00e9gia &#8216;porco-espinho&#8217; criada pela ilha para se defender de poss\u00edvel invas\u00e3o da China<br \/>\nWang reuniu-se na sexta-feira (23) com seu par americano, Antony Blinken, e advertiu sobre os esfor\u00e7os de Washington para apoiar Taiwan, no momento em que o Congresso impulsiona uma iniciativa para proporcionar ajuda militar direta \u00e0 ilha.<br \/>\nEm seu discurso na ONU, onde Taipei n\u00e3o est\u00e1 representada, o ministro das Rela\u00e7\u00f5es Exteriores chin\u00eas adotou a linha dura. &#8220;Qualquer movimento para obstruir a reunifica\u00e7\u00e3o da China ser\u00e1 esmagado pelas rodas da hist\u00f3ria&#8221;, alertou.<br \/>\nUma lei aprovada pelo Congresso obriga Washington a vender a Taip\u00e9 suprimentos militares, para garantir sua autodefesa contra as for\u00e7as de Pequim. No entanto, os Estados Unidos mant\u00eam o que \u00e9 conhecido como &#8220;ambiguidade estrat\u00e9gica&#8221;, concebida tanto para evitar uma invas\u00e3o chinesa quanto para dissuadir Taiwan de provocar Pequim declarando-se independente.<\/p>\n","protected":false},"excerpt":{"rendered":"<p>&#8216;Devemos combater firmemente as atividades separatistas de independ\u00eancia de Taiwan&#8217;, disse o chefe da diplomacia chinesa um dia ap\u00f3s se reunir com Antony Blinken, ministro dos EUA. Wang Yi, ministro de Rela\u00e7\u00f5es Exteriores da China, durante fala na Assembleia-geral da ONU em Nova York neste s\u00e1bado (24) Mary Altaffer\/AP O ministro das Rela\u00e7\u00f5es Exteriores da<\/p>\n","protected":false},"author":1,"featured_media":4506,"comment_status":"open","ping_status":"open","sticky":false,"template":"","format":"standard","meta":{"om_disable_all_campaigns":false,"_monsterinsights_skip_tracking":false,"_monsterinsights_sitenote_active":false,"_monsterinsights_sitenote_note":"","_monsterinsights_sitenote_category":0,"footnotes":""},"categories":[47],"tags":[],"class_list":{"0":"post-4505","1":"post","2":"type-post","3":"status-publish","4":"format-standard","5":"has-post-thumbnail","7":"category-mundo"},"_links":{"self":[{"href":"https:\/\/comandogeraldanoticia.com.br\/index.php\/wp-json\/wp\/v2\/posts\/4505","targetHints":{"allow":["GET"]}}],"collection":[{"href":"https:\/\/comandogeraldanoticia.com.br\/index.php\/wp-json\/wp\/v2\/posts"}],"about":[{"href":"https:\/\/comandogeraldanoticia.com.br\/index.php\/wp-json\/wp\/v2\/types\/post"}],"author":[{"embeddable":true,"href":"https:\/\/comandogeraldanoticia.com.br\/index.php\/wp-json\/wp\/v2\/users\/1"}],"replies":[{"embeddable":true,"href":"https:\/\/comandogeraldanoticia.com.br\/index.php\/wp-json\/wp\/v2\/comments?post=4505"}],"version-history":[{"count":0,"href":"https:\/\/comandogeraldanoticia.com.br\/index.php\/wp-json\/wp\/v2\/posts\/4505\/revisions"}],"wp:featuredmedia":[{"embeddable":true,"href":"https:\/\/comandogeraldanoticia.com.br\/index.php\/wp-json\/wp\/v2\/media\/4506"}],"wp:attachment":[{"href":"https:\/\/comandogeraldanoticia.com.br\/index.php\/wp-json\/wp\/v2\/media?parent=4505"}],"wp:term":[{"taxonomy":"category","embeddable":true,"href":"https:\/\/comandogeraldanoticia.com.br\/index.php\/wp-json\/wp\/v2\/categories?post=4505"},{"taxonomy":"post_tag","embeddable":true,"href":"https:\/\/comandogeraldanoticia.com.br\/index.php\/wp-json\/wp\/v2\/tags?post=4505"}],"curies":[{"name":"wp","href":"https:\/\/api.w.org\/{rel}","templated":true}]}}