{"id":4285,"date":"2022-09-23T20:14:31","date_gmt":"2022-09-23T20:14:31","guid":{"rendered":"https:\/\/comandogeraldanoticia.com.br\/index.php\/2022\/09\/23\/cadastro-escolar-2023-para-creche-e-pre-escola-comeca-nesta-segunda-26\/"},"modified":"2022-09-23T20:14:31","modified_gmt":"2022-09-23T20:14:31","slug":"cadastro-escolar-2023-para-creche-e-pre-escola-comeca-nesta-segunda-26","status":"publish","type":"post","link":"https:\/\/comandogeraldanoticia.com.br\/index.php\/2022\/09\/23\/cadastro-escolar-2023-para-creche-e-pre-escola-comeca-nesta-segunda-26\/","title":{"rendered":"Cadastro Escolar 2023 para creche e pr\u00e9-escola come\u00e7a nesta segunda (26)"},"content":{"rendered":"<p>O cadastramento escolar n\u00e3o garante a vaga na escola, sendo necess\u00e1ria a efetiva\u00e7\u00e3o da matr\u00edcula<\/p>\n","protected":false},"excerpt":{"rendered":"<p>O cadastramento escolar n\u00e3o garante a vaga na escola, sendo necess\u00e1ria a efetiva\u00e7\u00e3o da matr\u00edcula<\/p>\n","protected":false},"author":1,"featured_media":4286,"comment_status":"open","ping_status":"open","sticky":false,"template":"","format":"standard","meta":{"om_disable_all_campaigns":false,"_monsterinsights_skip_tracking":false,"_monsterinsights_sitenote_active":false,"_monsterinsights_sitenote_note":"","_monsterinsights_sitenote_category":0,"footnotes":""},"categories":[51],"tags":[],"class_list":{"0":"post-4285","1":"post","2":"type-post","3":"status-publish","4":"format-standard","5":"has-post-thumbnail","7":"category-matas-de-sao-joao"},"_links":{"self":[{"href":"https:\/\/comandogeraldanoticia.com.br\/index.php\/wp-json\/wp\/v2\/posts\/4285","targetHints":{"allow":["GET"]}}],"collection":[{"href":"https:\/\/comandogeraldanoticia.com.br\/index.php\/wp-json\/wp\/v2\/posts"}],"about":[{"href":"https:\/\/comandogeraldanoticia.com.br\/index.php\/wp-json\/wp\/v2\/types\/post"}],"author":[{"embeddable":true,"href":"https:\/\/comandogeraldanoticia.com.br\/index.php\/wp-json\/wp\/v2\/users\/1"}],"replies":[{"embeddable":true,"href":"https:\/\/comandogeraldanoticia.com.br\/index.php\/wp-json\/wp\/v2\/comments?post=4285"}],"version-history":[{"count":0,"href":"https:\/\/comandogeraldanoticia.com.br\/index.php\/wp-json\/wp\/v2\/posts\/4285\/revisions"}],"wp:featuredmedia":[{"embeddable":true,"href":"https:\/\/comandogeraldanoticia.com.br\/index.php\/wp-json\/wp\/v2\/media\/4286"}],"wp:attachment":[{"href":"https:\/\/comandogeraldanoticia.com.br\/index.php\/wp-json\/wp\/v2\/media?parent=4285"}],"wp:term":[{"taxonomy":"category","embeddable":true,"href":"https:\/\/comandogeraldanoticia.com.br\/index.php\/wp-json\/wp\/v2\/categories?post=4285"},{"taxonomy":"post_tag","embeddable":true,"href":"https:\/\/comandogeraldanoticia.com.br\/index.php\/wp-json\/wp\/v2\/tags?post=4285"}],"curies":[{"name":"wp","href":"https:\/\/api.w.org\/{rel}","templated":true}]}}