{"id":4271,"date":"2022-09-23T19:11:04","date_gmt":"2022-09-23T19:11:04","guid":{"rendered":"https:\/\/comandogeraldanoticia.com.br\/index.php\/2022\/09\/23\/video-vaca-da-a-luz-quatro-bezerros-de-uma-so-vez-e-assusta-produtor-de-ro-nunca-vi-um-negocio-desse\/"},"modified":"2022-09-23T19:11:04","modified_gmt":"2022-09-23T19:11:04","slug":"video-vaca-da-a-luz-quatro-bezerros-de-uma-so-vez-e-assusta-produtor-de-ro-nunca-vi-um-negocio-desse","status":"publish","type":"post","link":"https:\/\/comandogeraldanoticia.com.br\/index.php\/2022\/09\/23\/video-vaca-da-a-luz-quatro-bezerros-de-uma-so-vez-e-assusta-produtor-de-ro-nunca-vi-um-negocio-desse\/","title":{"rendered":"V\u00cdDEO: vaca d\u00e1 \u00e0 luz quatro bezerros de uma s\u00f3 vez e assusta produtor de RO: &#8216;nunca vi um neg\u00f3cio desse&#8217;"},"content":{"rendered":"<p><img decoding=\"async\" src=\"https:\/\/s2.glbimg.com\/p91aSgciSWRMYbiltZtzAq0kB_k=\/i.s3.glbimg.com\/v1\/AUTH_59edd422c0c84a879bd37670ae4f538a\/internal_photos\/bs\/2022\/u\/w\/Jed6THTsAFoElI7gfoog\/captura-de-tela-2022-09-23-as-11.21.51.png\"><br \/>   Propriet\u00e1rio foi surpreendido com a quantidade de filhotes. S\u00e3o tr\u00eas machos e uma f\u00eamea Vaca d\u00e1 \u00e0 luz quadrig\u00eameos em Seringueiras (RO)<br \/>\n*<br \/>\nUm fen\u00f4meno considerado &#8216;rar\u00edssimo&#8217; aconteceu em uma fazenda de Seringueiras (RO), na \u00faltima semana: uma vaca deu \u00e0 luz a quatro bezerros de uma s\u00f3 vez (assista no v\u00eddeo acima).<br \/>\nAssustado com a cena encontrada no pasto, o propriet\u00e1rio da fazenda, Gess\u00e9 Prudente, pegou o celular e filmou os quatro bezerros , tr\u00eas machos e uma f\u00eamea, ao lado da m\u00e3e.<br \/>\n&#8220;Eu nunca vi um neg\u00f3cio desse, a vaca gerou quatro bezerros de uma vez. Tr\u00eas moleques e uma molequinha. A m\u00e3e vai ter que se dobrar para dar conta da molecada\u201d, falou.<br \/>\n\u00c0 Rede Amaz\u00f4nica, o zootecnista Alexandre Zadra explicou que o nascimento de bezerros quadrig\u00eameos \u00e9 considerado \u201crar\u00edssimo\u201d e ressaltou que nesse primeiro momento, a aten\u00e7\u00e3o precisa ser quanto a alimenta\u00e7\u00e3o dos beb\u00eas.<br \/>\nNO SUL: Vaca d\u00e1 \u00e0 luz quatro bezerros de uma s\u00f3 vez em SC<br \/>\nNO NORDESTE: Vaca d\u00e1 \u00e0 luz bezerros quadrig\u00eameos em Pernambuco<br \/>\n\u201cCom 60 a 90 dias, j\u00e1 n\u00e3o precisa mais de leite, j\u00e1 viraram praticamente ruminantes, que eles entram em um novo regime de cria. Um regime que entra ra\u00e7\u00e3o mais um verde\u201d, explicou.<br \/>\nPara melhorar a quest\u00e3o nutricional, \u00e9 recomendado atrelar o leite com a ra\u00e7\u00e3o a partir do 15\u00ba dia. Mesmo sendo considerado um evento raro, o zootecnista explica que esses animais v\u00e3o se desenvolver normalmente.<br \/>\nVaca d\u00e1 \u00e0 luz a quatro bezerros de uma s\u00f3 vez em Rond\u00f4nia<br \/>\nReprodu\u00e7\u00e3o<br \/>\n*Estagi\u00e1ria, sob supervis\u00e3o de Tha\u00eds Nauara.<\/p>\n","protected":false},"excerpt":{"rendered":"<p>Propriet\u00e1rio foi surpreendido com a quantidade de filhotes. S\u00e3o tr\u00eas machos e uma f\u00eamea Vaca d\u00e1 \u00e0 luz quadrig\u00eameos em Seringueiras (RO) * Um fen\u00f4meno considerado &#8216;rar\u00edssimo&#8217; aconteceu em uma fazenda de Seringueiras (RO), na \u00faltima semana: uma vaca deu \u00e0 luz a quatro bezerros de uma s\u00f3 vez (assista no v\u00eddeo acima). Assustado com<\/p>\n","protected":false},"author":1,"featured_media":4272,"comment_status":"open","ping_status":"open","sticky":false,"template":"","format":"standard","meta":{"om_disable_all_campaigns":false,"_monsterinsights_skip_tracking":false,"_monsterinsights_sitenote_active":false,"_monsterinsights_sitenote_note":"","_monsterinsights_sitenote_category":0,"footnotes":""},"categories":[43],"tags":[],"class_list":{"0":"post-4271","1":"post","2":"type-post","3":"status-publish","4":"format-standard","5":"has-post-thumbnail","7":"category-economia"},"_links":{"self":[{"href":"https:\/\/comandogeraldanoticia.com.br\/index.php\/wp-json\/wp\/v2\/posts\/4271","targetHints":{"allow":["GET"]}}],"collection":[{"href":"https:\/\/comandogeraldanoticia.com.br\/index.php\/wp-json\/wp\/v2\/posts"}],"about":[{"href":"https:\/\/comandogeraldanoticia.com.br\/index.php\/wp-json\/wp\/v2\/types\/post"}],"author":[{"embeddable":true,"href":"https:\/\/comandogeraldanoticia.com.br\/index.php\/wp-json\/wp\/v2\/users\/1"}],"replies":[{"embeddable":true,"href":"https:\/\/comandogeraldanoticia.com.br\/index.php\/wp-json\/wp\/v2\/comments?post=4271"}],"version-history":[{"count":0,"href":"https:\/\/comandogeraldanoticia.com.br\/index.php\/wp-json\/wp\/v2\/posts\/4271\/revisions"}],"wp:featuredmedia":[{"embeddable":true,"href":"https:\/\/comandogeraldanoticia.com.br\/index.php\/wp-json\/wp\/v2\/media\/4272"}],"wp:attachment":[{"href":"https:\/\/comandogeraldanoticia.com.br\/index.php\/wp-json\/wp\/v2\/media?parent=4271"}],"wp:term":[{"taxonomy":"category","embeddable":true,"href":"https:\/\/comandogeraldanoticia.com.br\/index.php\/wp-json\/wp\/v2\/categories?post=4271"},{"taxonomy":"post_tag","embeddable":true,"href":"https:\/\/comandogeraldanoticia.com.br\/index.php\/wp-json\/wp\/v2\/tags?post=4271"}],"curies":[{"name":"wp","href":"https:\/\/api.w.org\/{rel}","templated":true}]}}