{"id":4208,"date":"2022-09-23T16:10:12","date_gmt":"2022-09-23T16:10:12","guid":{"rendered":"https:\/\/comandogeraldanoticia.com.br\/index.php\/2022\/09\/23\/ascensao-de-meloni-na-italia-preocupa-membros-da-uniao-europeia\/"},"modified":"2022-09-23T16:10:12","modified_gmt":"2022-09-23T16:10:12","slug":"ascensao-de-meloni-na-italia-preocupa-membros-da-uniao-europeia","status":"publish","type":"post","link":"https:\/\/comandogeraldanoticia.com.br\/index.php\/2022\/09\/23\/ascensao-de-meloni-na-italia-preocupa-membros-da-uniao-europeia\/","title":{"rendered":"Ascens\u00e3o de Meloni na It\u00e1lia preocupa membros da Uni\u00e3o Europeia"},"content":{"rendered":"<p><img decoding=\"async\" src=\"https:\/\/s2.glbimg.com\/ywehKpVk1I7uC3siLRXuwkIunOU=\/i.s3.glbimg.com\/v1\/AUTH_59edd422c0c84a879bd37670ae4f538a\/internal_photos\/bs\/2022\/K\/7\/3r3ug9QBqHBJQ6wLchKA\/2022-09-22t182337z-1120662020-rc2imw9q2eyd-rtrmadp-3-italy-election-centre-right-rally.jpg\"><br \/>   Algumas promessas de campanhas e seu discuso contr\u00e1rio ao bloco aumentam apreens\u00e3o. Giorgia Meloni, candidata a premi\u00ea da It\u00e1lia, durante evento em 22 de setembro de 2022<br \/>\nYara Nardi\/REUTERS<br \/>\nUma prov\u00e1vel vit\u00f3ria da candidata de extrema-direita italiana, Giorgia Meloni, nas elei\u00e7\u00f5es legislativas deste domingo (25) preocupa os mercados e membros da Uni\u00e3o Europeia, que temem seu discurso contr\u00e1rio ao bloco e que a enorme d\u00edvida p\u00fablica do pa\u00eds dispare.<br \/>\nApesar de Meloni ter manifestado o desejo de romper com um passado pesado e de suprimir seu sonho de ver a It\u00e1lia fora da Uni\u00e3o Europeia, as preocupa\u00e7\u00f5es persistem, especialmente porque nos \u00faltimos dias de campanha ela reiterou seu apoio ao regime h\u00fangaro liderado pelo ultranacionalista Viktor Orban.<br \/>\nQuem \u00e9 Giorgia Meloni<br \/>\nGiorgia Meloni agora afirma ser a favor da Uni\u00e3o Europeia e mudou seu tom agressivo contra a institui\u00e7\u00e3o durante os com\u00edcios eleitorais.<br \/>\n&#8220;A festa acabou&#8221;, disse em meados de setembro em Mil\u00e3o, alertando que, se vencer, &#8220;defender\u00e1 os interesses nacionais&#8221; contra as diretrizes de Bruxelas, assim como &#8220;os outros fazem&#8221;.<br \/>\nPlano de recupera\u00e7\u00e3o<br \/>\nGiorgia Meloni durante entrevista com jornalistas em N\u00e1poles<br \/>\nAndreas SOLARO \/ AFP<br \/>\nFavorita para se tornar a pr\u00f3xima primeira-ministra, &#8220;a apaixonada&#8221; da direita italiana defende h\u00e1 anos a ideia de que o bloco respeite &#8220;a soberania dos Estados-membros&#8221; e permita que os pr\u00f3prios decidam sobre a pol\u00edtica que afeta diretamente seus cidad\u00e3os.<br \/>\nCom este crit\u00e9rio, ela quer renegociar o plano de recupera\u00e7\u00e3o p\u00f3s-covid, financiado com quase 200 bilh\u00f5es de euros pela Uni\u00e3o Europeia, de modo que leve em considera\u00e7\u00e3o o alto custo da energia ap\u00f3s o in\u00edcio da guerra da Ucr\u00e2nia.<br \/>\nGiorgia Meloni durante evento de campanha em N\u00e1poles, na It\u00e1lia<br \/>\nAndreas SOLARO \/ AFP<br \/>\nO gasto deste recurso gigantesco depende, no entanto, do cumprimento de uma s\u00e9rie de normas e reformas, cuja implementa\u00e7\u00e3o foi respeitada pelo governo de Mario Draghi e que, com a eventual vit\u00f3ria da coaliz\u00e3o de extrema-direita, parecem corres risco.<br \/>\n&#8220;Podemos nos deparar com um s\u00e9rio conflito de ideias na It\u00e1lia, que \u00e9 o pa\u00eds que mais se beneficiou do plano de recupera\u00e7\u00e3o e da UE&#8221;, considera Nicola Nobile, da Oxford Economics.<br \/>\n&#8220;Os riscos s\u00e3o muitos. Tudo vai depender de qual vers\u00e3o da Meloni vai liderar o governo: se \u00e9 a que ataca a Europa, ou a moderada, que pode manter a atual pol\u00edtica or\u00e7ament\u00e1ria&#8221;, disse \u00e0 AFP.<br \/>\nDescontrole da d\u00edvida?<br \/>\nSilvio Berlusconi (centro), Giorgia Meloni (esq.) e Matteo Salvini (dir.) em Roma<br \/>\nAlessandro Bianchi\/REUTERS<br \/>\nA It\u00e1lia est\u00e1 desmoronando sob uma d\u00edvida de mais de 2,7 trilh\u00f5es de euros, cerca de 150% do Produto Interno Bruto (PIB), a mais alta da zona do euro depois da Gr\u00e9cia.<br \/>\nNesse contexto, a coaliz\u00e3o de direita pede uma &#8220;revis\u00e3o das regras do Pacto de Estabilidade&#8221;, suspenso pela crise sanit\u00e1ria. Nele, foi estabelecido um teto de 3% do PIB para o d\u00e9ficit, e de 60%, para a d\u00edvida.<br \/>\nEmbora seja leg\u00edtimo modificar alguns crit\u00e9rios considerados obsoletos, &#8220;seria politicamente suicida desrespeitar as regras existentes&#8221;, comenta Peter Bofinger, professor de economia da Universidade de Wurtzburgo.<br \/>\n&#8220;Caso a It\u00e1lia se desvie do consenso europeu&#8221; e n\u00e3o respeite um m\u00ednimo de disciplina or\u00e7ament\u00e1ria, &#8220;nem mesmo o Banco Central Europeu poder\u00e1 ajud\u00e1-la&#8221;, afirmou Bofinger.<br \/>\nPromessas caras<br \/>\nGiorgia Meloni em campanha, em 11 de setembro de 2022<br \/>\nPiero Cruciatti\/ AFP<br \/>\nAs promessas eleitorais da coaliz\u00e3o de extrema-direita, formada pelo Fratelli d&#8217;Italia (Irm\u00e3os da It\u00e1lia) de Meloni, pela Liga anti-imigra\u00e7\u00e3o de Matteo Salvini e pelos conservadores do Forza Italia de Silvio Berlusconi, podem ter um efeito nocivo para as contas p\u00fablicas.<br \/>\n&#8220;Seu programa \u00e9 muito indefinido, e ela n\u00e3o explica como financiar as medidas&#8221;, ressalta Nobile.<br \/>\nSe fossem aplicadas, o d\u00e9ficit p\u00fablico ultrapassaria 6% do PIB nos pr\u00f3ximos cinco anos, &#8220;levando a alta d\u00edvida p\u00fablica a n\u00edveis insustent\u00e1veis&#8221;, segundo a Oxford Economics.<br \/>\nGiorgia Meloni em evento pol\u00edtico em N\u00e1poles<br \/>\nAndreas SOLARO \/ AFP<br \/>\nA medida mais emblem\u00e1tica \u00e9 um imposto \u00fanico para pessoa f\u00edsica. Esse pode variar de 15 a 23% e, se aprovado, deve custar entre 20 bilh\u00f5es e 58 bilh\u00f5es de euros, de acordo com o Observat\u00f3rio das Contas P\u00fablicas italianas.<br \/>\nSomam-se a isso outros propostas sobre cortes de impostos e medidas de &#8220;paz fiscal&#8221; (anistias), assim como o aumento da pens\u00e3o m\u00ednima.<br \/>\nOs investidores temem que um governo t\u00e3o populista termine como o de Silvio Berlusconi, que teve de renunciar em 2011, pressionado pelos mercados e pelo aumento do custo da d\u00edvida.<\/p>\n","protected":false},"excerpt":{"rendered":"<p>Algumas promessas de campanhas e seu discuso contr\u00e1rio ao bloco aumentam apreens\u00e3o. Giorgia Meloni, candidata a premi\u00ea da It\u00e1lia, durante evento em 22 de setembro de 2022 Yara Nardi\/REUTERS Uma prov\u00e1vel vit\u00f3ria da candidata de extrema-direita italiana, Giorgia Meloni, nas elei\u00e7\u00f5es legislativas deste domingo (25) preocupa os mercados e membros da Uni\u00e3o Europeia, que temem<\/p>\n","protected":false},"author":1,"featured_media":4209,"comment_status":"open","ping_status":"open","sticky":false,"template":"","format":"standard","meta":{"om_disable_all_campaigns":false,"_monsterinsights_skip_tracking":false,"_monsterinsights_sitenote_active":false,"_monsterinsights_sitenote_note":"","_monsterinsights_sitenote_category":0,"footnotes":""},"categories":[47],"tags":[],"class_list":{"0":"post-4208","1":"post","2":"type-post","3":"status-publish","4":"format-standard","5":"has-post-thumbnail","7":"category-mundo"},"_links":{"self":[{"href":"https:\/\/comandogeraldanoticia.com.br\/index.php\/wp-json\/wp\/v2\/posts\/4208","targetHints":{"allow":["GET"]}}],"collection":[{"href":"https:\/\/comandogeraldanoticia.com.br\/index.php\/wp-json\/wp\/v2\/posts"}],"about":[{"href":"https:\/\/comandogeraldanoticia.com.br\/index.php\/wp-json\/wp\/v2\/types\/post"}],"author":[{"embeddable":true,"href":"https:\/\/comandogeraldanoticia.com.br\/index.php\/wp-json\/wp\/v2\/users\/1"}],"replies":[{"embeddable":true,"href":"https:\/\/comandogeraldanoticia.com.br\/index.php\/wp-json\/wp\/v2\/comments?post=4208"}],"version-history":[{"count":0,"href":"https:\/\/comandogeraldanoticia.com.br\/index.php\/wp-json\/wp\/v2\/posts\/4208\/revisions"}],"wp:featuredmedia":[{"embeddable":true,"href":"https:\/\/comandogeraldanoticia.com.br\/index.php\/wp-json\/wp\/v2\/media\/4209"}],"wp:attachment":[{"href":"https:\/\/comandogeraldanoticia.com.br\/index.php\/wp-json\/wp\/v2\/media?parent=4208"}],"wp:term":[{"taxonomy":"category","embeddable":true,"href":"https:\/\/comandogeraldanoticia.com.br\/index.php\/wp-json\/wp\/v2\/categories?post=4208"},{"taxonomy":"post_tag","embeddable":true,"href":"https:\/\/comandogeraldanoticia.com.br\/index.php\/wp-json\/wp\/v2\/tags?post=4208"}],"curies":[{"name":"wp","href":"https:\/\/api.w.org\/{rel}","templated":true}]}}