{"id":3970,"date":"2022-09-22T23:10:27","date_gmt":"2022-09-22T23:10:27","guid":{"rendered":"https:\/\/comandogeraldanoticia.com.br\/index.php\/2022\/09\/22\/procon-suspende-atendimentos-nesta-terca-e-quarta-para-mudanca-de-endereco-em-araxa\/"},"modified":"2022-09-22T23:10:27","modified_gmt":"2022-09-22T23:10:27","slug":"procon-suspende-atendimentos-nesta-terca-e-quarta-para-mudanca-de-endereco-em-araxa","status":"publish","type":"post","link":"https:\/\/comandogeraldanoticia.com.br\/index.php\/2022\/09\/22\/procon-suspende-atendimentos-nesta-terca-e-quarta-para-mudanca-de-endereco-em-araxa\/","title":{"rendered":"Procon suspende atendimentos nesta ter\u00e7a e quarta para mudan\u00e7a de endere\u00e7o em Arax\u00e1"},"content":{"rendered":"<p><img decoding=\"async\" src=\"https:\/\/s2.glbimg.com\/3pgG9TP2ryZosq1qOfYTORO4dg8=\/i.s3.glbimg.com\/v1\/AUTH_59edd422c0c84a879bd37670ae4f538a\/internal_photos\/bs\/2018\/z\/7\/N6OqkOQ6mhBcjeoaQA5A\/img-6265.jpg\"><br \/>   O \u00f3rg\u00e3o passar\u00e1 a atender na Rua Perdizes, n\u00ba 280, no Centro, a partir de quinta-feira (26). Procon de Arax\u00e1 funcionar\u00e1 em nova sede a partir de quinta-feira (26)<br \/>\nPrefeitura de Arax\u00e1\/Divulga\u00e7\u00e3o<br \/>\nO Programa de Prote\u00e7\u00e3o e Defesa do Consumidor (Procon), de Arax\u00e1, no Alto Parana\u00edba, vai atender a popula\u00e7\u00e3o em novo endere\u00e7o a partir de quinta-feira (26). A nova sede est\u00e1 localizada na Rua Perdizes, n\u00ba 280, no Centro, antigo endere\u00e7o do Minist\u00e9rio do Trabalho.<br \/>\nPor causa da mudan\u00e7a, os atendimentos est\u00e3o suspensos nesta ter\u00e7a (24) e quarta (25). \u201cNum espa\u00e7o maior, com acessibilidade, o consumidor vai ter mais conforto e privacidade. Tem gente que tem vergonha de falar que est\u00e1 enfrentando problemas com d\u00edvidas, agora a pessoa ficar\u00e1 mais a vontade para expor a situa\u00e7\u00e3o, ter\u00e1 menos gente ouvindo\u201d, ressaltou a secret\u00e1ria executiva, Belma Nolli.<br \/>\nO hor\u00e1rio de funcionamento permanece de 9h \u00e0s 16h, com distribui\u00e7\u00e3o de senhas ate \u00e0s 12h. Outras informa\u00e7\u00f5es podem ser obtidas pelo telefone: (34) 3662-2444 ou pelo site.<\/p>\n","protected":false},"excerpt":{"rendered":"<p>O \u00f3rg\u00e3o passar\u00e1 a atender na Rua Perdizes, n\u00ba 280, no Centro, a partir de quinta-feira (26). Procon de Arax\u00e1 funcionar\u00e1 em nova sede a partir de quinta-feira (26) Prefeitura de Arax\u00e1\/Divulga\u00e7\u00e3o O Programa de Prote\u00e7\u00e3o e Defesa do Consumidor (Procon), de Arax\u00e1, no Alto Parana\u00edba, vai atender a popula\u00e7\u00e3o em novo endere\u00e7o a partir<\/p>\n","protected":false},"author":1,"featured_media":3971,"comment_status":"open","ping_status":"open","sticky":false,"template":"","format":"standard","meta":{"om_disable_all_campaigns":false,"_monsterinsights_skip_tracking":false,"_monsterinsights_sitenote_active":false,"_monsterinsights_sitenote_note":"","_monsterinsights_sitenote_category":0,"footnotes":""},"categories":[39],"tags":[],"class_list":{"0":"post-3970","1":"post","2":"type-post","3":"status-publish","4":"format-standard","5":"has-post-thumbnail","7":"category-brasil"},"_links":{"self":[{"href":"https:\/\/comandogeraldanoticia.com.br\/index.php\/wp-json\/wp\/v2\/posts\/3970","targetHints":{"allow":["GET"]}}],"collection":[{"href":"https:\/\/comandogeraldanoticia.com.br\/index.php\/wp-json\/wp\/v2\/posts"}],"about":[{"href":"https:\/\/comandogeraldanoticia.com.br\/index.php\/wp-json\/wp\/v2\/types\/post"}],"author":[{"embeddable":true,"href":"https:\/\/comandogeraldanoticia.com.br\/index.php\/wp-json\/wp\/v2\/users\/1"}],"replies":[{"embeddable":true,"href":"https:\/\/comandogeraldanoticia.com.br\/index.php\/wp-json\/wp\/v2\/comments?post=3970"}],"version-history":[{"count":0,"href":"https:\/\/comandogeraldanoticia.com.br\/index.php\/wp-json\/wp\/v2\/posts\/3970\/revisions"}],"wp:featuredmedia":[{"embeddable":true,"href":"https:\/\/comandogeraldanoticia.com.br\/index.php\/wp-json\/wp\/v2\/media\/3971"}],"wp:attachment":[{"href":"https:\/\/comandogeraldanoticia.com.br\/index.php\/wp-json\/wp\/v2\/media?parent=3970"}],"wp:term":[{"taxonomy":"category","embeddable":true,"href":"https:\/\/comandogeraldanoticia.com.br\/index.php\/wp-json\/wp\/v2\/categories?post=3970"},{"taxonomy":"post_tag","embeddable":true,"href":"https:\/\/comandogeraldanoticia.com.br\/index.php\/wp-json\/wp\/v2\/tags?post=3970"}],"curies":[{"name":"wp","href":"https:\/\/api.w.org\/{rel}","templated":true}]}}