{"id":3966,"date":"2022-09-22T23:10:29","date_gmt":"2022-09-22T23:10:29","guid":{"rendered":"https:\/\/comandogeraldanoticia.com.br\/index.php\/2022\/09\/22\/prefeitos-da-regiao-centro-oeste-de-mg-se-reunem-em-divinopolis-para-debater-atraso-no-pagamento-do-fundeb\/"},"modified":"2022-09-22T23:10:29","modified_gmt":"2022-09-22T23:10:29","slug":"prefeitos-da-regiao-centro-oeste-de-mg-se-reunem-em-divinopolis-para-debater-atraso-no-pagamento-do-fundeb","status":"publish","type":"post","link":"https:\/\/comandogeraldanoticia.com.br\/index.php\/2022\/09\/22\/prefeitos-da-regiao-centro-oeste-de-mg-se-reunem-em-divinopolis-para-debater-atraso-no-pagamento-do-fundeb\/","title":{"rendered":"Prefeitos da regi\u00e3o Centro-Oeste de MG se re\u00fanem em Divin\u00f3polis para debater atraso no pagamento do Fundeb"},"content":{"rendered":"<p><img decoding=\"async\" src=\"https:\/\/s2.glbimg.com\/JeaGPg5wo9hAb4QYairFT9YExZQ=\/i.s3.glbimg.com\/v1\/AUTH_59edd422c0c84a879bd37670ae4f538a\/internal_photos\/bs\/2018\/9\/c\/4AiIJfQbaMLBKqBrFklA\/reuniao-prefeitos.bmp\"><br \/>   Galileu Machado (PMDB) diz que cogita escalonar sal\u00e1rio dos profissionais da educa\u00e7\u00e3o.  Prefeitos do Centro-Oeste discutem d\u00edvidas do Fundeb em Divin\u00f3polis<br \/>\nReprodu\u00e7\u00e3o\/TV Integra\u00e7\u00e3o<br \/>\nDez prefeitos da Regi\u00e3o Centro-Oeste se reuniram na manh\u00e3 desta segunda-feira (23), na sede da Associa\u00e7\u00e3o Microrregional dos Munic\u00edpios do Vale do Itapecerica (Amvi) em Divin\u00f3polis, para tratar da d\u00edvida do Governo de Minas com as prefeituras.<br \/>\nO atraso dos repasses do Fundo de Manuten\u00e7\u00e3o e Desenvolvimento da Educa\u00e7\u00e3o B\u00e1sica e de Valoriza\u00e7\u00e3o dos Profissionais da Educa\u00e7\u00e3o (Fundeb) foi o principal assunto da reuni\u00e3o. O G1 entrou em contato com a Secretaria de Fazenda do Governo de Minas e aguarda retorno.<br \/>\nEntre os prefeitos que estiveram no encontro, o chefe do Executivo de Divin\u00f3polis, Galileu Machado (PMDB), falou sobre a situa\u00e7\u00e3o financeira da cidade e, pela primeira vez, ap\u00f3s ter se pronunciado em outras ocasi\u00f5es sobre o assunto, cogitou escalonar o sal\u00e1rio dos profissionais da educa\u00e7\u00e3o.<br \/>\n\u201cO Governo nos deve no Fundeb R$ 6 milh\u00f5es. O que vai acontecer \u00e9 que o sal\u00e1rio dos professores e o transporte escolar v\u00e3o ficar prejudicados. Vou ter que tomar a provid\u00eancia de escalonar o pagamento e o que for necess\u00e1rio para que a gente cubra essa irresponsabilidade do governador da maneira que for poss\u00edvel\u201d, afirmou Galileu.<br \/>\nO prefeito de Itapecerica, Willer Rodrigues Reis (PHS), tamb\u00e9m esteve no encontro, e apesar de n\u00e3o dar detalhes da situa\u00e7\u00e3o na cidade, informou que a falta do repasse vai comprometer os servi\u00e7os prestados pelo setor da educa\u00e7\u00e3o.<br \/>\n\u201cSem recursos n\u00e3o h\u00e1 como levar os servi\u00e7os \u00e0 popula\u00e7\u00e3o. Estamos unidos aos prefeitos do Centro-Oeste para reivindicar o pagamento daquilo que \u00e9 direito nosso, dos nossos munic\u00edpios, e n\u00f3s temos obriga\u00e7\u00f5es a cumprir\u201d, comentou.<br \/>\nPrefeitos do Centro-Oeste de MG se re\u00fanem para debater atraso em repasses do Estado<br \/>\nReuni\u00e3o<br \/>\nO prefeito de Carmo do Cajuru e presidente da Amvi, Almir Resende J\u00fanior, informou que o prop\u00f3sito do encontro foi al\u00e9m de cada munic\u00edpio expor as dificuldades financeiras, mas para firmar uma parceria entre os prefeitos.<br \/>\n\u201cAlgumas medidas foram tomadas por meio da Associa\u00e7\u00e3o Mineira de Munic\u00edpios (AMM), como medidas judiciais para que o Governo tomasse uma posi\u00e7\u00e3o, mas tivemos um retorno pequeno disso. Temos que fazer mais, lidar com outros meios na Justi\u00e7a, porque a situa\u00e7\u00e3o pode virar um caos a partir de agosto, porque nenhum munic\u00edpio tem condi\u00e7\u00e3o de continuar suprindo as obriga\u00e7\u00f5es do Estado\u201d, concluiu Resende.<br \/>\nDivin\u00f3polis<br \/>\nNo dia 26 de junho, em entrevista ao G1, a secret\u00e1ria municipal de Fazenda, Suzana Xavier, explicou que o recurso das f\u00e9rias estava suspenso para os servidores da educa\u00e7\u00e3o. A medida teve que ser adotada para garantir que o sal\u00e1rio dos educadores que recebem pelo fundo fosse pago junto com o dos demais servidores da Prefeitura no 5\u00ba dia \u00fatil de julho.<br \/>\nDos pouco mais de R$ 7 milh\u00f5es da folha de pagamento do setor de Educa\u00e7\u00e3o da Prefeitura de Divin\u00f3polis, aproximadamente R$ 6,5 milh\u00f5es s\u00e3o pagos com recursos do Fundeb, o que corresponde a mais de 90% dos sal\u00e1rios quitados no in\u00edcio deste m\u00eas.<br \/>\nApesar da situa\u00e7\u00e3o ser cr\u00edtica e a Prefeitura temer por n\u00e3o pagar a folha de agosto, o munic\u00edpio n\u00e3o havia falado de escalonar os sal\u00e1rios, como cogitou Galileu na manh\u00e3 desta segunda-feira.<br \/>\nD\u00edvida dos Munic\u00edpios<br \/>\nEm maio, a AMM e o Conselho de Secretarias Municipais de Sa\u00fade de Minas Gerais informaram ao G1 que a d\u00edvida do Governo com \u00e0s prefeituras da Regional de Sa\u00fade do Centro-Oeste era mais de R$ 227 milh\u00f5es.<br \/>\nNa \u00e9poca, o d\u00e9bito do Estado com as prefeituras ultrapassava R$ 4,7 bilh\u00f5es. Deste total, R$ 3,7 bilh\u00f5es s\u00e3o referentes \u00e0 Sa\u00fade. Conforme a Amvi, o estado deve aproximadamente R$ 8 bilh\u00f5es aos munic\u00edpios mineiros referente ao Fundeb.<br \/>\nNa regi\u00e3o Centro-Oeste, o montante em d\u00e9bito com a \u00e1rea chegou a R$ 227.593.368,33 , segundo informa\u00e7\u00e3o das prefeituras integrantes da Superintend\u00eancia Regional de Sa\u00fade (SRS) da regi\u00e3o Centro-Oeste, com sede em Divin\u00f3polis.<br \/>\nPor meio do Conselho de Secretarias Municipais de Sa\u00fade de Minas Gerais (Cosems-MG), a reportagem obteve dados que apontam que a falta de repasses relacionados \u00e0 sa\u00fade se tornou progressiva a partir de junho de 2016, mas que existem d\u00edvidas que continuam vigentes desde 2011.<br \/>\nNo dia 9 desse m\u00eas, o G1 fez um levantamento no qual apontou que a d\u00edvida do Governo com pelo menos tr\u00eas munic\u00edpios da regi\u00e3o Centro-Oeste ultrapassava R$ 80 milh\u00f5es. Em nota, as prefeituras de Divin\u00f3polis, Carmo do Cajuru e Formiga informaram que o valor \u00e9 referente a repasses destinados \u00e0 sa\u00fade e ao transporte escolar.<\/p>\n","protected":false},"excerpt":{"rendered":"<p>Galileu Machado (PMDB) diz que cogita escalonar sal\u00e1rio dos profissionais da educa\u00e7\u00e3o. Prefeitos do Centro-Oeste discutem d\u00edvidas do Fundeb em Divin\u00f3polis Reprodu\u00e7\u00e3o\/TV Integra\u00e7\u00e3o Dez prefeitos da Regi\u00e3o Centro-Oeste se reuniram na manh\u00e3 desta segunda-feira (23), na sede da Associa\u00e7\u00e3o Microrregional dos Munic\u00edpios do Vale do Itapecerica (Amvi) em Divin\u00f3polis, para tratar da d\u00edvida do Governo<\/p>\n","protected":false},"author":1,"featured_media":3967,"comment_status":"open","ping_status":"open","sticky":false,"template":"","format":"standard","meta":{"om_disable_all_campaigns":false,"_monsterinsights_skip_tracking":false,"_monsterinsights_sitenote_active":false,"_monsterinsights_sitenote_note":"","_monsterinsights_sitenote_category":0,"footnotes":""},"categories":[39],"tags":[],"class_list":{"0":"post-3966","1":"post","2":"type-post","3":"status-publish","4":"format-standard","5":"has-post-thumbnail","7":"category-brasil"},"_links":{"self":[{"href":"https:\/\/comandogeraldanoticia.com.br\/index.php\/wp-json\/wp\/v2\/posts\/3966","targetHints":{"allow":["GET"]}}],"collection":[{"href":"https:\/\/comandogeraldanoticia.com.br\/index.php\/wp-json\/wp\/v2\/posts"}],"about":[{"href":"https:\/\/comandogeraldanoticia.com.br\/index.php\/wp-json\/wp\/v2\/types\/post"}],"author":[{"embeddable":true,"href":"https:\/\/comandogeraldanoticia.com.br\/index.php\/wp-json\/wp\/v2\/users\/1"}],"replies":[{"embeddable":true,"href":"https:\/\/comandogeraldanoticia.com.br\/index.php\/wp-json\/wp\/v2\/comments?post=3966"}],"version-history":[{"count":0,"href":"https:\/\/comandogeraldanoticia.com.br\/index.php\/wp-json\/wp\/v2\/posts\/3966\/revisions"}],"wp:featuredmedia":[{"embeddable":true,"href":"https:\/\/comandogeraldanoticia.com.br\/index.php\/wp-json\/wp\/v2\/media\/3967"}],"wp:attachment":[{"href":"https:\/\/comandogeraldanoticia.com.br\/index.php\/wp-json\/wp\/v2\/media?parent=3966"}],"wp:term":[{"taxonomy":"category","embeddable":true,"href":"https:\/\/comandogeraldanoticia.com.br\/index.php\/wp-json\/wp\/v2\/categories?post=3966"},{"taxonomy":"post_tag","embeddable":true,"href":"https:\/\/comandogeraldanoticia.com.br\/index.php\/wp-json\/wp\/v2\/tags?post=3966"}],"curies":[{"name":"wp","href":"https:\/\/api.w.org\/{rel}","templated":true}]}}