{"id":3944,"date":"2022-09-22T22:11:06","date_gmt":"2022-09-22T22:11:06","guid":{"rendered":"https:\/\/comandogeraldanoticia.com.br\/index.php\/2022\/09\/22\/11-das-criancas-e-adolescentes-estao-fora-da-escola-no-brasil-aponta-pesquisa-do-unicef\/"},"modified":"2022-09-22T22:11:06","modified_gmt":"2022-09-22T22:11:06","slug":"11-das-criancas-e-adolescentes-estao-fora-da-escola-no-brasil-aponta-pesquisa-do-unicef","status":"publish","type":"post","link":"https:\/\/comandogeraldanoticia.com.br\/index.php\/2022\/09\/22\/11-das-criancas-e-adolescentes-estao-fora-da-escola-no-brasil-aponta-pesquisa-do-unicef\/","title":{"rendered":"11% das crian\u00e7as e adolescentes est\u00e3o fora da escola no Brasil, aponta pesquisa do Unicef"},"content":{"rendered":"<p><img decoding=\"async\" src=\"https:\/\/s2.glbimg.com\/meF1vwujMv3THlaJDxP7aqMH6oA=\/i.s3.glbimg.com\/v1\/AUTH_59edd422c0c84a879bd37670ae4f538a\/internal_photos\/bs\/2022\/v\/O\/WvRbulRKSLf4fcJHy3DQ\/aula2.jpg\"><br \/>   Levantamento foi realizado pelo Ipec (ex-Ibope) a pedido do Unicef (bra\u00e7o da ONU para a inf\u00e2ncia). Necessidade de trabalhar fora foi o principal motivo citado por quem deixou os bancos escolares.  Pesquisa mostra que 11% das crian\u00e7as e jovens brasileiros est\u00e3o fora da escola<br \/>\nCarlos Trinca\/EPTV<br \/>\nPesquisa divulgada pelo Unicef nesta quinta-feira (15) aponta que 11% das crian\u00e7as e adolescentes entre 11 e 19 anos est\u00e3o fora da escola no Brasil. Isso representa cerca de 2 milh\u00f5es nessa faixa et\u00e1ria longe dos bancos escolares.<br \/>\nNas classe A e B, o percentual \u00e9 de 4% e, nas classes D e E, chega a 17% &#8211; ou seja, quatro vezes maior.<br \/>\nO levantamento \u201cEduca\u00e7\u00e3o brasileira em 2022 \u2013 a voz de adolescentes\u201d foi realizado pelo Ipec (ex-Ibope) a pedido do Fundo das Na\u00e7\u00f5es Unidas para a Inf\u00e2ncia (Unicef) e reflete o cen\u00e1rio da educa\u00e7\u00e3o brasileira ap\u00f3s mais de dois anos de pandemia.<br \/>\nLEIA TAMB\u00c9M<br \/>\n\u2018A preta do morro se formou\u2019: filha de faxineira conclui faculdade de enfermagem e viraliza nas redes sociais<br \/>\nA dois dias da divulga\u00e7\u00e3o dos resultados sobre aprendizagem na pandemia, coordenadora do Saeb pede demiss\u00e3o<br \/>\nCursos EaD t\u00eam maioria dos alunos pela 1\u00aa vez, aponta exame do MEC; nota \u00e9 mais baixa do que presencial<br \/>\nA chefe de Educa\u00e7\u00e3o do Unicef no Brasil, M\u00f4nica Dias Pinto, faz um alerta para a situa\u00e7\u00e3o do ensino no pa\u00eds e defende mais investimentos na \u00e1rea para evitar a evas\u00e3o escolar e garantir a recupera\u00e7\u00e3o da aprendizagem.<br \/>\n\u201cO pa\u00eds est\u00e1 diante de uma crise urgente na educa\u00e7\u00e3o. H\u00e1, pelo menos, 2 milh\u00f5es de meninas e meninos fora da escola, somente na faixa et\u00e1ria de 11 e 19 anos. Se incluirmos as crian\u00e7as de 4 a 10 anos, o n\u00famero certamente \u00e9 ainda maior. E a eles se somam outros milh\u00f5es que est\u00e3o na escola, sem aprender, em risco de evadir&#8221;, afirma.<br \/>\nMotivos<br \/>\nEntre aqueles que evadiram, 48% dizem que o principal motivo para deixar a escola foi a necessidade de trabalhar fora. Em segundo lugar, 30% afirmaram que sa\u00edram por n\u00e3o conseguirem acompanhar as aulas.<br \/>\nAl\u00e9m disso, 21% dos alunos que frequentam a escola pensaram em desistir nos \u00faltimos tr\u00eas meses (em rela\u00e7\u00e3o a agosto de 2022, quando a pesquisa foi realizada). Entre as raz\u00f5es citadas,<br \/>\n50% dizem que n\u00e3o conseguem acompanhar as explica\u00e7\u00f5es ou atividades passadas pelos professores;<br \/>\n38% sentem que a escola \u00e9 desinteressante; e<br \/>\n35% n\u00e3o se sentem acolhidos na sua escola.<br \/>\nFalta de transporte, dificuldade financeira e gravidez tamb\u00e9m aparecem em menor porcentagem.<br \/>\nAulas presenciais animam estudantes<br \/>\nApesar dos obst\u00e1culos, segundo a pesquisa, entre os que est\u00e3o frequentando a escola, 84% dos alunos afirmaram estar interessados nos estudos, 71% se sentem animados e 70% est\u00e3o otimistas com o futuro.<br \/>\nA volta das atividades presenciais \u00e9 parte da raz\u00e3o para um \u00edndice t\u00e3o alto, mesmo com as dificuldades de readapta\u00e7\u00e3o \u00e0 rotina de estudos.<br \/>\nEm compara\u00e7\u00e3o com o per\u00edodo pr\u00e9-pandemia, 52% est\u00e3o frequentando mais as aulas e 46% est\u00e3o participando das aulas por um tempo maior.<br \/>\nNo entanto, o levantamento mostra que ainda h\u00e1 escolas fechadas, oferecendo apenas aulas remotas. Enquanto 92% dos estudantes dizem que a sua escola s\u00f3 tem aulas presenciais, ainda h\u00e1 5% que afirmam ter aulas presenciais e remotas, e 3% que t\u00eam apenas aulas remotas.<br \/>\n\u201cN\u00e3o se pode mais aceitar que escolas continuem fechadas no Brasil em meados de 2022. \u00c9 urgente tomar as medidas necess\u00e1rias para que cada crian\u00e7a e adolescente possa estar presencialmente na escola, sem exce\u00e7\u00e3o\u201d, afirma M\u00f4nica.<br \/>\nSobre a pesquisa<br \/>\nA pesquisa \u201cEduca\u00e7\u00e3o brasileira em 2022 \u2013 a voz de adolescentes\u201d, foi realizada pelo Ipec a pedido do Unicef. O levantamento foi feito de 9 a 18 de agosto de 2022. A margem de erro \u00e9 de 3 pontos percentuais para mais ou para menos.<br \/>\nForam ouvidos estudantes que est\u00e3o na rede p\u00fablica de ensino e tamb\u00e9m aqueles que n\u00e3o completaram o ensino m\u00e9dio e n\u00e3o est\u00e3o mais frequentando a escola.<br \/>\nAo todo, foram realizadas 1.100 entrevistas com meninas e meninos de 11 a 19 anos, organizadas de modo a ser representativas da popula\u00e7\u00e3o-alvo do estudo.<br \/>\nV\u00cdDEOS E PODCAST<\/p>\n","protected":false},"excerpt":{"rendered":"<p>Levantamento foi realizado pelo Ipec (ex-Ibope) a pedido do Unicef (bra\u00e7o da ONU para a inf\u00e2ncia). Necessidade de trabalhar fora foi o principal motivo citado por quem deixou os bancos escolares. Pesquisa mostra que 11% das crian\u00e7as e jovens brasileiros est\u00e3o fora da escola Carlos Trinca\/EPTV Pesquisa divulgada pelo Unicef nesta quinta-feira (15) aponta que<\/p>\n","protected":false},"author":1,"featured_media":3945,"comment_status":"open","ping_status":"open","sticky":false,"template":"","format":"standard","meta":{"om_disable_all_campaigns":false,"_monsterinsights_skip_tracking":false,"_monsterinsights_sitenote_active":false,"_monsterinsights_sitenote_note":"","_monsterinsights_sitenote_category":0,"footnotes":""},"categories":[44],"tags":[],"class_list":{"0":"post-3944","1":"post","2":"type-post","3":"status-publish","4":"format-standard","5":"has-post-thumbnail","7":"category-example-6"},"_links":{"self":[{"href":"https:\/\/comandogeraldanoticia.com.br\/index.php\/wp-json\/wp\/v2\/posts\/3944","targetHints":{"allow":["GET"]}}],"collection":[{"href":"https:\/\/comandogeraldanoticia.com.br\/index.php\/wp-json\/wp\/v2\/posts"}],"about":[{"href":"https:\/\/comandogeraldanoticia.com.br\/index.php\/wp-json\/wp\/v2\/types\/post"}],"author":[{"embeddable":true,"href":"https:\/\/comandogeraldanoticia.com.br\/index.php\/wp-json\/wp\/v2\/users\/1"}],"replies":[{"embeddable":true,"href":"https:\/\/comandogeraldanoticia.com.br\/index.php\/wp-json\/wp\/v2\/comments?post=3944"}],"version-history":[{"count":0,"href":"https:\/\/comandogeraldanoticia.com.br\/index.php\/wp-json\/wp\/v2\/posts\/3944\/revisions"}],"wp:featuredmedia":[{"embeddable":true,"href":"https:\/\/comandogeraldanoticia.com.br\/index.php\/wp-json\/wp\/v2\/media\/3945"}],"wp:attachment":[{"href":"https:\/\/comandogeraldanoticia.com.br\/index.php\/wp-json\/wp\/v2\/media?parent=3944"}],"wp:term":[{"taxonomy":"category","embeddable":true,"href":"https:\/\/comandogeraldanoticia.com.br\/index.php\/wp-json\/wp\/v2\/categories?post=3944"},{"taxonomy":"post_tag","embeddable":true,"href":"https:\/\/comandogeraldanoticia.com.br\/index.php\/wp-json\/wp\/v2\/tags?post=3944"}],"curies":[{"name":"wp","href":"https:\/\/api.w.org\/{rel}","templated":true}]}}