{"id":3936,"date":"2022-09-22T22:10:40","date_gmt":"2022-09-22T22:10:40","guid":{"rendered":"https:\/\/comandogeraldanoticia.com.br\/index.php\/2022\/09\/22\/rompimento-de-barreira-no-rio-araguari-causa-problemas-ambientais-em-uberlandia\/"},"modified":"2022-09-22T22:10:40","modified_gmt":"2022-09-22T22:10:40","slug":"rompimento-de-barreira-no-rio-araguari-causa-problemas-ambientais-em-uberlandia","status":"publish","type":"post","link":"https:\/\/comandogeraldanoticia.com.br\/index.php\/2022\/09\/22\/rompimento-de-barreira-no-rio-araguari-causa-problemas-ambientais-em-uberlandia\/","title":{"rendered":"Rompimento de barreira no Rio Araguari causa problemas ambientais  em Uberl\u00e2ndia"},"content":{"rendered":"<p>Grupo de ambientalistas denunciou a situa\u00e7\u00e3o na regi\u00e3o do Pau Furado. Cons\u00f3rcio Capim Branco disse que iniciou processo de investiga\u00e7\u00e3o das causas.  O rompimento de um dique &#8211; barreira de conten\u00e7\u00e3o de \u00e1gua &#8211; que fica nos limites do Parque Estadual do Pau Furado, em Uberl\u00e2ndia, foi denunciado por um grupo de ambientalistas e est\u00e1 causando problemas ambientais na Bacia do Rio Araguari.<br \/>\nO cons\u00f3rcio Capim Branco Energia, \u00f3rg\u00e3o respons\u00e1vel pela estrutura, informou por meio de nota que assim que identificou o problema acionou os \u00f3rg\u00e3os competentes e iniciou o processo de investiga\u00e7\u00e3o das causas. Esclareceu ainda que uma equipe t\u00e9cnica est\u00e1 monitorando a situa\u00e7\u00e3o e trabalhando no reestabelecimento do dique.<br \/>\nRompimento de barreira no Rio Araguari causa problemas ambientais em Uberl\u00e2ndia<br \/>\nA soleira \u00e9 utilizada para manter o fluxo de quantidade m\u00ednima de \u00e1gua com o intuito de preservar os ambientes aqu\u00e1ticos e a biodiversidade em \u00e1reas pr\u00f3ximas a barragens. O grupo &#8220;Amigos da Cachoeira&#8221; informou que o rompimento aconteceu no m\u00eas passado e o buraco na estrutura acabou alterando o ambiente aqu\u00e1tico.<br \/>\nA monitora do grupo ativista, Rafaela Resende, disse que desde que o problema come\u00e7ou nada foi feito. \u201cO Igam [Instituto Mineiro de Gest\u00e3o das \u00c1guas] j\u00e1 fez multa di\u00e1ria ao Capim Branco, mas n\u00e3o temos nenhum relat\u00f3rio, nenhuma informa\u00e7\u00e3o dos danos j\u00e1 causados e previs\u00e3o para o problema ser solucionado\u201d, comentou.<br \/>\nParque do Pau Furado ainda tem reflexos do inc\u00eandio que devastou parte da reserva em Uberl\u00e2ndia<br \/>\nA veterin\u00e1ria especialista em aves, Graziela Pascoli, explicou que at\u00e9 esp\u00e9cies nativas est\u00e3o desaparecendo por esse motivo.<br \/>\n\u201cN\u00f3s temos a andorinha de coleira, que \u00e9 uma ave amea\u00e7ada de extin\u00e7\u00e3o, que tem popula\u00e7\u00f5es muito reduzidas e \u00e9 encontrada principalmente na Bacia do Rio Parana\u00edba, principalmente aqui no Rio Araguari. E esse tipo de ambiente n\u00e3o \u00e9 prop\u00edcio para ela. Ela simplesmente desaparece\u201c, comentou<br \/>\nAl\u00e9m disso, h\u00e1 diversas esp\u00e9cies de peixes sendo prejudicas, segundo a especialista, porque s\u00e3o dependentes de correnteza para manter a ecologia local das esp\u00e9cies.<\/p>\n","protected":false},"excerpt":{"rendered":"<p>Grupo de ambientalistas denunciou a situa\u00e7\u00e3o na regi\u00e3o do Pau Furado. Cons\u00f3rcio Capim Branco disse que iniciou processo de investiga\u00e7\u00e3o das causas. O rompimento de um dique &#8211; barreira de conten\u00e7\u00e3o de \u00e1gua &#8211; que fica nos limites do Parque Estadual do Pau Furado, em Uberl\u00e2ndia, foi denunciado por um grupo de ambientalistas e est\u00e1<\/p>\n","protected":false},"author":1,"featured_media":3937,"comment_status":"open","ping_status":"open","sticky":false,"template":"","format":"standard","meta":{"om_disable_all_campaigns":false,"_monsterinsights_skip_tracking":false,"_monsterinsights_sitenote_active":false,"_monsterinsights_sitenote_note":"","_monsterinsights_sitenote_category":0,"footnotes":""},"categories":[39],"tags":[],"class_list":{"0":"post-3936","1":"post","2":"type-post","3":"status-publish","4":"format-standard","5":"has-post-thumbnail","7":"category-brasil"},"_links":{"self":[{"href":"https:\/\/comandogeraldanoticia.com.br\/index.php\/wp-json\/wp\/v2\/posts\/3936","targetHints":{"allow":["GET"]}}],"collection":[{"href":"https:\/\/comandogeraldanoticia.com.br\/index.php\/wp-json\/wp\/v2\/posts"}],"about":[{"href":"https:\/\/comandogeraldanoticia.com.br\/index.php\/wp-json\/wp\/v2\/types\/post"}],"author":[{"embeddable":true,"href":"https:\/\/comandogeraldanoticia.com.br\/index.php\/wp-json\/wp\/v2\/users\/1"}],"replies":[{"embeddable":true,"href":"https:\/\/comandogeraldanoticia.com.br\/index.php\/wp-json\/wp\/v2\/comments?post=3936"}],"version-history":[{"count":0,"href":"https:\/\/comandogeraldanoticia.com.br\/index.php\/wp-json\/wp\/v2\/posts\/3936\/revisions"}],"wp:featuredmedia":[{"embeddable":true,"href":"https:\/\/comandogeraldanoticia.com.br\/index.php\/wp-json\/wp\/v2\/media\/3937"}],"wp:attachment":[{"href":"https:\/\/comandogeraldanoticia.com.br\/index.php\/wp-json\/wp\/v2\/media?parent=3936"}],"wp:term":[{"taxonomy":"category","embeddable":true,"href":"https:\/\/comandogeraldanoticia.com.br\/index.php\/wp-json\/wp\/v2\/categories?post=3936"},{"taxonomy":"post_tag","embeddable":true,"href":"https:\/\/comandogeraldanoticia.com.br\/index.php\/wp-json\/wp\/v2\/tags?post=3936"}],"curies":[{"name":"wp","href":"https:\/\/api.w.org\/{rel}","templated":true}]}}