{"id":3934,"date":"2022-09-22T22:10:41","date_gmt":"2022-09-22T22:10:41","guid":{"rendered":"https:\/\/comandogeraldanoticia.com.br\/index.php\/2022\/09\/22\/previsao-e-de-nevoa-seca-e-ceu-nublado-durante-a-semana-no-centro-oeste-de-mg\/"},"modified":"2022-09-22T22:10:41","modified_gmt":"2022-09-22T22:10:41","slug":"previsao-e-de-nevoa-seca-e-ceu-nublado-durante-a-semana-no-centro-oeste-de-mg","status":"publish","type":"post","link":"https:\/\/comandogeraldanoticia.com.br\/index.php\/2022\/09\/22\/previsao-e-de-nevoa-seca-e-ceu-nublado-durante-a-semana-no-centro-oeste-de-mg\/","title":{"rendered":"Previs\u00e3o \u00e9 de n\u00e9voa seca e c\u00e9u nublado durante a semana no Centro-Oeste de MG"},"content":{"rendered":"<p><img decoding=\"async\" src=\"https:\/\/s2.glbimg.com\/VWRx4tbe3-7jxNTXhTRVEmCFIU0=\/i.s3.glbimg.com\/v1\/AUTH_59edd422c0c84a879bd37670ae4f538a\/internal_photos\/bs\/2017\/4\/c\/K4ic7DTGaU13BZKwz2nQ\/18493589-1455931304457324-1229945450-o.jpg\"><br \/>   Umidade relativa do ar segue baixa e pode chegar a 20%. Frio deve ficar mais intenso a partir de quarta (25). C\u00e9u parcialmente nublado marca previs\u00e3o no Centro-Oeste de Minas<br \/>\nRicardo Welbert\/G1<br \/>\nA previs\u00e3o do tempo para esta semana no Centro-Oeste de Minas \u00e9 de c\u00e9u parcialmente nublado, com n\u00e9voa seca pelas manh\u00e3s.<br \/>\nO Instituto Nacional de Meteorologia (Inmet) informou que a umidade relativa do ar segue baixa e que n\u00e3o h\u00e1 previs\u00e3o de chuva.<br \/>\nAinda de acordo com o Inmet, a umidade deve variar de 70% pela manh\u00e3 a 20% no per\u00edodo da tarde. A Organiza\u00e7\u00e3o Mundial de Sa\u00fade (OMS) diz que a m\u00e9dia ideal deve ser acima de 60%.<br \/>\nO frio pode ficar mais intenso a partir de quarta-feira (25), devido o aumento de incid\u00eancia de ventos na regi\u00e3o. Os term\u00f4metros ir\u00e3o variar com m\u00ednima de 11\u00baC e m\u00e1xima de 29\u00baC.<br \/>\nConfira a previs\u00e3o em algumas cidades<\/p>\n","protected":false},"excerpt":{"rendered":"<p>Umidade relativa do ar segue baixa e pode chegar a 20%. Frio deve ficar mais intenso a partir de quarta (25). C\u00e9u parcialmente nublado marca previs\u00e3o no Centro-Oeste de Minas Ricardo Welbert\/G1 A previs\u00e3o do tempo para esta semana no Centro-Oeste de Minas \u00e9 de c\u00e9u parcialmente nublado, com n\u00e9voa seca pelas manh\u00e3s. O Instituto<\/p>\n","protected":false},"author":1,"featured_media":3935,"comment_status":"open","ping_status":"open","sticky":false,"template":"","format":"standard","meta":{"om_disable_all_campaigns":false,"_monsterinsights_skip_tracking":false,"_monsterinsights_sitenote_active":false,"_monsterinsights_sitenote_note":"","_monsterinsights_sitenote_category":0,"footnotes":""},"categories":[39],"tags":[],"class_list":{"0":"post-3934","1":"post","2":"type-post","3":"status-publish","4":"format-standard","5":"has-post-thumbnail","7":"category-brasil"},"_links":{"self":[{"href":"https:\/\/comandogeraldanoticia.com.br\/index.php\/wp-json\/wp\/v2\/posts\/3934","targetHints":{"allow":["GET"]}}],"collection":[{"href":"https:\/\/comandogeraldanoticia.com.br\/index.php\/wp-json\/wp\/v2\/posts"}],"about":[{"href":"https:\/\/comandogeraldanoticia.com.br\/index.php\/wp-json\/wp\/v2\/types\/post"}],"author":[{"embeddable":true,"href":"https:\/\/comandogeraldanoticia.com.br\/index.php\/wp-json\/wp\/v2\/users\/1"}],"replies":[{"embeddable":true,"href":"https:\/\/comandogeraldanoticia.com.br\/index.php\/wp-json\/wp\/v2\/comments?post=3934"}],"version-history":[{"count":0,"href":"https:\/\/comandogeraldanoticia.com.br\/index.php\/wp-json\/wp\/v2\/posts\/3934\/revisions"}],"wp:featuredmedia":[{"embeddable":true,"href":"https:\/\/comandogeraldanoticia.com.br\/index.php\/wp-json\/wp\/v2\/media\/3935"}],"wp:attachment":[{"href":"https:\/\/comandogeraldanoticia.com.br\/index.php\/wp-json\/wp\/v2\/media?parent=3934"}],"wp:term":[{"taxonomy":"category","embeddable":true,"href":"https:\/\/comandogeraldanoticia.com.br\/index.php\/wp-json\/wp\/v2\/categories?post=3934"},{"taxonomy":"post_tag","embeddable":true,"href":"https:\/\/comandogeraldanoticia.com.br\/index.php\/wp-json\/wp\/v2\/tags?post=3934"}],"curies":[{"name":"wp","href":"https:\/\/api.w.org\/{rel}","templated":true}]}}