{"id":3932,"date":"2022-09-22T22:10:42","date_gmt":"2022-09-22T22:10:42","guid":{"rendered":"https:\/\/comandogeraldanoticia.com.br\/index.php\/2022\/09\/22\/ceu-nublado-marca-inicio-da-semana-em-cidades-da-zona-da-mata-e-campo-das-vertentes\/"},"modified":"2022-09-22T22:10:42","modified_gmt":"2022-09-22T22:10:42","slug":"ceu-nublado-marca-inicio-da-semana-em-cidades-da-zona-da-mata-e-campo-das-vertentes","status":"publish","type":"post","link":"https:\/\/comandogeraldanoticia.com.br\/index.php\/2022\/09\/22\/ceu-nublado-marca-inicio-da-semana-em-cidades-da-zona-da-mata-e-campo-das-vertentes\/","title":{"rendered":"C\u00e9u nublado marca in\u00edcio da semana em cidades da Zona da Mata e Campo das Vertentes"},"content":{"rendered":"<p><img decoding=\"async\" src=\"https:\/\/s2.glbimg.com\/u6k_W7uO1WLQld67Tu8_gL-t4D0=\/i.s3.glbimg.com\/v1\/AUTH_59edd422c0c84a879bd37670ae4f538a\/internal_photos\/bs\/2018\/H\/Y\/cB7UuyRRaWLaI4hADA7A\/still0723-00000.jpg\"><br \/>   Segundo Inmet, temperaturas devem variar entre 11\u00baC e 29\u00baC. Confira previs\u00e3o do tempo. Cidades da Zona da Mata e Vertentes devem apresentar c\u00e9u nublado a parcialmente nublado neste in\u00edcio de semana.<br \/>\nReprodu\u00e7\u00e3o\/TV Integra\u00e7\u00e3o<br \/>\nAs cidades da Zona da Mata e do Campo das Vertentes ter\u00e3o c\u00e9u nublado a parcialmente nublado durante o come\u00e7o desta semana.<br \/>\nDe acordo com o Instituto Nacional de Meteorologia (Inmet), a passagem de uma frente fria aumenta a nebulosidade na regi\u00e3o e as temperaturas devem variar entre 11\u00baC e 29\u00baC.<br \/>\nA umidade do ar pode chegar a 100% pela manh\u00e3 e 50% no per\u00edodo da tarde. H\u00e1 ainda a possibilidade de chuviscos isolados em algumas cidades.<br \/>\nConfira as temperaturas em algumas cidades da regi\u00e3o<\/p>\n","protected":false},"excerpt":{"rendered":"<p>Segundo Inmet, temperaturas devem variar entre 11\u00baC e 29\u00baC. Confira previs\u00e3o do tempo. Cidades da Zona da Mata e Vertentes devem apresentar c\u00e9u nublado a parcialmente nublado neste in\u00edcio de semana. Reprodu\u00e7\u00e3o\/TV Integra\u00e7\u00e3o As cidades da Zona da Mata e do Campo das Vertentes ter\u00e3o c\u00e9u nublado a parcialmente nublado durante o come\u00e7o desta semana.<\/p>\n","protected":false},"author":1,"featured_media":3933,"comment_status":"open","ping_status":"open","sticky":false,"template":"","format":"standard","meta":{"om_disable_all_campaigns":false,"_monsterinsights_skip_tracking":false,"_monsterinsights_sitenote_active":false,"_monsterinsights_sitenote_note":"","_monsterinsights_sitenote_category":0,"footnotes":""},"categories":[39],"tags":[],"class_list":{"0":"post-3932","1":"post","2":"type-post","3":"status-publish","4":"format-standard","5":"has-post-thumbnail","7":"category-brasil"},"_links":{"self":[{"href":"https:\/\/comandogeraldanoticia.com.br\/index.php\/wp-json\/wp\/v2\/posts\/3932","targetHints":{"allow":["GET"]}}],"collection":[{"href":"https:\/\/comandogeraldanoticia.com.br\/index.php\/wp-json\/wp\/v2\/posts"}],"about":[{"href":"https:\/\/comandogeraldanoticia.com.br\/index.php\/wp-json\/wp\/v2\/types\/post"}],"author":[{"embeddable":true,"href":"https:\/\/comandogeraldanoticia.com.br\/index.php\/wp-json\/wp\/v2\/users\/1"}],"replies":[{"embeddable":true,"href":"https:\/\/comandogeraldanoticia.com.br\/index.php\/wp-json\/wp\/v2\/comments?post=3932"}],"version-history":[{"count":0,"href":"https:\/\/comandogeraldanoticia.com.br\/index.php\/wp-json\/wp\/v2\/posts\/3932\/revisions"}],"wp:featuredmedia":[{"embeddable":true,"href":"https:\/\/comandogeraldanoticia.com.br\/index.php\/wp-json\/wp\/v2\/media\/3933"}],"wp:attachment":[{"href":"https:\/\/comandogeraldanoticia.com.br\/index.php\/wp-json\/wp\/v2\/media?parent=3932"}],"wp:term":[{"taxonomy":"category","embeddable":true,"href":"https:\/\/comandogeraldanoticia.com.br\/index.php\/wp-json\/wp\/v2\/categories?post=3932"},{"taxonomy":"post_tag","embeddable":true,"href":"https:\/\/comandogeraldanoticia.com.br\/index.php\/wp-json\/wp\/v2\/tags?post=3932"}],"curies":[{"name":"wp","href":"https:\/\/api.w.org\/{rel}","templated":true}]}}