{"id":3838,"date":"2022-09-22T20:14:42","date_gmt":"2022-09-22T20:14:42","guid":{"rendered":"https:\/\/comandogeraldanoticia.com.br\/index.php\/2022\/09\/22\/corpo-e-encontrado-em-araujos-mg\/"},"modified":"2022-09-22T20:14:42","modified_gmt":"2022-09-22T20:14:42","slug":"corpo-e-encontrado-em-araujos-mg","status":"publish","type":"post","link":"https:\/\/comandogeraldanoticia.com.br\/index.php\/2022\/09\/22\/corpo-e-encontrado-em-araujos-mg\/","title":{"rendered":"Corpo \u00e9 encontrado em Ara\u00fajos, MG"},"content":{"rendered":"<p><img decoding=\"async\" src=\"https:\/\/s2.glbimg.com\/2vtNC-S6IiyjgrfSEzqaHYIIexo=\/i.s3.glbimg.com\/v1\/AUTH_59edd422c0c84a879bd37670ae4f538a\/internal_photos\/bs\/2018\/t\/2\/NCnsdQSQWvX8k8RtnPow\/g1-tela-imagens-forte.png\"><br \/>   Segundo informa\u00e7\u00f5es preliminares da PM, v\u00edtima era uma transexual e apresentava perfura\u00e7\u00f5es de golpe de faca. A reportagem cont\u00e9m imagens fortes<br \/>\nArte\/G1<br \/>\nUm corpo foi encontrado no final da manh\u00e3 desta segunda-feira (23) no povoado de Capivari dos Eleot\u00e9rios, que liga Ara\u00fajos a Nova Serrana. Segundo informa\u00e7\u00f5es da Pol\u00edcia Militar (PM), a v\u00edtima era uma transexual de 19 anos, conhecida como Paola Villefort, e apresentava perfura\u00e7\u00f5es de golpe de faca.<br \/>\nCorpo foi encontrado com marcas de perfura\u00e7\u00e3o de facas, segundo a PM<br \/>\nReprodu\u00e7\u00e3o\/Redes Sociais<br \/>\nAinda segundo a PM, a suspeita \u00e9 de que ela tenha entrado em uma luta corporal antes de ser morta. A per\u00edcia da Pol\u00edcia Civil de Nova Serrana compareceu ao local e confirmou a causa da morte. Ainda n\u00e3o h\u00e1 suspeitos do crime.<br \/>\nQuem tiver informa\u00e7\u00f5es que ajudem na apura\u00e7\u00e3o podem repassar, de forma an\u00f4nima, pelo telefone da PM, 190, ou pelo Disque Den\u00fancia Unificado (DDU), 181.<br \/>\nPerfil de Paola Villefort no Facebook<br \/>\nReprodu\u00e7\u00e3o\/Facebook<\/p>\n","protected":false},"excerpt":{"rendered":"<p>Segundo informa\u00e7\u00f5es preliminares da PM, v\u00edtima era uma transexual e apresentava perfura\u00e7\u00f5es de golpe de faca. A reportagem cont\u00e9m imagens fortes Arte\/G1 Um corpo foi encontrado no final da manh\u00e3 desta segunda-feira (23) no povoado de Capivari dos Eleot\u00e9rios, que liga Ara\u00fajos a Nova Serrana. Segundo informa\u00e7\u00f5es da Pol\u00edcia Militar (PM), a v\u00edtima era uma<\/p>\n","protected":false},"author":1,"featured_media":3839,"comment_status":"open","ping_status":"open","sticky":false,"template":"","format":"standard","meta":{"om_disable_all_campaigns":false,"_monsterinsights_skip_tracking":false,"_monsterinsights_sitenote_active":false,"_monsterinsights_sitenote_note":"","_monsterinsights_sitenote_category":0,"footnotes":""},"categories":[39],"tags":[],"class_list":{"0":"post-3838","1":"post","2":"type-post","3":"status-publish","4":"format-standard","5":"has-post-thumbnail","7":"category-brasil"},"_links":{"self":[{"href":"https:\/\/comandogeraldanoticia.com.br\/index.php\/wp-json\/wp\/v2\/posts\/3838","targetHints":{"allow":["GET"]}}],"collection":[{"href":"https:\/\/comandogeraldanoticia.com.br\/index.php\/wp-json\/wp\/v2\/posts"}],"about":[{"href":"https:\/\/comandogeraldanoticia.com.br\/index.php\/wp-json\/wp\/v2\/types\/post"}],"author":[{"embeddable":true,"href":"https:\/\/comandogeraldanoticia.com.br\/index.php\/wp-json\/wp\/v2\/users\/1"}],"replies":[{"embeddable":true,"href":"https:\/\/comandogeraldanoticia.com.br\/index.php\/wp-json\/wp\/v2\/comments?post=3838"}],"version-history":[{"count":0,"href":"https:\/\/comandogeraldanoticia.com.br\/index.php\/wp-json\/wp\/v2\/posts\/3838\/revisions"}],"wp:featuredmedia":[{"embeddable":true,"href":"https:\/\/comandogeraldanoticia.com.br\/index.php\/wp-json\/wp\/v2\/media\/3839"}],"wp:attachment":[{"href":"https:\/\/comandogeraldanoticia.com.br\/index.php\/wp-json\/wp\/v2\/media?parent=3838"}],"wp:term":[{"taxonomy":"category","embeddable":true,"href":"https:\/\/comandogeraldanoticia.com.br\/index.php\/wp-json\/wp\/v2\/categories?post=3838"},{"taxonomy":"post_tag","embeddable":true,"href":"https:\/\/comandogeraldanoticia.com.br\/index.php\/wp-json\/wp\/v2\/tags?post=3838"}],"curies":[{"name":"wp","href":"https:\/\/api.w.org\/{rel}","templated":true}]}}