{"id":3724,"date":"2022-09-22T18:11:41","date_gmt":"2022-09-22T18:11:41","guid":{"rendered":"https:\/\/comandogeraldanoticia.com.br\/index.php\/2022\/09\/22\/ceara-tem-66-municipios-com-emergencia-reconhecida-pelo-governo-federal\/"},"modified":"2022-09-22T18:11:41","modified_gmt":"2022-09-22T18:11:41","slug":"ceara-tem-66-municipios-com-emergencia-reconhecida-pelo-governo-federal","status":"publish","type":"post","link":"https:\/\/comandogeraldanoticia.com.br\/index.php\/2022\/09\/22\/ceara-tem-66-municipios-com-emergencia-reconhecida-pelo-governo-federal\/","title":{"rendered":"Cear\u00e1 tem 66 munic\u00edpios com emerg\u00eancia reconhecida pelo Governo Federal"},"content":{"rendered":"<p><img decoding=\"async\" src=\"https:\/\/s2.glbimg.com\/aktFEMxx84AuWQCNKFSOZR7pSx0=\/s.glbimg.com\/jo\/g1\/f\/original\/2017\/03\/28\/ceara.jpg\"><br \/>   Nesta segunda-feira (23), houve o reconhecimento de mais 26 munic\u00edpios pela  Secretaria Nacional de Prote\u00e7\u00e3o e Defesa Civil. Seca deixa deixa moradores  sem \u00e1gua para consumo humano e para a agricultura.<br \/>\nReprodu\u00e7\u00e3o\/TV Verdes Mares<br \/>\nMais 26 munic\u00edpios cearenses tiveram situa\u00e7\u00e3o de emerg\u00eancia em decorr\u00eancia da seca reconhecida pelo Minist\u00e9rio da Integra\u00e7\u00e3o Nacional. A portaria da Secretaria Nacional de Prote\u00e7\u00e3o e Defesa Civil foi publicada na edi\u00e7\u00e3o desta segunda-feira (23) do Di\u00e1rio Oficial da Uni\u00e3o. Com esses, j\u00e1 s\u00e3o 66 munic\u00edpios nesta situa\u00e7\u00e3o reconhecida pelo Governo Federal.<br \/>\nOutros nove munic\u00edpios cearenses se encontram em situa\u00e7\u00e3o de emerg\u00eancia por estiagem ou seca decretada ou homologada pelo Governo do Estado do Cear\u00e1, \u00e0 espera de reconhecimento pela  Secretaria Nacional de Prote\u00e7\u00e3o e Defesa Civil.<br \/>\nO reconhecimento permitir\u00e1 que as prefeituras solicitem apoio do Governo Federal para a\u00e7\u00f5es de socorro, assist\u00eancia e restabelecimento de servi\u00e7os essenciais \u00e0 popula\u00e7\u00e3o atingida. A portaria do Governo Federal tem vig\u00eancia de 180 dias.<br \/>\nSitua\u00e7\u00e3o dos munic\u00edpios cearenses em julho de 2018<br \/>\nDefesa Civil do Estado<br \/>\nMunic\u00edpios<br \/>\nOs munic\u00edpios reconhecidos  pelo Governo Federal nesta segunda-feira, s\u00e3o Acopiara, Assar\u00e9, Bela Cruz, Cedro, Chaval, Crate\u00fas, Crato, Groa\u00edras, Hidrol\u00e2ndia, Icapu\u00ed, Ic\u00f3, Iguatu, Independ\u00eancia, Ipu, Itapaj\u00e9, Jaguaruana, Lavras da Mangabeira, Madalena, Miss\u00e3o Velha, Nova Olinda, Ocara, Parambu, Paramoti, Reriutaba, S\u00e3o Gon\u00e7alo do Amarante e Umirim.<br \/>\nEmerg\u00eancia<br \/>\nNo caso da seca, antes de ter o reconhecimento do Governo Federal, \u00e9 necess\u00e1rio a decreta\u00e7\u00e3o da situa\u00e7\u00e3o de emerg\u00eancia pelo governo municipal ou estadual com o fim de estabelecer uma situa\u00e7\u00e3o jur\u00eddica especial para a execu\u00e7\u00e3o das a\u00e7\u00f5es de assist\u00eancia \u00e0 popula\u00e7\u00e3o (Opera\u00e7\u00e3o Carro-Pipa, por exemplo) e de restabelecimento do abastecimento d&#8217;\u00e1gua (obras e servi\u00e7os como a instala\u00e7\u00e3o de sistemas simplificados de abastecimento e a montagem de adutoras de engate r\u00e1pido).<\/p>\n","protected":false},"excerpt":{"rendered":"<p>Nesta segunda-feira (23), houve o reconhecimento de mais 26 munic\u00edpios pela Secretaria Nacional de Prote\u00e7\u00e3o e Defesa Civil. Seca deixa deixa moradores sem \u00e1gua para consumo humano e para a agricultura. Reprodu\u00e7\u00e3o\/TV Verdes Mares Mais 26 munic\u00edpios cearenses tiveram situa\u00e7\u00e3o de emerg\u00eancia em decorr\u00eancia da seca reconhecida pelo Minist\u00e9rio da Integra\u00e7\u00e3o Nacional. A portaria da<\/p>\n","protected":false},"author":1,"featured_media":3725,"comment_status":"open","ping_status":"open","sticky":false,"template":"","format":"standard","meta":{"om_disable_all_campaigns":false,"_monsterinsights_skip_tracking":false,"_monsterinsights_sitenote_active":false,"_monsterinsights_sitenote_note":"","_monsterinsights_sitenote_category":0,"footnotes":""},"categories":[39],"tags":[],"class_list":{"0":"post-3724","1":"post","2":"type-post","3":"status-publish","4":"format-standard","5":"has-post-thumbnail","7":"category-brasil"},"_links":{"self":[{"href":"https:\/\/comandogeraldanoticia.com.br\/index.php\/wp-json\/wp\/v2\/posts\/3724","targetHints":{"allow":["GET"]}}],"collection":[{"href":"https:\/\/comandogeraldanoticia.com.br\/index.php\/wp-json\/wp\/v2\/posts"}],"about":[{"href":"https:\/\/comandogeraldanoticia.com.br\/index.php\/wp-json\/wp\/v2\/types\/post"}],"author":[{"embeddable":true,"href":"https:\/\/comandogeraldanoticia.com.br\/index.php\/wp-json\/wp\/v2\/users\/1"}],"replies":[{"embeddable":true,"href":"https:\/\/comandogeraldanoticia.com.br\/index.php\/wp-json\/wp\/v2\/comments?post=3724"}],"version-history":[{"count":0,"href":"https:\/\/comandogeraldanoticia.com.br\/index.php\/wp-json\/wp\/v2\/posts\/3724\/revisions"}],"wp:featuredmedia":[{"embeddable":true,"href":"https:\/\/comandogeraldanoticia.com.br\/index.php\/wp-json\/wp\/v2\/media\/3725"}],"wp:attachment":[{"href":"https:\/\/comandogeraldanoticia.com.br\/index.php\/wp-json\/wp\/v2\/media?parent=3724"}],"wp:term":[{"taxonomy":"category","embeddable":true,"href":"https:\/\/comandogeraldanoticia.com.br\/index.php\/wp-json\/wp\/v2\/categories?post=3724"},{"taxonomy":"post_tag","embeddable":true,"href":"https:\/\/comandogeraldanoticia.com.br\/index.php\/wp-json\/wp\/v2\/tags?post=3724"}],"curies":[{"name":"wp","href":"https:\/\/api.w.org\/{rel}","templated":true}]}}