{"id":3666,"date":"2022-09-22T17:10:38","date_gmt":"2022-09-22T17:10:38","guid":{"rendered":"https:\/\/comandogeraldanoticia.com.br\/index.php\/2022\/09\/22\/comissariado-do-ap-fiscaliza-embarque-de-menores-para-o-festival-do-camarao-no-pa\/"},"modified":"2022-09-22T17:10:38","modified_gmt":"2022-09-22T17:10:38","slug":"comissariado-do-ap-fiscaliza-embarque-de-menores-para-o-festival-do-camarao-no-pa","status":"publish","type":"post","link":"https:\/\/comandogeraldanoticia.com.br\/index.php\/2022\/09\/22\/comissariado-do-ap-fiscaliza-embarque-de-menores-para-o-festival-do-camarao-no-pa\/","title":{"rendered":"Comissariado do AP fiscaliza embarque de menores para o Festival do Camar\u00e3o no PA"},"content":{"rendered":"<p><img decoding=\"async\" src=\"https:\/\/s2.glbimg.com\/3ywfLG3crqb2_IbtEpaMMHkkLi4=\/i.s3.glbimg.com\/v1\/AUTH_59edd422c0c84a879bd37670ae4f538a\/internal_photos\/bs\/2017\/t\/5\/djVGKLQnCBELdSqg8L2Q\/dsc-0051.jpg\"><br \/>   Fluxo de passageiros aumenta nos principais portos em Macap\u00e1 com destino ao Afu\u00e1, no Par\u00e1. Justi\u00e7a leva \u00e0 rampa do bairro Santa In\u00eas orienta\u00e7\u00f5es e atendimentos de urg\u00eancia. Festival do Camar\u00e3o provoca aumento de fluxo de passageiros com destino ao Afu\u00e1<br \/>\nJorge Abreu\/G1<br \/>\nCom o aumento de embarques nos portos de Macap\u00e1, o Comissariado da Inf\u00e2ncia e Juventude intensifica a fiscaliza\u00e7\u00e3o para evitar irregularidades e at\u00e9 crimes envolvendo menores de idade. O Festival do Camar\u00e3o tem provocado essa procura por passagens com destino ao Afu\u00e1, no interior do Par\u00e1.<br \/>\nA partir de quinta-feira (26), data de in\u00edcio da programa\u00e7\u00e3o festiva paraense, a Justi\u00e7a vai levar um trailer para orientar e prestar atendimentos de urg\u00eancia aos passageiros. A a\u00e7\u00e3o ficar\u00e1 concentrada na rampa da orla do bairro Santa In\u00eas, principal porto da capital.<br \/>\nDe acordo com o comiss\u00e1rio da Justi\u00e7a, Jos\u00e9 Casemiro, a crian\u00e7a que for viajar sem os pais ou respons\u00e1veis precisa ter uma autoriza\u00e7\u00e3o, que pode ser emitida no F\u00f3rum, na rodovi\u00e1ria ou no aeroporto. Ele destaca que o documento deve ser solicitado com anteced\u00eancia.<br \/>\n\u201cEssa semana se intensifica as fiscaliza\u00e7\u00f5es devido o Festival do Camar\u00e3o. O que primeiro verificamos \u00e9 a quest\u00e3o de documenta\u00e7\u00e3o para saber se a viagem est\u00e1 atendendo as necessidades legais, se a crian\u00e7a est\u00e1 acompanhada dos pais e se o adolescente tem documenta\u00e7\u00e3o\u201d, disse.<br \/>\nO Festival do Camar\u00e3o \u00e9 uma programa\u00e7\u00e3o cultural e gastron\u00f4mica, que acontece no per\u00edodo de 27 a 29 de julho. Em todos os anos, o evento mobiliza milhares de habitantes do Amap\u00e1. As passagens para o Afu\u00e1 s\u00e3o em m\u00e9dia no valor de R$ 45.<br \/>\n*Com informa\u00e7\u00f5es da Rede Amaz\u00f4nica no Amap\u00e1.<br \/>\nTem alguma not\u00edcia para compartilhar? Envie para o T\u00f4 Na Rede!<\/p>\n","protected":false},"excerpt":{"rendered":"<p>Fluxo de passageiros aumenta nos principais portos em Macap\u00e1 com destino ao Afu\u00e1, no Par\u00e1. Justi\u00e7a leva \u00e0 rampa do bairro Santa In\u00eas orienta\u00e7\u00f5es e atendimentos de urg\u00eancia. Festival do Camar\u00e3o provoca aumento de fluxo de passageiros com destino ao Afu\u00e1 Jorge Abreu\/G1 Com o aumento de embarques nos portos de Macap\u00e1, o Comissariado da<\/p>\n","protected":false},"author":1,"featured_media":3667,"comment_status":"open","ping_status":"open","sticky":false,"template":"","format":"standard","meta":{"om_disable_all_campaigns":false,"_monsterinsights_skip_tracking":false,"_monsterinsights_sitenote_active":false,"_monsterinsights_sitenote_note":"","_monsterinsights_sitenote_category":0,"footnotes":""},"categories":[39],"tags":[],"class_list":{"0":"post-3666","1":"post","2":"type-post","3":"status-publish","4":"format-standard","5":"has-post-thumbnail","7":"category-brasil"},"_links":{"self":[{"href":"https:\/\/comandogeraldanoticia.com.br\/index.php\/wp-json\/wp\/v2\/posts\/3666","targetHints":{"allow":["GET"]}}],"collection":[{"href":"https:\/\/comandogeraldanoticia.com.br\/index.php\/wp-json\/wp\/v2\/posts"}],"about":[{"href":"https:\/\/comandogeraldanoticia.com.br\/index.php\/wp-json\/wp\/v2\/types\/post"}],"author":[{"embeddable":true,"href":"https:\/\/comandogeraldanoticia.com.br\/index.php\/wp-json\/wp\/v2\/users\/1"}],"replies":[{"embeddable":true,"href":"https:\/\/comandogeraldanoticia.com.br\/index.php\/wp-json\/wp\/v2\/comments?post=3666"}],"version-history":[{"count":0,"href":"https:\/\/comandogeraldanoticia.com.br\/index.php\/wp-json\/wp\/v2\/posts\/3666\/revisions"}],"wp:featuredmedia":[{"embeddable":true,"href":"https:\/\/comandogeraldanoticia.com.br\/index.php\/wp-json\/wp\/v2\/media\/3667"}],"wp:attachment":[{"href":"https:\/\/comandogeraldanoticia.com.br\/index.php\/wp-json\/wp\/v2\/media?parent=3666"}],"wp:term":[{"taxonomy":"category","embeddable":true,"href":"https:\/\/comandogeraldanoticia.com.br\/index.php\/wp-json\/wp\/v2\/categories?post=3666"},{"taxonomy":"post_tag","embeddable":true,"href":"https:\/\/comandogeraldanoticia.com.br\/index.php\/wp-json\/wp\/v2\/tags?post=3666"}],"curies":[{"name":"wp","href":"https:\/\/api.w.org\/{rel}","templated":true}]}}