{"id":36466,"date":"2023-01-26T09:15:39","date_gmt":"2023-01-26T09:15:39","guid":{"rendered":"https:\/\/comandogeraldanoticia.com.br\/index.php\/2023\/01\/26\/museu-espanhol-devolve-a-polonia-pinturas-roubadas-pelos-nazistas-durante-segunda-guerra-mundial\/"},"modified":"2023-01-26T09:15:39","modified_gmt":"2023-01-26T09:15:39","slug":"museu-espanhol-devolve-a-polonia-pinturas-roubadas-pelos-nazistas-durante-segunda-guerra-mundial","status":"publish","type":"post","link":"https:\/\/comandogeraldanoticia.com.br\/index.php\/2023\/01\/26\/museu-espanhol-devolve-a-polonia-pinturas-roubadas-pelos-nazistas-durante-segunda-guerra-mundial\/","title":{"rendered":"Museu espanhol devolve \u00e0 Pol\u00f4nia pinturas roubadas pelos nazistas durante Segunda Guerra Mundial"},"content":{"rendered":"<p><img decoding=\"async\" src=\"https:\/\/s2.glbimg.com\/izPsDyx57g7gVvz-0oKIdjWbo2o=\/i.s3.glbimg.com\/v1\/AUTH_59edd422c0c84a879bd37670ae4f538a\/internal_photos\/bs\/2023\/c\/i\/s1WXoAQ6GGCTpu6ogRyg\/ap23025490710479.jpg\"><br \/>   Autoridades polonesas afirmam que 50 mil itens saqueados pelos alem\u00e3es durante per\u00edodo permanecem desaparecidos. Duas pessoas retiram a obra &#8216;Ecce Homo&#8217; ap\u00f3s a assinatura do ato de restitui\u00e7\u00e3o \u00e0 Pol\u00f4nia no Museu de Pontevedra em Pontevedra, noroeste da Espanha, quarta-feira, 25 de janeiro de 2023.<br \/>\nGustavo de la Paz\/Europa Press via AP<br \/>\nO Museu de Pontevedra, na Espanha, devolveu duas pinturas do s\u00e9culo 15 a autoridades da Pol\u00f4nia na quarta-feira (25), depois que foi determinado que as obras haviam sido roupadas pelas for\u00e7as nazistas alem\u00e3s durante a Segunda Guerra Mundial.<br \/>\nAs pinturas \u201cMater Dolorosa\u201d e \u201cEcce Homo\u201d foram originalmente atribu\u00eddas ao holand\u00eas Dieric Bouts (1415 \u2013 1475), mas agora s\u00e3o atribu\u00eddas a uma pessoa desconhecida que trabalhava com o pintor.<br \/>\nOs espanh\u00f3is disseram que, em 2020, autoridades polonesas informaram que as obras haviam sido saqueadas pelas for\u00e7as nazistas. Ap\u00f3s todas as autoriza\u00e7\u00f5es oficiais para a transfer\u00eancia serem finalizadas, as obras foram devolvidas.<br \/>\nOs nazistas roubaram as obras da cole\u00e7\u00e3o Czartoryski em Go\u0142uch\u00f3w, no centro da Pol\u00f4nia, quando a cidade foi ocupada pelos militares alem\u00e3es na Segunda Guerra Mundial. Em 1973, as pe\u00e7as apareceram na capital da Espanha, Madrid, e estavam no Museu de Pontevedra desde 1994, quando foram adquiridas com mais de 300 obras de um colecionador espanhol.<br \/>\nA Pol\u00f4nia viu grande parte de seu patrim\u00f4nio cultural destru\u00eddo ou saqueado durante a ocupa\u00e7\u00e3o de guerra do pa\u00eds pela Alemanha nazista e pela Uni\u00e3o Sovi\u00e9tica. Cerca de 500.000 itens continuam desaparecidos, afirmam as autoridades.<br \/>\nO pa\u00eds tem feito esfor\u00e7os para recuperar o m\u00e1ximo de pe\u00e7as poss\u00edvel. O Minist\u00e9rio da Cultura tem um banco de dados de objetos desaparecidos e vasculha cole\u00e7\u00f5es estrangeiras e leil\u00f5es. Quando localizam uma pintura, livro ou outro objeto polon\u00eas saqueado, eles informam as autoridades daquele pa\u00eds.<\/p>\n","protected":false},"excerpt":{"rendered":"<p>Autoridades polonesas afirmam que 50 mil itens saqueados pelos alem\u00e3es durante per\u00edodo permanecem desaparecidos. Duas pessoas retiram a obra &#8216;Ecce Homo&#8217; ap\u00f3s a assinatura do ato de restitui\u00e7\u00e3o \u00e0 Pol\u00f4nia no Museu de Pontevedra em Pontevedra, noroeste da Espanha, quarta-feira, 25 de janeiro de 2023. Gustavo de la Paz\/Europa Press via AP O Museu de<\/p>\n","protected":false},"author":1,"featured_media":36467,"comment_status":"open","ping_status":"open","sticky":false,"template":"","format":"standard","meta":{"om_disable_all_campaigns":false,"_monsterinsights_skip_tracking":false,"_monsterinsights_sitenote_active":false,"_monsterinsights_sitenote_note":"","_monsterinsights_sitenote_category":0,"footnotes":""},"categories":[47],"tags":[],"class_list":{"0":"post-36466","1":"post","2":"type-post","3":"status-publish","4":"format-standard","5":"has-post-thumbnail","7":"category-mundo"},"_links":{"self":[{"href":"https:\/\/comandogeraldanoticia.com.br\/index.php\/wp-json\/wp\/v2\/posts\/36466","targetHints":{"allow":["GET"]}}],"collection":[{"href":"https:\/\/comandogeraldanoticia.com.br\/index.php\/wp-json\/wp\/v2\/posts"}],"about":[{"href":"https:\/\/comandogeraldanoticia.com.br\/index.php\/wp-json\/wp\/v2\/types\/post"}],"author":[{"embeddable":true,"href":"https:\/\/comandogeraldanoticia.com.br\/index.php\/wp-json\/wp\/v2\/users\/1"}],"replies":[{"embeddable":true,"href":"https:\/\/comandogeraldanoticia.com.br\/index.php\/wp-json\/wp\/v2\/comments?post=36466"}],"version-history":[{"count":0,"href":"https:\/\/comandogeraldanoticia.com.br\/index.php\/wp-json\/wp\/v2\/posts\/36466\/revisions"}],"wp:featuredmedia":[{"embeddable":true,"href":"https:\/\/comandogeraldanoticia.com.br\/index.php\/wp-json\/wp\/v2\/media\/36467"}],"wp:attachment":[{"href":"https:\/\/comandogeraldanoticia.com.br\/index.php\/wp-json\/wp\/v2\/media?parent=36466"}],"wp:term":[{"taxonomy":"category","embeddable":true,"href":"https:\/\/comandogeraldanoticia.com.br\/index.php\/wp-json\/wp\/v2\/categories?post=36466"},{"taxonomy":"post_tag","embeddable":true,"href":"https:\/\/comandogeraldanoticia.com.br\/index.php\/wp-json\/wp\/v2\/tags?post=36466"}],"curies":[{"name":"wp","href":"https:\/\/api.w.org\/{rel}","templated":true}]}}