{"id":3584,"date":"2022-09-22T16:10:50","date_gmt":"2022-09-22T16:10:50","guid":{"rendered":"https:\/\/comandogeraldanoticia.com.br\/index.php\/2022\/09\/22\/direita-italiana-encerra-campanha-eleitoral-com-grande-manifestacao-em-roma\/"},"modified":"2022-09-22T16:10:50","modified_gmt":"2022-09-22T16:10:50","slug":"direita-italiana-encerra-campanha-eleitoral-com-grande-manifestacao-em-roma","status":"publish","type":"post","link":"https:\/\/comandogeraldanoticia.com.br\/index.php\/2022\/09\/22\/direita-italiana-encerra-campanha-eleitoral-com-grande-manifestacao-em-roma\/","title":{"rendered":"Direita italiana encerra campanha eleitoral com grande manifesta\u00e7\u00e3o em Roma"},"content":{"rendered":"<p><img decoding=\"async\" src=\"https:\/\/s2.glbimg.com\/rd18A5UNUQnljc5yD8cm1CjSROM=\/i.s3.glbimg.com\/v1\/AUTH_59edd422c0c84a879bd37670ae4f538a\/internal_photos\/bs\/2022\/7\/w\/tkX1ApTZSwAMPAnvfXhA\/000-32jw7bk-1-.jpg\"><br \/>   Giorgia Meloni surge como principal nome para vencer as elei\u00e7\u00f5es marcadas para este domingo (25). Apoiadores pol\u00edticos da extrema direita italiana v\u00e3o \u00e0s ruas em Roma<br \/>\nAndreas SOLARO \/ AFP<br \/>\nOs l\u00edderes da coaliz\u00e3o de direita na It\u00e1lia, favorita de acordo com as pesquisas para as elei\u00e7\u00f5es legislativas de domingo, organizam nesta quinta-feira (22) uma manifesta\u00e7\u00e3o em Roma para encerrar uma campanha que pode levar ao poder uma ex-admiradora de Benito Mussolini.<br \/>\nDepois de uma pandemia devastadora e do apoio financeiro recebido da Uni\u00e3o Europeia (UE), os italianos podem colocar seu destino nas m\u00e3os de Giorgia Meloni, l\u00edder do &#8216;Fratelli d&#8217;Italia&#8217; (Irm\u00e3os de It\u00e1lia), um partido de extrema-direita e nacionalista. As elei\u00e7\u00f5es ocorrem neste domingo.<br \/>\nMeloni pode ser a primeira chefe de Governo do movimento p\u00f3s-fascista a comandar um pa\u00eds fundador da Uni\u00e3o Europeia (UE).<br \/>\nGiorgia Meloni em campanha, em 11 de setembro de 2022<br \/>\nPiero Cruciatti\/ AFP<br \/>\nGiorgia Meloni, 45 anos, se apresenta em alian\u00e7a com o partido conservador For\u00e7a It\u00e1lia (FI), do magnata veterano Silvio Berlusconi, e a Liga anti-imigra\u00e7\u00e3o de Matteo Salvini, conhecido por sua pol\u00edtica linha dura contra os navios humanit\u00e1rios que resgatam migrantes no Mediterr\u00e2neo.<br \/>\nAs tr\u00eas for\u00e7as unidas podem conquistar a maioria absoluta tanto na C\u00e2mara dos Deputados como no Senado, gra\u00e7as a uma vantagem c\u00f4moda sobre o social-democrata Partido Democr\u00e1tico (PD) de Enrico Letta, que n\u00e3o conseguiu estabelecer uma alian\u00e7a com os partidos de centro e de esquerda.<br \/>\nQuem \u00e9 Giorgia Meloni?<br \/>\nGiorgia Meloni, que espera que sua vit\u00f3ria abra o caminho para outros partidos de extrema-direita na Europa, mencionou esta semana a paci\u00eancia de Gandhi em sua conta no Twitter, onde publica mensagens simples e eficazes.<br \/>\n&#8220;Gandhi disse &#8216;primeiro eles te ignoram, depois ele riem de voc\u00ea, depois brigam. E ent\u00e3o voc\u00ea vence'&#8221;, escreveu ao lado de uma foto em que faz o sinal da vit\u00f3ria.<br \/>\n&#8220;Italianos em primeiro lugar&#8221;<br \/>\nGiorgia Meloni durante discurso em 20 de setembro de 2022<br \/>\nIgor PETYX \/ ANSA \/ AFP<br \/>\nComo a publica\u00e7\u00e3o de pesquisas s\u00e3o proibidas duas semanas antes das elei\u00e7\u00f5es, o ponto de refer\u00eancia \u00e9 a sondagem de 9 de setembro.<br \/>\nO &#8216;Fratelli d&#8217;Italia&#8217; tinha 24 a 25% das inten\u00e7\u00f5es de voto, \u00e0 frente do PD, com entre 21 a 22%.<br \/>\nEm seguida aparecem o antissistema Movimento 5 Estrelas (13 a 15%), a Liga (12%) e o FI (8%).<br \/>\nBandeira de apoio ao partido italiano &#8220;Fratelli d&#8217;Italia&#8221;<br \/>\nAndreas SOLARO \/ AFP<br \/>\nDe acordo com as pesquisas, a coaliz\u00e3o de direita e extrema-direita pode conquistar entre 45% e 55% das cadeiras no Parlamento.<br \/>\n&#8220;Lembrem que no passado as pesquisas foram surpreendidas, estavam equivocadas&#8221;, alerta o historiador franc\u00eas Marc Lazar, especialista em pol\u00edtica italiana e professor da Sciences-Po e da Universidade Luiss de Roma.<br \/>\nPara muitos analistas, a taxa de participa\u00e7\u00e3o deve registrar um \u00edndice historicamente baixo, com menos de 70%.<br \/>\nCom uma campanha em pleno ver\u00e3o (hemisf\u00e9rio norte), quando muitos italianos estavam de f\u00e9rias, a mobiliza\u00e7\u00e3o dos eleitores foi limitada.<br \/>\nCandidatoa a premi\u00ea italiano, Enrico Letta, durante evento em 19 de setembro de 2022<br \/>\nTobias SCHWARZ \/ AFP<br \/>\n&#8220;Foi uma das piores campanhas do p\u00f3s-guerra&#8221;, disse Flavio Chiapponi, da Universidade de Pav\u00eda.<br \/>\nCom exce\u00e7\u00e3o de um debate entre Meloni e Letta no canal de televis\u00e3o do jornal Il Corriere della Sera, &#8220;n\u00e3o houve debates sobre ideias e vis\u00f5es de cada um&#8221;.<br \/>\nA direita quer &#8220;mais fronteiras, uma Europa menos burocr\u00e1tica, mais natalidade e menos imigra\u00e7\u00e3o, valores judaico-crist\u00e3os e menos impostos&#8221;.<br \/>\nDurante a campanha, a coaliz\u00e3o tamb\u00e9m citou suas batalhas comuns contra a &#8220;islamiza\u00e7\u00e3o&#8221; do continente e a favor dos &#8220;italianos em primeiro lugar&#8221;, enquanto as diverg\u00eancias ficaram menos evidentes.<br \/>\nApoiadores de Giorgia Meloni participam de evento nas ruas de Palermo<br \/>\nIgor PETYX \/ ANSA \/ AFP<br \/>\nProcedente de uma fam\u00edlia pol\u00edtica constru\u00edda com base no anticomunismo, Meloni defende a OTAN e apoiou as san\u00e7\u00f5es contra a R\u00fassia ap\u00f3s a invas\u00e3o da Ucr\u00e2nia, enquanto Salvini, amigo de Vladimir Putin, se op\u00f4s \u00e0s medidas por considerar que prejudicam os italianos, com o aumento das contas de luz e g\u00e1s.<br \/>\nO &#8220;capit\u00e3o&#8221;, apelido do l\u00edder da Liga, conhecido pelo tom arrogante de suas declara\u00e7\u00f5es, prop\u00f4s um fundo especial para as fam\u00edlias e as empresas como forma de mitigar os elevados custos da energia el\u00e9trica e do g\u00e1s, mas Meloni se declara contr\u00e1ria por preferir uma pol\u00edtica or\u00e7ament\u00e1ria respons\u00e1vel e para n\u00e3o aumentar a d\u00edvida p\u00fablica.<br \/>\nEstes s\u00e3o confrontos &#8211; com Berlusconi de mediador por representar com quase 8% uma for\u00e7a pr\u00f3-Europa, moderada e conservadora &#8211; que aumentar\u00e3o de acordo com o equil\u00edbrio de poder ap\u00f3s os resultados eleitorais.<\/p>\n","protected":false},"excerpt":{"rendered":"<p>Giorgia Meloni surge como principal nome para vencer as elei\u00e7\u00f5es marcadas para este domingo (25). Apoiadores pol\u00edticos da extrema direita italiana v\u00e3o \u00e0s ruas em Roma Andreas SOLARO \/ AFP Os l\u00edderes da coaliz\u00e3o de direita na It\u00e1lia, favorita de acordo com as pesquisas para as elei\u00e7\u00f5es legislativas de domingo, organizam nesta quinta-feira (22) uma<\/p>\n","protected":false},"author":1,"featured_media":3585,"comment_status":"open","ping_status":"open","sticky":false,"template":"","format":"standard","meta":{"om_disable_all_campaigns":false,"_monsterinsights_skip_tracking":false,"_monsterinsights_sitenote_active":false,"_monsterinsights_sitenote_note":"","_monsterinsights_sitenote_category":0,"footnotes":""},"categories":[47],"tags":[],"class_list":{"0":"post-3584","1":"post","2":"type-post","3":"status-publish","4":"format-standard","5":"has-post-thumbnail","7":"category-mundo"},"_links":{"self":[{"href":"https:\/\/comandogeraldanoticia.com.br\/index.php\/wp-json\/wp\/v2\/posts\/3584","targetHints":{"allow":["GET"]}}],"collection":[{"href":"https:\/\/comandogeraldanoticia.com.br\/index.php\/wp-json\/wp\/v2\/posts"}],"about":[{"href":"https:\/\/comandogeraldanoticia.com.br\/index.php\/wp-json\/wp\/v2\/types\/post"}],"author":[{"embeddable":true,"href":"https:\/\/comandogeraldanoticia.com.br\/index.php\/wp-json\/wp\/v2\/users\/1"}],"replies":[{"embeddable":true,"href":"https:\/\/comandogeraldanoticia.com.br\/index.php\/wp-json\/wp\/v2\/comments?post=3584"}],"version-history":[{"count":0,"href":"https:\/\/comandogeraldanoticia.com.br\/index.php\/wp-json\/wp\/v2\/posts\/3584\/revisions"}],"wp:featuredmedia":[{"embeddable":true,"href":"https:\/\/comandogeraldanoticia.com.br\/index.php\/wp-json\/wp\/v2\/media\/3585"}],"wp:attachment":[{"href":"https:\/\/comandogeraldanoticia.com.br\/index.php\/wp-json\/wp\/v2\/media?parent=3584"}],"wp:term":[{"taxonomy":"category","embeddable":true,"href":"https:\/\/comandogeraldanoticia.com.br\/index.php\/wp-json\/wp\/v2\/categories?post=3584"},{"taxonomy":"post_tag","embeddable":true,"href":"https:\/\/comandogeraldanoticia.com.br\/index.php\/wp-json\/wp\/v2\/tags?post=3584"}],"curies":[{"name":"wp","href":"https:\/\/api.w.org\/{rel}","templated":true}]}}