{"id":31505,"date":"2023-01-06T09:11:08","date_gmt":"2023-01-06T09:11:08","guid":{"rendered":"https:\/\/comandogeraldanoticia.com.br\/index.php\/2023\/01\/06\/rotina-nas-ferias-escolares-criancas-precisam-de-horarios-definidos-refeicoes-nutritivas-e-atividades-estimulantes-veja-dicas\/"},"modified":"2023-01-06T09:11:08","modified_gmt":"2023-01-06T09:11:08","slug":"rotina-nas-ferias-escolares-criancas-precisam-de-horarios-definidos-refeicoes-nutritivas-e-atividades-estimulantes-veja-dicas","status":"publish","type":"post","link":"https:\/\/comandogeraldanoticia.com.br\/index.php\/2023\/01\/06\/rotina-nas-ferias-escolares-criancas-precisam-de-horarios-definidos-refeicoes-nutritivas-e-atividades-estimulantes-veja-dicas\/","title":{"rendered":"Rotina nas f\u00e9rias escolares: crian\u00e7as precisam de hor\u00e1rios definidos, refei\u00e7\u00f5es nutritivas e atividades estimulantes; veja dicas"},"content":{"rendered":"<p><img decoding=\"async\" src=\"https:\/\/s2.glbimg.com\/sUCCwYbbYs6eHUDvrOazqzDUrM4=\/i.s3.glbimg.com\/v1\/AUTH_59edd422c0c84a879bd37670ae4f538a\/internal_photos\/bs\/2023\/N\/7\/SXUp31TyyOA8fjkfeWzw\/whatsapp-image-2023-01-03-at-17.00.15.jpeg\"><br \/>   Especialistas ouvidos pelo g1 alertam que \u00e9 preciso colocar regras e limites e d\u00e3o orienta\u00e7\u00f5es de como otimizar o per\u00edodo de f\u00e9rias para que a volta \u00e0s aulas n\u00e3o seja um processo traum\u00e1tico. Tathiany Almeida e o filho Davi, de 9 anos.<br \/>\nArquivo pessoal<br \/>\nAssim como em outras fam\u00edlias, na casa da dentista Tathiany Almeida, que mora no Rio de Janeiro, a rotina de Davi, de 9 anos, muda nas f\u00e9rias escolares. &#8220;Fica mais flex\u00edvel. Eu permito que meu filho assista \u00e0 TV ou jogue videogame at\u00e9 mais tarde e durma um pouco mais tarde tamb\u00e9m&#8221;, conta.<br \/>\nComuns nesse per\u00edodo, essas pequenas mudan\u00e7as no dia a dia dos pequenos n\u00e3o representam um problema, mas especialistas ouvidos pelo g1 alertam que \u00e9 preciso prestar aten\u00e7\u00e3o a alguns pontos para garantir que as f\u00e9rias sejam mais proveitosas e facilitar na volta \u00e0s aulas. Confira as dicas abaixo:<br \/>\n1 &#8211; Orienta\u00e7\u00f5es sobre a rotina nas f\u00e9rias<br \/>\nSegundo o psic\u00f3logo infantil Luiz Carlos de Azevedo, as crian\u00e7as precisam:<br \/>\nDormir em hor\u00e1rios regulares, pelo menos 8 horas por noite, e ter hor\u00e1rios para dormir e acordar.<br \/>\nFazer atividades estimulantes f\u00edsica e mentalmente.<br \/>\nTer refei\u00e7\u00f5es balanceadas e nos hor\u00e1rios adequados.<br \/>\nEvitar ficar em excesso na frente de telas, como celulares e tablets.<br \/>\n2 &#8211; Hor\u00e1rios das refei\u00e7\u00f5es<br \/>\nCom a mudan\u00e7a na hora de as crian\u00e7as irem pra cama, o hor\u00e1rio das refei\u00e7\u00f5es tamb\u00e9m costuma sofrer altera\u00e7\u00f5es durante as f\u00e9rias.<br \/>\n\u00c9 como acontece, por exemplo, com o filho de Tathiany: &#8220;A alimenta\u00e7\u00e3o tamb\u00e9m fica mais flex\u00edvel nos hor\u00e1rios. Por exemplo: caf\u00e9 da manh\u00e3 \u00e9 mais tarde, \u00e0s 9h30. Com isso, damos mais tarde o almo\u00e7o, \u00e0s 13h30, e o jantar, \u00e0s 20h30. Apesar das mudan\u00e7as de hor\u00e1rio, mantemos sempre a rotina da alimenta\u00e7\u00e3o saud\u00e1vel&#8221;, explica.<br \/>\nA nutricionista familiar Rachel Francischi v\u00ea como natural a mudan\u00e7a no hor\u00e1rio das refei\u00e7\u00f5es durante as f\u00e9rias, mas faz as seguintes recomenda\u00e7\u00f5es:<br \/>\nN\u00e3o pular refei\u00e7\u00f5es.<br \/>\nNem exagerar nos alimentos com baixo valor nutricional e, por isso, as crian\u00e7as n\u00e3o podem ter acesso livre aos alimentos.<br \/>\nProdutos industrializados podem ser consumidos desde que inseridos em uma refei\u00e7\u00e3o bem estruturada.<br \/>\nO \u00fanico item a que a crian\u00e7a deve ter acesso indiscriminado \u00e9 \u00e1gua.<br \/>\nAs crian\u00e7as precisam fazer de 4 a 5 refei\u00e7\u00f5es por dia e sempre respeitando as necessidades nutricionais. Isso garante que elas tenham disposi\u00e7\u00e3o e foco, e ajuda at\u00e9 no crescimento f\u00edsico<br \/>\nA nutricionista Gisele Haiek, p\u00f3s-graduada em nutri\u00e7\u00e3o cl\u00ednica funcional, destaca ainda a import\u00e2ncia de os pais darem o exemplo na alimenta\u00e7\u00e3o.<br \/>\n&#8220;N\u00e3o adianta os pais falarem que a crian\u00e7a precisa comer mais frutas, beber mais \u00e1gua, comer mais salada se eles mesmos n\u00e3o fazem isso, se acabam exagerando no \u00e1lcool e deixando a atividade f\u00edsica de lado, e n\u00e3o se preocupam com hor\u00e1rio para dormir e acordar. As crian\u00e7as s\u00e3o mais ensinadas pelo exemplo do que por instru\u00e7\u00f5es&#8221;, observa.<br \/>\n3 &#8211; Brincadeiras e atividades l\u00fadicas<br \/>\nCrian\u00e7as precisam brincar nas f\u00e9rias, dizem especialistas.<br \/>\nReprodu\u00e7\u00e3o<br \/>\nOutro foco de aten\u00e7\u00e3o nas f\u00e9rias \u00e9 em rela\u00e7\u00e3o \u00e0s atividades e brincadeiras. No caso de Tathiany, ela incentiva o filho a passar um tempo ao ar livre, brincando na piscina ou jogando futebol com os amigos. &#8220;E, \u00e0 noite, antes de dormir, por volta das 22h, mantenho o h\u00e1bito da leitura de um livrinho. Ele adora!&#8221;, diz.<br \/>\nA psicopedagoga Aline Silveira K\u00f6nig, que \u00e9 vice-diretora do Col\u00e9gio Leonardo da Vinci Beta, em Porto Alegre, aprova esse cuidado.<br \/>\n&#8220;Nas f\u00e9rias, as crian\u00e7as e adolescentes devem ter uma rotina mais l\u00fadica, com atividades ligadas \u00e0s artes, aos esportes ao ar livre e oportunidades para descobrir e explorar novas habilidades&#8221;, explica.<br \/>\nAline tamb\u00e9m lembra que h\u00e1 uma s\u00e9rie de atividades que podem ser feitas dentro de casa e em fam\u00edlia que s\u00e3o positivas para os estudantes no per\u00edodo sem aulas, tais como:<br \/>\nDesafios de leitura;<br \/>\nLi\u00e7\u00f5es de culin\u00e1ria;<br \/>\nJogos e brincadeiras que n\u00e3o est\u00e3o inseridos no dia a dia do per\u00edodo de aulas; e<br \/>\nSess\u00f5es de filme (sem esquecer de estipular um limite de tempo na frente das telas).<br \/>\n&#8220;O que a crian\u00e7a precisa entender \u00e9 que d\u00e1 para se divertir, aprender e aproveitar mesmo n\u00e3o estando com um celular e, em geral, estes aprendizados s\u00e3o muito mais profundos e positivos&#8221;, avalia o psic\u00f3logo infantil Luiz Carlos de Azevedo.<br \/>\n4 &#8211; Volta \u00e0 rotina<br \/>\nMais pr\u00f3ximo ao retorno das aulas, a psicopedagoga Aline Silveira K\u00f6nig ressalta que \u00e9 importante que toda a fam\u00edlia retome os combinados anteriores, como hor\u00e1rio das refei\u00e7\u00f5es, h\u00e1bitos de sono e de estudos e demais atividades do dia a dia.<br \/>\nSegundo Luiz Carlos de Azevedo, a volta ao ritmo deve ser gradual e natural. &#8220;J\u00e1 \u00e9 dif\u00edcil para os adultos passarem por uma mudan\u00e7a nos afazeres do dia a dia. Imagine, ent\u00e3o, para uma crian\u00e7a&#8221;, pondera.<br \/>\nAl\u00e9m disso, o profissional lembra que \u00e9 preciso tratar como &#8220;normal&#8221; a volta \u00e0s aulas para que a crian\u00e7a n\u00e3o veja o momento como negativo.<br \/>\n&#8220;Estudar n\u00e3o \u00e9 puni\u00e7\u00e3o e os pais podem ajudar a crian\u00e7a a lembrar que \u00e9 divertido aprender, que \u00e9 na escola onde os filhos v\u00e3o rever os amigos e que tudo isso faz parte de algo positivo&#8221;, diz.<br \/>\nVEJA V\u00cdDEOS DE EDUCA\u00c7\u00c3O:<\/p>\n","protected":false},"excerpt":{"rendered":"<p>Especialistas ouvidos pelo g1 alertam que \u00e9 preciso colocar regras e limites e d\u00e3o orienta\u00e7\u00f5es de como otimizar o per\u00edodo de f\u00e9rias para que a volta \u00e0s aulas n\u00e3o seja um processo traum\u00e1tico. Tathiany Almeida e o filho Davi, de 9 anos. Arquivo pessoal Assim como em outras fam\u00edlias, na casa da dentista Tathiany Almeida,<\/p>\n","protected":false},"author":1,"featured_media":31506,"comment_status":"open","ping_status":"open","sticky":false,"template":"","format":"standard","meta":{"om_disable_all_campaigns":false,"_monsterinsights_skip_tracking":false,"_monsterinsights_sitenote_active":false,"_monsterinsights_sitenote_note":"","_monsterinsights_sitenote_category":0,"footnotes":""},"categories":[44],"tags":[],"class_list":{"0":"post-31505","1":"post","2":"type-post","3":"status-publish","4":"format-standard","5":"has-post-thumbnail","7":"category-example-6"},"_links":{"self":[{"href":"https:\/\/comandogeraldanoticia.com.br\/index.php\/wp-json\/wp\/v2\/posts\/31505","targetHints":{"allow":["GET"]}}],"collection":[{"href":"https:\/\/comandogeraldanoticia.com.br\/index.php\/wp-json\/wp\/v2\/posts"}],"about":[{"href":"https:\/\/comandogeraldanoticia.com.br\/index.php\/wp-json\/wp\/v2\/types\/post"}],"author":[{"embeddable":true,"href":"https:\/\/comandogeraldanoticia.com.br\/index.php\/wp-json\/wp\/v2\/users\/1"}],"replies":[{"embeddable":true,"href":"https:\/\/comandogeraldanoticia.com.br\/index.php\/wp-json\/wp\/v2\/comments?post=31505"}],"version-history":[{"count":0,"href":"https:\/\/comandogeraldanoticia.com.br\/index.php\/wp-json\/wp\/v2\/posts\/31505\/revisions"}],"wp:featuredmedia":[{"embeddable":true,"href":"https:\/\/comandogeraldanoticia.com.br\/index.php\/wp-json\/wp\/v2\/media\/31506"}],"wp:attachment":[{"href":"https:\/\/comandogeraldanoticia.com.br\/index.php\/wp-json\/wp\/v2\/media?parent=31505"}],"wp:term":[{"taxonomy":"category","embeddable":true,"href":"https:\/\/comandogeraldanoticia.com.br\/index.php\/wp-json\/wp\/v2\/categories?post=31505"},{"taxonomy":"post_tag","embeddable":true,"href":"https:\/\/comandogeraldanoticia.com.br\/index.php\/wp-json\/wp\/v2\/tags?post=31505"}],"curies":[{"name":"wp","href":"https:\/\/api.w.org\/{rel}","templated":true}]}}