{"id":30456,"date":"2023-01-02T16:12:13","date_gmt":"2023-01-02T16:12:13","guid":{"rendered":"https:\/\/comandogeraldanoticia.com.br\/index.php\/2023\/01\/02\/por-que-a-inflacao-mundial-deve-cair-em-2023-e-por-que-a-noticia-nao-e-tao-boa\/"},"modified":"2023-01-02T16:12:13","modified_gmt":"2023-01-02T16:12:13","slug":"por-que-a-inflacao-mundial-deve-cair-em-2023-e-por-que-a-noticia-nao-e-tao-boa","status":"publish","type":"post","link":"https:\/\/comandogeraldanoticia.com.br\/index.php\/2023\/01\/02\/por-que-a-inflacao-mundial-deve-cair-em-2023-e-por-que-a-noticia-nao-e-tao-boa\/","title":{"rendered":"Por que a infla\u00e7\u00e3o mundial deve cair em 2023 (e por que a not\u00edcia n\u00e3o \u00e9 t\u00e3o boa)"},"content":{"rendered":"<p><img decoding=\"async\" src=\"https:\/\/s2.glbimg.com\/w465bs6Ke01xNUr2PAqQ3eRafNo=\/i.s3.glbimg.com\/v1\/AUTH_59edd422c0c84a879bd37670ae4f538a\/internal_photos\/bs\/2023\/N\/m\/95U19OSbWFPL6ExrE0YQ\/inflacao-pode-ter-atingido-pico-ou-estar-proximo-dele-nos-proximos-meses.jpg\"><br \/>   Infla\u00e7\u00e3o pode ter atingido pico ou estar pr\u00f3ximo dele nos pr\u00f3ximos meses. No entanto, medidas tomadas para cont\u00ea-la far\u00e3o com que muitos pa\u00edses entrem em recess\u00e3o, acreditam economistas. Infla\u00e7\u00e3o pode ter atingido pico ou estar pr\u00f3ximo dele nos pr\u00f3ximos meses.<br \/>\nBBC<br \/>\nProvavelmente o pior em termos de infla\u00e7\u00e3o j\u00e1 passou.<br \/>\nPelo menos este \u00e9 o consenso entre os economistas e as principais organiza\u00e7\u00f5es econ\u00f4micas como o Fundo Monet\u00e1rio Internacional (FMI) ou o Banco Mundial depois que a maioria dos pa\u00edses do mundo experimentou, em 2022, aumentos de pre\u00e7os n\u00e3o vistos em quatro d\u00e9cadas.<br \/>\nN\u00e3o h\u00e1 d\u00favida de que a infla\u00e7\u00e3o continuar\u00e1 a pesar no bolso de milh\u00f5es de cidad\u00e3os em 2023, mas deve registrar uma queda lenta nos pr\u00f3ximos 12 meses.<br \/>\nQuando esse per\u00edodo terminar, o FMI espera que a infla\u00e7\u00e3o mundial caia para 4,7%, pouco menos da metade do n\u00edvel atual.<br \/>\nLEIA TAMB\u00c9M:<br \/>\nO Brasil enfrenta uma &#8216;estagfla\u00e7\u00e3o&#8217;? Entenda o termo, o cen\u00e1rio global e os impactos no seu cotidiano<br \/>\nMaiores altas do PIB em 2022: pa\u00edses com economias extrativistas e baseadas no turismo lideram a lista<br \/>\nFMI alerta para endividamento de pa\u00edses pobres por infla\u00e7\u00e3o e juros<br \/>\nMedidas tomadas para conter infla\u00e7\u00e3o far\u00e3o com que muitos pa\u00edses entrem em recess\u00e3o, acreditam economistas.<br \/>\nBBC<br \/>\nClaro, alertam os especialistas, esse indicador vai se comportar de maneira diferente em cada uma das principais economias do mundo.<br \/>\nO que est\u00e1 acontecendo na Europa n\u00e3o \u00e9 o mesmo que nos Estados Unidos ou no restante das economias avan\u00e7adas ou nos pa\u00edses emergentes.<br \/>\nNo Brasil, o \u00faltimo boletim Focus, do Banco Central, um resumo das proje\u00e7\u00f5es do mercado para a economia, aponta que o IPCA, a infla\u00e7\u00e3o oficial, deve encerrar 2022 a 5,64%. Para este ano de 2023, deve haver uma ligeira queda, e a previs\u00e3o \u00e9 de 5,23%.<br \/>\nFato \u00e9 que a infla\u00e7\u00e3o global deve se manter em n\u00edveis elevados, em um contexto que muitos t\u00eam rebatizado de &#8220;novo normal&#8221;.<br \/>\n&#8220;Tudo indica que a infla\u00e7\u00e3o em 2023 ser\u00e1 moderada, embora continue mais alta do que antes da pandemia&#8221;, explica Juan Carlos Mart\u00ednez L\u00e1zaro, professor de Economia da Universidade IE, em Madrid, na Espanha, \u00e0 BBC News Mundo, o servi\u00e7o de not\u00edcias em espanhol da BBC.<br \/>\n&#8220;N\u00e3o veremos uma queda abrupta. O pre\u00e7o do petr\u00f3leo caiu, mas continua alto \u2014 assim como nas mat\u00e9rias-primas. E ainda h\u00e1 alguns problemas nas cadeias de abastecimento globais&#8221;, lembra o especialista.<br \/>\n&#8220;Portanto, esperamos que em 2023 as taxas m\u00e9dias de infla\u00e7\u00e3o sejam inferiores \u00e0s verificadas em 2022. Mas \u00e9 claro que levar\u00e1 tempo e n\u00e3o ser\u00e1 em 2023 que ser\u00e1 poss\u00edvel voltar aos n\u00edveis de infla\u00e7\u00e3o pr\u00e9-pandemia. Para chegar a esse cen\u00e1rio ainda faltar\u00e3o alguns meses&#8221;, acrescenta.<br \/>\nDe fato, funcion\u00e1rios do Federal Reserve, o banco central dos EUA, acreditam que levar\u00e1 at\u00e9 2025 para que a infla\u00e7\u00e3o volte \u00e0 meta da institui\u00e7\u00e3o de cerca de 2%.<br \/>\n&#8220;Muitas das press\u00f5es do mercado em 2022, como o aumento vertiginoso dos pre\u00e7os da energia, a crise geral do custo de vida e a subida de impostos e taxas de juros ainda n\u00e3o tiveram seu impacto total&#8221;, diz \u00c1lvaro Ant\u00f3n, da empresa de investimentos Abrdn.<br \/>\nPor isso, ele diz acreditar que, embora haja varia\u00e7\u00f5es regionais e nacionais, \u00e9 prov\u00e1vel que &#8220;a infla\u00e7\u00e3o plena na maioria dos mercados desenvolvidos atinja o pico no final de 2022 ou in\u00edcio de 2023&#8221;, assinala.<br \/>\nO outro ponto em que os economistas concordam \u00e9 que a desacelera\u00e7\u00e3o da infla\u00e7\u00e3o estar\u00e1 ligada \u00e0 desacelera\u00e7\u00e3o do crescimento, o que causar\u00e1 sofrimento para as fam\u00edlias na outra ponta.<br \/>\nNo Brasil, proje\u00e7\u00f5es indicam um infla\u00e7\u00e3o de 5,64% em 2022, uma das menores taxas do mundo.<br \/>\nBBC<br \/>\nMenos atividade, mais desemprego<br \/>\nNo final das contas, se as fam\u00edlias t\u00eam que pagar mais por tudo, o que acontece \u00e9 que elas acabam comprando menos e gastam menos em viagens ou carros novos, por exemplo.<br \/>\nPrincipalmente se estamos falando de pagar mais por itens b\u00e1sicos como alimenta\u00e7\u00e3o e energia, nos quais se concentram os aumentos mais fortes de pre\u00e7os.<br \/>\nSe juntarmos a isso o fato de a maioria dos bancos centrais terem apertado significativamente a sua pol\u00edtica monet\u00e1ria e aumentado as taxas de juro, o resultado \u00e9 um menor consumo das fam\u00edlias e uma menor atividade das empresas.<br \/>\nEsse \u00faltimo ponto \u00e9 o que pode desencadear o desemprego e reduzir a infla\u00e7\u00e3o.<br \/>\nPre\u00e7os de itens b\u00e1sicos, como comida, subiram vertiginosamente.<br \/>\nBBC<br \/>\n&#8220;\u00c9 prov\u00e1vel que ocorram recess\u00f5es t\u00e9cnicas em v\u00e1rias economias durante 2023, o que far\u00e1 com que o crescimento global caia abaixo de seu potencial para 2,6%, de 3,3% em 2022&#8221;, diz a Scope Ratings, uma ag\u00eancia de rating europeia, em relat\u00f3rio recente.<br \/>\nNo entanto, a ag\u00eancia descarta que haver\u00e1 uma grave recess\u00e3o no mundo ou que testemunharemos uma crise financeira global no pr\u00f3ximo ano.<br \/>\nNeste contexto, com a guerra na Ucr\u00e2nia e as tens\u00f5es geopol\u00edticas acirradas, a covid se espalhando pela China, o Reino Unido enfrentando um inverno de greves e uma onda de frio na Europa, a contra\u00e7\u00e3o econ\u00f4mica ser\u00e1 muito dif\u00edcil de evitar.<br \/>\nRecess\u00e3o para muitos<br \/>\n&#8220;Minha previs\u00e3o para os EUA \u00e9 de recess\u00e3o. Tem que haver uma. O mercado de trabalho atual est\u00e1 mais tenso do que nunca no per\u00edodo p\u00f3s-guerra e, surpreendentemente, n\u00e3o enfraqueceu&#8221;, diz Steven Bell, economista-chefe para Europa, Oriente M\u00e9dio e \u00c1frica da empresa Columbia Threadneedle em uma entrevista.<br \/>\nSua opini\u00e3o \u00e9 compartilhada por outros especialistas. Para frear a infla\u00e7\u00e3o nos Estados Unidos, dizem eles, \u00e9 preciso que o mercado de trabalho respire fundo.<br \/>\n&#8220;Acho que eles (EUA) precisam de uma recess\u00e3o. N\u00e3o acho que ser\u00e1 profunda. Vai ser branda e a resposta ser\u00e1 r\u00e1pida, mas acho que eles precisam. E a Europa tamb\u00e9m vai ter uma por causa do incr\u00edvel aumento de pre\u00e7os da energia&#8221;, acrescenta Bell.<br \/>\n&#8220;E n\u00e3o podemos esquecer que uma recess\u00e3o nos pa\u00edses desenvolvidos geralmente leva a uma recess\u00e3o nos mercados emergentes&#8221;, ressalva o economista.<br \/>\nUm ter\u00e7o do mundo entrar\u00e1 em recess\u00e3o, segundo o FMI.<br \/>\nBBC<br \/>\nE isso muitas vezes inclui v\u00e1rios pa\u00edses latino-americanos, como o Brasil.<br \/>\nMas apesar da queda dos pre\u00e7os das mat\u00e9rias-primas, principalmente do petr\u00f3leo, do acordo de exporta\u00e7\u00e3o de gr\u00e3os da Ucr\u00e2nia que freou a infla\u00e7\u00e3o de alimentos e apesar da alta dos juros, medidas destinadas a frear a infla\u00e7\u00e3o, tamb\u00e9m h\u00e1 quem prefira permanecer mais c\u00e9tico em rela\u00e7\u00e3o \u00e0s previs\u00f5es para 2023 sobre a escalada de pre\u00e7os.<br \/>\n&#8220;Existe o risco de que a infla\u00e7\u00e3o n\u00e3o caia como todos esperam. Na verdade, o fato de haver praticamente uma opini\u00e3o un\u00e2nime quanto a isso \u00e9 preocupante porque o consenso dos analistas est\u00e1 mais errado do que certo&#8221;, diz V\u00edctor Alvargonz\u00e1lez, diretor de estrat\u00e9gia e s\u00f3cio-fundador da empresa de consultoria independente Nextep Finance.<br \/>\nDe fato, 2022 \u00e9 um exemplo claro de quanto a realidade pode se desviar das previs\u00f5es dos economistas.<br \/>\nMuito persistente<br \/>\nNo in\u00edcio do ano, as principais entidades afirmaram &#8211; quase unanimemente &#8211; que a infla\u00e7\u00e3o de dois d\u00edgitos que j\u00e1 se registrava em muitas economias era &#8220;transit\u00f3ria&#8221;.<br \/>\nE isso n\u00e3o se comprovou.<br \/>\n&#8220;Essa infla\u00e7\u00e3o pode se mostrar muito mais persistente do que as pessoas esperam&#8221;, diz Bell.<br \/>\nOutro perigo que pode atrapalhar consenso dos especialistas \u00e9 que a guerra na Ucr\u00e2nia pode sair do controle.<br \/>\nBBC<br \/>\nOutro perigo que pode atrapalhar o consenso dos especialistas \u00e9 que a guerra na Ucr\u00e2nia pode sair do controle.<br \/>\n&#8220;Estamos em um confronto indireto entre a Otan (Organiza\u00e7\u00e3o do Tratado do Atl\u00e2ntico Norte, alian\u00e7a militar ocidental), atrav\u00e9s do Ex\u00e9rcito ucraniano, e uma pot\u00eancia nuclear, a R\u00fassia, ent\u00e3o quanto mais tempo durar a guerra, maior o risco de acidentes ou agravamento do conflito&#8221;, diz Alvargonz\u00e1lez.<br \/>\nOutro risco que, por enquanto, permanece fora dos holofotes \u00e9 o confronto oculto entre China e Estados Unidos pelo poder global.<br \/>\n&#8220;No momento, os EUA est\u00e3o ocupados com a R\u00fassia, mas mais cedo ou mais tarde perceber\u00e3o que seu maior problema \u00e9 a China, que, na verdade, est\u00e1 se aproveitando da situa\u00e7\u00e3o criada pela invas\u00e3o da Ucr\u00e2nia. Basta olhar para a \u00faltima visita de Xi Jinping \u00e0 Ar\u00e1bia Saudita e como foi (bem) recebido&#8221;, diz o economista da Nextep Finance.<\/p>\n","protected":false},"excerpt":{"rendered":"<p>Infla\u00e7\u00e3o pode ter atingido pico ou estar pr\u00f3ximo dele nos pr\u00f3ximos meses. No entanto, medidas tomadas para cont\u00ea-la far\u00e3o com que muitos pa\u00edses entrem em recess\u00e3o, acreditam economistas. Infla\u00e7\u00e3o pode ter atingido pico ou estar pr\u00f3ximo dele nos pr\u00f3ximos meses. BBC Provavelmente o pior em termos de infla\u00e7\u00e3o j\u00e1 passou. Pelo menos este \u00e9 o<\/p>\n","protected":false},"author":1,"featured_media":30457,"comment_status":"open","ping_status":"open","sticky":false,"template":"","format":"standard","meta":{"om_disable_all_campaigns":false,"_monsterinsights_skip_tracking":false,"_monsterinsights_sitenote_active":false,"_monsterinsights_sitenote_note":"","_monsterinsights_sitenote_category":0,"footnotes":""},"categories":[47],"tags":[],"class_list":{"0":"post-30456","1":"post","2":"type-post","3":"status-publish","4":"format-standard","5":"has-post-thumbnail","7":"category-mundo"},"_links":{"self":[{"href":"https:\/\/comandogeraldanoticia.com.br\/index.php\/wp-json\/wp\/v2\/posts\/30456","targetHints":{"allow":["GET"]}}],"collection":[{"href":"https:\/\/comandogeraldanoticia.com.br\/index.php\/wp-json\/wp\/v2\/posts"}],"about":[{"href":"https:\/\/comandogeraldanoticia.com.br\/index.php\/wp-json\/wp\/v2\/types\/post"}],"author":[{"embeddable":true,"href":"https:\/\/comandogeraldanoticia.com.br\/index.php\/wp-json\/wp\/v2\/users\/1"}],"replies":[{"embeddable":true,"href":"https:\/\/comandogeraldanoticia.com.br\/index.php\/wp-json\/wp\/v2\/comments?post=30456"}],"version-history":[{"count":0,"href":"https:\/\/comandogeraldanoticia.com.br\/index.php\/wp-json\/wp\/v2\/posts\/30456\/revisions"}],"wp:featuredmedia":[{"embeddable":true,"href":"https:\/\/comandogeraldanoticia.com.br\/index.php\/wp-json\/wp\/v2\/media\/30457"}],"wp:attachment":[{"href":"https:\/\/comandogeraldanoticia.com.br\/index.php\/wp-json\/wp\/v2\/media?parent=30456"}],"wp:term":[{"taxonomy":"category","embeddable":true,"href":"https:\/\/comandogeraldanoticia.com.br\/index.php\/wp-json\/wp\/v2\/categories?post=30456"},{"taxonomy":"post_tag","embeddable":true,"href":"https:\/\/comandogeraldanoticia.com.br\/index.php\/wp-json\/wp\/v2\/tags?post=30456"}],"curies":[{"name":"wp","href":"https:\/\/api.w.org\/{rel}","templated":true}]}}