{"id":30232,"date":"2023-01-01T14:14:54","date_gmt":"2023-01-01T14:14:54","guid":{"rendered":"https:\/\/comandogeraldanoticia.com.br\/index.php\/2023\/01\/01\/maduro-cancela-vinda-ao-brasil-para-posse-de-lula\/"},"modified":"2023-01-01T14:14:54","modified_gmt":"2023-01-01T14:14:54","slug":"maduro-cancela-vinda-ao-brasil-para-posse-de-lula","status":"publish","type":"post","link":"https:\/\/comandogeraldanoticia.com.br\/index.php\/2023\/01\/01\/maduro-cancela-vinda-ao-brasil-para-posse-de-lula\/","title":{"rendered":"Maduro cancela vinda ao Brasil para posse de Lula"},"content":{"rendered":"<p><img decoding=\"async\" src=\"https:\/\/s2.glbimg.com\/hoY-47k5fF_W8O1SvTdQ2Hki4eU=\/i.s3.glbimg.com\/v1\/AUTH_59edd422c0c84a879bd37670ae4f538a\/internal_photos\/bs\/2019\/I\/n\/BQ6PPkQ06gioQZzoUCdQ\/000-1hv7m4.jpg\"><br \/>   Motivo n\u00e3o foi informado. Seguran\u00e7as do presidente da Venezuela j\u00e1 estavam em Bras\u00edlia. Pa\u00eds ser\u00e1 representado pelo chefe do Parlamento, Jorge Rodr\u00edguez. Presidente da Assembleia Nacional venezuelana, Jorge Rodriguez &#8211; ent\u00e3o ministro das Comunica\u00e7\u00f5es &#8211; durante entrevista em 2019.<br \/>\nMarcelo Garcia\/Venezuelan Presidency\/AFP<br \/>\nO presidente da Venezuela, Nicol\u00e1s Maduro, cancelou a viagem ao o Brasil e n\u00e3o vai participar da posse de Lula, na tarde deste domingo (1\u00ba).<br \/>\nAO VIVO: Acompanhe a posse de Lula<br \/>\nCerim\u00f4nia, shows&#8230;saiba TUDO sobre a posse<br \/>\nCompartilhe no Telegram<br \/>\nCompartilhe no WhatsApp<br \/>\nO pa\u00eds vai ser representado por Jorge Rodr\u00edguez, presidente da Assembleia Nacional \u2013 o Parlamento venezuelano \u2013 e irm\u00e3o da vice-presidente Delcy Rodr\u00edguez.<br \/>\nA visita foi cancelada na noite de s\u00e1bado (31), quando seguran\u00e7as de Maduro j\u00e1 estavam em Bras\u00edlia, e a equipe de Lula n\u00e3o foi informada do motivo.<br \/>\nVinda enfrentou impasse<br \/>\nA vinda do presidente da Venezuela ao Brasil para a posse de Lula enfrentou um impasse at\u00e9 pouco antes da data da posse. Uma portaria do governo Bolsonaro impedia a entrada de Maduro e de outros integrantes do governo de Maduro no Brasil.<br \/>\nA norma, publicado em 2019 e assinada pelos ent\u00e3o ministros das Rela\u00e7\u00f5es Exteriores, Ernesto Ara\u00fajo, e da Justi\u00e7a, Sergio Moro, vetava &#8220;altos funcion\u00e1rios do regime venezuelano que, por seus atos, contrariam princ\u00edpios e objetivos da Constitui\u00e7\u00e3o Federal, atentando contra a democracia, a dignidade da pessoa humana e a preval\u00eancia dos direitos humanos&#8221;.<br \/>\nO texto, entretanto, foi revogado em 30 de dezembro.<br \/>\n&#8216;Lula chegou a cogitar a possiblidade de rodar de caminhonete&#8217;, diz Natuza sobre desfile na posse<\/p>\n","protected":false},"excerpt":{"rendered":"<p>Motivo n\u00e3o foi informado. Seguran\u00e7as do presidente da Venezuela j\u00e1 estavam em Bras\u00edlia. Pa\u00eds ser\u00e1 representado pelo chefe do Parlamento, Jorge Rodr\u00edguez. Presidente da Assembleia Nacional venezuelana, Jorge Rodriguez &#8211; ent\u00e3o ministro das Comunica\u00e7\u00f5es &#8211; durante entrevista em 2019. Marcelo Garcia\/Venezuelan Presidency\/AFP O presidente da Venezuela, Nicol\u00e1s Maduro, cancelou a viagem ao o Brasil e<\/p>\n","protected":false},"author":1,"featured_media":30233,"comment_status":"open","ping_status":"open","sticky":false,"template":"","format":"standard","meta":{"om_disable_all_campaigns":false,"_monsterinsights_skip_tracking":false,"_monsterinsights_sitenote_active":false,"_monsterinsights_sitenote_note":"","_monsterinsights_sitenote_category":0,"footnotes":""},"categories":[47],"tags":[],"class_list":{"0":"post-30232","1":"post","2":"type-post","3":"status-publish","4":"format-standard","5":"has-post-thumbnail","7":"category-mundo"},"_links":{"self":[{"href":"https:\/\/comandogeraldanoticia.com.br\/index.php\/wp-json\/wp\/v2\/posts\/30232","targetHints":{"allow":["GET"]}}],"collection":[{"href":"https:\/\/comandogeraldanoticia.com.br\/index.php\/wp-json\/wp\/v2\/posts"}],"about":[{"href":"https:\/\/comandogeraldanoticia.com.br\/index.php\/wp-json\/wp\/v2\/types\/post"}],"author":[{"embeddable":true,"href":"https:\/\/comandogeraldanoticia.com.br\/index.php\/wp-json\/wp\/v2\/users\/1"}],"replies":[{"embeddable":true,"href":"https:\/\/comandogeraldanoticia.com.br\/index.php\/wp-json\/wp\/v2\/comments?post=30232"}],"version-history":[{"count":0,"href":"https:\/\/comandogeraldanoticia.com.br\/index.php\/wp-json\/wp\/v2\/posts\/30232\/revisions"}],"wp:featuredmedia":[{"embeddable":true,"href":"https:\/\/comandogeraldanoticia.com.br\/index.php\/wp-json\/wp\/v2\/media\/30233"}],"wp:attachment":[{"href":"https:\/\/comandogeraldanoticia.com.br\/index.php\/wp-json\/wp\/v2\/media?parent=30232"}],"wp:term":[{"taxonomy":"category","embeddable":true,"href":"https:\/\/comandogeraldanoticia.com.br\/index.php\/wp-json\/wp\/v2\/categories?post=30232"},{"taxonomy":"post_tag","embeddable":true,"href":"https:\/\/comandogeraldanoticia.com.br\/index.php\/wp-json\/wp\/v2\/tags?post=30232"}],"curies":[{"name":"wp","href":"https:\/\/api.w.org\/{rel}","templated":true}]}}