{"id":26774,"date":"2022-12-17T10:10:49","date_gmt":"2022-12-17T10:10:49","guid":{"rendered":"https:\/\/comandogeraldanoticia.com.br\/index.php\/2022\/12\/17\/parlamento-do-peru-rejeita-antecipar-eleicoes-e-protestos-aumentam\/"},"modified":"2022-12-17T10:10:49","modified_gmt":"2022-12-17T10:10:49","slug":"parlamento-do-peru-rejeita-antecipar-eleicoes-e-protestos-aumentam","status":"publish","type":"post","link":"https:\/\/comandogeraldanoticia.com.br\/index.php\/2022\/12\/17\/parlamento-do-peru-rejeita-antecipar-eleicoes-e-protestos-aumentam\/","title":{"rendered":"Parlamento do Peru rejeita antecipar elei\u00e7\u00f5es, e protestos aumentam"},"content":{"rendered":"<p><img decoding=\"async\" src=\"https:\/\/s2.glbimg.com\/HU0UuvdL340htETMgajvJJpGsZo=\/i.s3.glbimg.com\/v1\/AUTH_59edd422c0c84a879bd37670ae4f538a\/internal_photos\/bs\/2022\/9\/P\/At9z6wTO6UbIiSU2clNg\/ap22346042351915.jpg\"><br \/>   Dezoito pessoas j\u00e1 morreram em manifesta\u00e7\u00f5es que pedem a liberta\u00e7\u00e3o do ex-presidente Pedro Castillo, que foi destitu\u00eddo e preso ap\u00f3s tentar dar um golpe de estado h\u00e1 duas semanas.  Apoiadora de Castillo protesta na rua com bandeira do Peru na frente de batalh\u00e3o policial<br \/>\nMartin Mejia\/AP<br \/>\nA antecipa\u00e7\u00e3o das elei\u00e7\u00f5es no Peru, uma tentativa de conter a crise provocada pela pris\u00e3o do ex-presidente Pedro Castillo, fracassou nesta sexta-feira (16), em meio a protestos violentos que deixaram milhares de turistas retidos em Cusco e Machu Picchu.<br \/>\nAs manifesta\u00e7\u00f5es j\u00e1 deixaram 18 mortos e mais de 500 feridos, a maioria ap\u00f3s confrontos com militares em um cen\u00e1rio de estado de emerg\u00eancia nacional.<br \/>\nOs manifestantes pedem a liberta\u00e7\u00e3o de Castillo, a ren\u00fancia de sua sucessora constitucional, a ex-vice-presidente Dina Boluarte, o fechamento do Parlamento e elei\u00e7\u00f5es gerais imediatas.<br \/>\nNa sexta-feira (16), o Parlamento peruano rejeitou uma proposta de Boluarte para antecipar as elei\u00e7\u00f5es de 2026 para 2023. A iniciativa permitiria a convoca\u00e7\u00e3o de elei\u00e7\u00f5es para dezembro de 2023 e a sa\u00edda do poder de Boluarte apenas em abril de 2024. Os parlamentares querem que Boluarte deixe j\u00e1 o poder.<br \/>\n&#8220;O que vir\u00e1 \u00e9 a ren\u00fancia de Dina Boluarte, que dar\u00e1 vez a uma transi\u00e7\u00e3o democr\u00e1tica&#8221;, afirmou a congressista de esquerda Ruth Luque. &#8220;Pela quantidade de peruanos mortos, a senhora Boluarte deveria renunciar&#8221;, disse a congressista de centro Susel Paredes.<br \/>\nNo caso da ren\u00fancia de Boluarte, a lei peruana indica que o sucessor deve ser o presidente do Congresso, Jos\u00e9 Williams. Caso ele tamb\u00e9m desista, o cargo seria assumido pela presidente da Suprema Corte, Elvia Barrios, que teria a responsabilidade de convocar novas elei\u00e7\u00f5es.<br \/>\nCinco mil turistas retidos em Cusco<br \/>\nBoluarte, acompanhada da chanceler peruana, Cecilia Gervasi, teve &#8220;uma conversa por telefone com o secret\u00e1rio de Estado dos Estados Unidos, Antony Blinken&#8221; na sexta-feira, de acordo com um comunicado do Minist\u00e9rio das Rela\u00e7\u00f5es Exteriores do Peru.<br \/>\nDurante o di\u00e1logo, os EUA reiteraram o apoio ao Peru &#8220;e sua vontade de seguir fortalecendo a extensa rela\u00e7\u00e3o bilateral&#8221;.<br \/>\nO fechamento de estradas e aeroportos interrompeu o tr\u00e2nsito de turistas na cidade andina de Cusco, capital tur\u00edstica do pa\u00eds, na madrugada desta sexta-feira. &#8220;H\u00e1 5 mil turistas retidos na cidade de Cusco, eles est\u00e3o em seus hot\u00e9is esperando que os voos sejam reativados&#8221;, declarou Darwin Baca, prefeito do distrito vizinho de Machu Picchu.<br \/>\nUm helic\u00f3ptero do ex\u00e9rcito chegar\u00e1 neste s\u00e1bado (17) ao distrito de Machu Picchu para transferir em quatro voos mais de 500 turistas estrangeiros que se encontram retidos, informaram as autoridades locais.<br \/>\nO aeroporto internacional de Cusco ficou fechado desde segunda-feira (12), ap\u00f3s uma tentativa de ocupa\u00e7\u00e3o por manifestantes.<br \/>\nNo entanto, na sexta-feira, o Minist\u00e9rio da Defesa anunciou sua reabertura.\u00a0&#8220;Estamos esperando que eles nos coloquem em um voo humanit\u00e1rio para que possamos chegar a Lima e ir \u00e0 Argentina para ver a fam\u00edlia da minha esposa&#8221;, contou um turista espanhol ao canal local N.<br \/>\nPreso em flagrante<br \/>\nEnquanto isso, da cidadela inca de Machu Picchu, cerca de 200 turistas, principalmente americanos e europeus, caminharam pela ferrovia at\u00e9 a cidade de Ollantaytambo, a cerca de 30 km de dist\u00e2ncia, para poder pegar uma conex\u00e3o para Cusco. O trem de turistas, cujo servi\u00e7o est\u00e1 suspenso, normalmente percorre este percurso.<br \/>\nAs manifesta\u00e7\u00f5es no pa\u00eds come\u00e7aram depois que Castillo, um professor rural de esquerda e de origem humilde, tentou dar um autogolpe em 7 de dezembro, dissolver o Parlamento, intervir nos poderes p\u00fablicos e governar por decreto.<br \/>\nEle foi preso &#8220;em flagrante&#8221; quando tentava chegar \u00e0 embaixada mexicana para pedir asilo. O tribunal decidiu na quinta-feira (15) que ele permanecer\u00e1 preso por 18 meses, at\u00e9 junho de 2024, para ser investigado por rebeli\u00e3o. H\u00e1 tamb\u00e9m uma den\u00fancia constitucional in\u00e9dita apresentada pelo Minist\u00e9rio P\u00fablico contra Castillo por corrup\u00e7\u00e3o.<br \/>\nOs protestos t\u00eam sido mais intensos no sul andino do Peru, regi\u00e3o assolada pela pobreza e com fortes reivindica\u00e7\u00f5es sociais. Na quinta-feira, uma tentativa de tomada do aeroporto de Ayacucho (sul) foi contida pelo Ex\u00e9rcito.<br \/>\n&#8220;Em Ayacucho temos oito mortes em um dia de manifesta\u00e7\u00f5es e confrontos com o Ex\u00e9rcito&#8221;, informou a Defensora do Povo, Eliana Revollar, acrescentando que os manifestantes carregavam estilingues e pedras. &#8220;Essas pessoas morreram devido atingidas por tiros&#8221;, acrescentou.<br \/>\nCrian\u00e7as entre os mortos<br \/>\nO n\u00famero de mortos desde o in\u00edcio dos protestos em 7 de dezembro aumentou para 18, disse a ministra da Sa\u00fade, Rosa Guti\u00e9rrez, nesta sexta-feira. Entre eles h\u00e1 dois menores de idade. O Comit\u00ea dos Direitos da Crian\u00e7a da ONU instou o Peru a investigar as mortes dos menores.<br \/>\nAl\u00e9m disso, foram registradas outras seis mortes por eventos relacionados a bloqueios de estradas, como atropelamentos ou mortes de pessoas doentes &#8211; incluindo menores &#8211; que n\u00e3o conseguiram chegar a tempo a um hospital.<br \/>\nDe acordo com a Defensoria do Povo, tamb\u00e9m h\u00e1 518 feridos, sendo 250 civis e 268 policiais. Organiza\u00e7\u00f5es de direitos humanos relataram 147 detidos.<br \/>\nBoluarte condenou &#8220;os atos de vandalismo de alguns radicais que usam a boa vontade do povo&#8221;. &#8220;Isso precisa parar&#8221;, disse a presidente nesta sexta-feira, durante uma cerim\u00f4nia militar.<br \/>\nEm protesto pela morte de manifestantes, a ministra da Educa\u00e7\u00e3o, Patr\u00edcia Correa, e o ministro da Cultura, Jair P\u00e9rez, entregaram seus cargos nesta sexta-feira.<\/p>\n","protected":false},"excerpt":{"rendered":"<p>Dezoito pessoas j\u00e1 morreram em manifesta\u00e7\u00f5es que pedem a liberta\u00e7\u00e3o do ex-presidente Pedro Castillo, que foi destitu\u00eddo e preso ap\u00f3s tentar dar um golpe de estado h\u00e1 duas semanas. Apoiadora de Castillo protesta na rua com bandeira do Peru na frente de batalh\u00e3o policial Martin Mejia\/AP A antecipa\u00e7\u00e3o das elei\u00e7\u00f5es no Peru, uma tentativa de<\/p>\n","protected":false},"author":1,"featured_media":26775,"comment_status":"open","ping_status":"open","sticky":false,"template":"","format":"standard","meta":{"om_disable_all_campaigns":false,"_monsterinsights_skip_tracking":false,"_monsterinsights_sitenote_active":false,"_monsterinsights_sitenote_note":"","_monsterinsights_sitenote_category":0,"footnotes":""},"categories":[47],"tags":[],"class_list":{"0":"post-26774","1":"post","2":"type-post","3":"status-publish","4":"format-standard","5":"has-post-thumbnail","7":"category-mundo"},"_links":{"self":[{"href":"https:\/\/comandogeraldanoticia.com.br\/index.php\/wp-json\/wp\/v2\/posts\/26774","targetHints":{"allow":["GET"]}}],"collection":[{"href":"https:\/\/comandogeraldanoticia.com.br\/index.php\/wp-json\/wp\/v2\/posts"}],"about":[{"href":"https:\/\/comandogeraldanoticia.com.br\/index.php\/wp-json\/wp\/v2\/types\/post"}],"author":[{"embeddable":true,"href":"https:\/\/comandogeraldanoticia.com.br\/index.php\/wp-json\/wp\/v2\/users\/1"}],"replies":[{"embeddable":true,"href":"https:\/\/comandogeraldanoticia.com.br\/index.php\/wp-json\/wp\/v2\/comments?post=26774"}],"version-history":[{"count":0,"href":"https:\/\/comandogeraldanoticia.com.br\/index.php\/wp-json\/wp\/v2\/posts\/26774\/revisions"}],"wp:featuredmedia":[{"embeddable":true,"href":"https:\/\/comandogeraldanoticia.com.br\/index.php\/wp-json\/wp\/v2\/media\/26775"}],"wp:attachment":[{"href":"https:\/\/comandogeraldanoticia.com.br\/index.php\/wp-json\/wp\/v2\/media?parent=26774"}],"wp:term":[{"taxonomy":"category","embeddable":true,"href":"https:\/\/comandogeraldanoticia.com.br\/index.php\/wp-json\/wp\/v2\/categories?post=26774"},{"taxonomy":"post_tag","embeddable":true,"href":"https:\/\/comandogeraldanoticia.com.br\/index.php\/wp-json\/wp\/v2\/tags?post=26774"}],"curies":[{"name":"wp","href":"https:\/\/api.w.org\/{rel}","templated":true}]}}