{"id":26772,"date":"2022-12-17T10:10:50","date_gmt":"2022-12-17T10:10:50","guid":{"rendered":"https:\/\/comandogeraldanoticia.com.br\/index.php\/2022\/12\/17\/argentinos-se-abstraem-dos-problemas-e-se-entregam-a-lideranca-de-messi\/"},"modified":"2022-12-17T10:10:50","modified_gmt":"2022-12-17T10:10:50","slug":"argentinos-se-abstraem-dos-problemas-e-se-entregam-a-lideranca-de-messi","status":"publish","type":"post","link":"https:\/\/comandogeraldanoticia.com.br\/index.php\/2022\/12\/17\/argentinos-se-abstraem-dos-problemas-e-se-entregam-a-lideranca-de-messi\/","title":{"rendered":"Argentinos se abstraem dos problemas e se entregam \u00e0 lideran\u00e7a de Messi"},"content":{"rendered":"<p><img decoding=\"async\" src=\"https:\/\/s2.glbimg.com\/P3Bgd-YSlJvbW_3T2ysVDRpvfoU=\/i.s3.glbimg.com\/v1\/AUTH_59edd422c0c84a879bd37670ae4f538a\/internal_photos\/bs\/2022\/l\/p\/OKAVjzT3e68vyd4e2fgw\/2022-12-13t225019z-239363038-up1eicd1rfs49-rtrmadp-3-soccer-worldcup-arg-cro-fans.jpg\"><br \/>   Sele\u00e7\u00e3o nacional contagia popula\u00e7\u00e3o e torna-se fator de coes\u00e3o no pa\u00eds, afastando as rixas pol\u00edticas e dificuldades econ\u00f4micas.  Argentinos em Buenos Aires durante o jogo contra a Cro\u00e1cia<br \/>\nAgustin Marcarian\/Reuters<br \/>\n\u201cMeninos, agora voltamos a sonhar\u201d, diz o refr\u00e3o da can\u00e7\u00e3o que se tornou o hino da Argentina nesta Copa do Mundo e sai em un\u00edssono, como um brado, das cordas vocais de jogadores e torcedores.<br \/>\nNo \u00faltimo m\u00eas, a sele\u00e7\u00e3o liderada por Lionel Messi conseguiu agregar as diferentes correntes que cruzam o pa\u00eds e tornou-se um fator de coes\u00e3o.<br \/>\nA batalha pol\u00edtica acalmou, e at\u00e9 a infla\u00e7\u00e3o deu uma pequena tr\u00e9gua: o \u00edndice de novembro baixou pela primeira vez em 9 meses para 4,9%, embora o acumulado em um ano seja de 92,4%. O pa\u00eds que sobrevive entre crises c\u00edclicas n\u00e3o quer, pelo menos at\u00e9 domingo, ouvir falar de problemas.<br \/>\nAs rotineiras rixas partid\u00e1rias, a condena\u00e7\u00e3o de Cristina Kirchner a 6 anos de pris\u00e3o, o isolamento do presidente Alberto Fern\u00e1ndez e a indefini\u00e7\u00e3o no cen\u00e1rio pol\u00edtico para as elei\u00e7\u00f5es presidenciais do pr\u00f3ximo ano deixaram de monopolizar as conversas, assim como a desvaloriza\u00e7\u00e3o do peso ou o \u00edndice de 6,9% de desemprego.<br \/>\nA garra e o esp\u00edrito de uni\u00e3o do time contagiaram os argentinos, que se aferram \u00e0 Copa do Mundo como uma t\u00e1bua de salva\u00e7\u00e3o e um al\u00edvio moment\u00e2neo para as profundas divis\u00f5es pol\u00edticas e dificuldades econ\u00f4micas.<br \/>\n\u201c\u00c9 talvez um daqueles momentos \u00fanicos em que parece n\u00e3o haver diferen\u00e7as, em que somos todos iguais. Somos todos argentinos e nos sentimos orgulhosos de vestir a camisa da sele\u00e7\u00e3o e cantar o hino desta ta\u00e7a\u201d, resumiu o jornalista Sergio Roitberg, colunista do \u201cClar\u00edn\u201d.<br \/>\nEm enquetes de rua, os torcedores admitem, sem hesita\u00e7\u00e3o, que preferem ver a Argentina campe\u00e3 do mundo a ver a infla\u00e7\u00e3o baixar. No in\u00edcio da Copa, a pr\u00f3pria ministra do Trabalho, Kelly Olmos, considerou n\u00e3o ver diferen\u00e7a entre os dois objetivos.<br \/>\nAtacada, ela voltou atr\u00e1s e ordenou suas prioridades. \u201cQuero baixar a infla\u00e7\u00e3o para 1% ao m\u00eas e quero tamb\u00e9m que os argentinos fiquem felizes por ganhar o Mundial e ver Messi ser campe\u00e3o.\u201d<br \/>\nO fato \u00e9 que a Argentina se vestiu de azul branco e est\u00e1 paralisada em torno do bom desempenho do time na Copa. Os torcedores se abstra\u00edram de outros assuntos.<br \/>\n\u201c\u00c9 sem d\u00favida uma clara li\u00e7\u00e3o para os que dirigem o pa\u00eds, um apelo a perceber que este \u00e9 o caminho: encontrar um prop\u00f3sito comum\u201d, atestou Roitberg em seu artigo no \u201cClar\u00edn\u201d. Pelo menos at\u00e9 domingo, a popula\u00e7\u00e3o orgulhosa est\u00e1 totalmente entregue \u00e0 lideran\u00e7a do capit\u00e3o Messi.<\/p>\n","protected":false},"excerpt":{"rendered":"<p>Sele\u00e7\u00e3o nacional contagia popula\u00e7\u00e3o e torna-se fator de coes\u00e3o no pa\u00eds, afastando as rixas pol\u00edticas e dificuldades econ\u00f4micas. Argentinos em Buenos Aires durante o jogo contra a Cro\u00e1cia Agustin Marcarian\/Reuters \u201cMeninos, agora voltamos a sonhar\u201d, diz o refr\u00e3o da can\u00e7\u00e3o que se tornou o hino da Argentina nesta Copa do Mundo e sai em un\u00edssono,<\/p>\n","protected":false},"author":1,"featured_media":26773,"comment_status":"open","ping_status":"open","sticky":false,"template":"","format":"standard","meta":{"om_disable_all_campaigns":false,"_monsterinsights_skip_tracking":false,"_monsterinsights_sitenote_active":false,"_monsterinsights_sitenote_note":"","_monsterinsights_sitenote_category":0,"footnotes":""},"categories":[47],"tags":[],"class_list":{"0":"post-26772","1":"post","2":"type-post","3":"status-publish","4":"format-standard","5":"has-post-thumbnail","7":"category-mundo"},"_links":{"self":[{"href":"https:\/\/comandogeraldanoticia.com.br\/index.php\/wp-json\/wp\/v2\/posts\/26772","targetHints":{"allow":["GET"]}}],"collection":[{"href":"https:\/\/comandogeraldanoticia.com.br\/index.php\/wp-json\/wp\/v2\/posts"}],"about":[{"href":"https:\/\/comandogeraldanoticia.com.br\/index.php\/wp-json\/wp\/v2\/types\/post"}],"author":[{"embeddable":true,"href":"https:\/\/comandogeraldanoticia.com.br\/index.php\/wp-json\/wp\/v2\/users\/1"}],"replies":[{"embeddable":true,"href":"https:\/\/comandogeraldanoticia.com.br\/index.php\/wp-json\/wp\/v2\/comments?post=26772"}],"version-history":[{"count":0,"href":"https:\/\/comandogeraldanoticia.com.br\/index.php\/wp-json\/wp\/v2\/posts\/26772\/revisions"}],"wp:featuredmedia":[{"embeddable":true,"href":"https:\/\/comandogeraldanoticia.com.br\/index.php\/wp-json\/wp\/v2\/media\/26773"}],"wp:attachment":[{"href":"https:\/\/comandogeraldanoticia.com.br\/index.php\/wp-json\/wp\/v2\/media?parent=26772"}],"wp:term":[{"taxonomy":"category","embeddable":true,"href":"https:\/\/comandogeraldanoticia.com.br\/index.php\/wp-json\/wp\/v2\/categories?post=26772"},{"taxonomy":"post_tag","embeddable":true,"href":"https:\/\/comandogeraldanoticia.com.br\/index.php\/wp-json\/wp\/v2\/tags?post=26772"}],"curies":[{"name":"wp","href":"https:\/\/api.w.org\/{rel}","templated":true}]}}