{"id":25566,"date":"2022-12-11T23:10:58","date_gmt":"2022-12-11T23:10:58","guid":{"rendered":"https:\/\/comandogeraldanoticia.com.br\/index.php\/2022\/12\/11\/unicamp-2023-primeiro-dia-da-2a-fase-do-vestibular-tem-abstencao-de-76-o-menor-indice-desde-2009-e-transtornos-com-chuva\/"},"modified":"2022-12-11T23:10:58","modified_gmt":"2022-12-11T23:10:58","slug":"unicamp-2023-primeiro-dia-da-2a-fase-do-vestibular-tem-abstencao-de-76-o-menor-indice-desde-2009-e-transtornos-com-chuva","status":"publish","type":"post","link":"https:\/\/comandogeraldanoticia.com.br\/index.php\/2022\/12\/11\/unicamp-2023-primeiro-dia-da-2a-fase-do-vestibular-tem-abstencao-de-76-o-menor-indice-desde-2009-e-transtornos-com-chuva\/","title":{"rendered":"Unicamp 2023: primeiro dia da 2\u00aa fase do vestibular tem absten\u00e7\u00e3o de 7,6%, o menor \u00edndice desde 2009; e transtornos com chuva"},"content":{"rendered":"<p><img decoding=\"async\" src=\"https:\/\/s2.glbimg.com\/zs9L1Ow4GX303IqKOjAogUQ-f5E=\/i.s3.glbimg.com\/v1\/AUTH_59edd422c0c84a879bd37670ae4f538a\/internal_photos\/bs\/2022\/w\/B\/8H3AUpSWKM8TpF9XYUmA\/whatsapp-image-2022-12-11-at-13.41.13-1-.jpeg\"><br \/>   Universidade estadual registrou 969 ausentes entre os 12.708 candidatos convocados para esta etapa. Chuva e calor motivaram a\u00e7\u00f5es em locais de prova. Processo seletivo ser\u00e1 encerrado nesta segunda (12). Primeira prova da 2\u00aa fase do vestibular 2023 da Unicamp \u00e9 aplicada neste domingo (11)<br \/>\nJ\u00falio C\u00e9sar Costa\/g1<br \/>\nO primeiro dia de provas da 2\u00aa fase do vestibular 2023 da Unicamp terminou com absten\u00e7\u00e3o de 7,6%, segundo a comiss\u00e3o organizadora (Comvest). O percentual \u00e9 o menor desde 2009, e significa 969 ausentes entre os 12.708 estudantes convocados para esta etapa do processo. Em Campinas (SP), uma chuva forte gerou transtornos no maior local de prova.<br \/>\n&#8220;A Comiss\u00e3o atribui a mudan\u00e7a [no \u00edndice] \u00e0 data para dezembro, porque os candidatos e candidatas ainda est\u00e3o em per\u00edodo letivo nas suas escolas, ainda num per\u00edodo de ciclo de avalia\u00e7\u00e3oes. O nosso sinalizador para uma queda t\u00e3o grande [na absten\u00e7\u00e3o] tem a ver com a prova ser mantida em dezembro&#8221;, avaliou o diretor da Comvest, Jos\u00e9 Alves de Freitas Neto.<br \/>\nA cidade que teve o menor \u00edndice de faltosos foi S\u00e3o Carlos (SP), com 3,9%, seguida por S\u00e3o Paulo, com 5,7%, o que chamou a aten\u00e7\u00e3o da Comiss\u00e3o. J\u00e1 a cidade com mais aus\u00eancias era esperada, Presidente Prudente (SP), com percentual de 21,8%.<br \/>\n&#8220;\u00c9 a \u00fanica cidade que teve aumento de absten\u00e7\u00e3o, pega norte do Paran\u00e1 e Mato Grosso do Sul, \u00e9 uma cidade em que tradicionalmente o \u00edndice \u00e9 mais elevado&#8221;, explicou o diretor. No total 11.739 compareceram.<br \/>\nNa edi\u00e7\u00e3o anterior, o vestibular terminou com \u00edndice geral de faltantes em 12,7%, o maior desde 2020. Veja abaixo tabela com evolu\u00e7\u00e3o.<br \/>\n2\u00aa fase tem porte de armas e racismo como op\u00e7\u00f5es de temas da reda\u00e7\u00e3o, e quest\u00e3o aborda aporofobia<br \/>\nVeja como foi a movimenta\u00e7\u00e3o nas provas da 2\u00aa fase<br \/>\nAbsten\u00e7\u00e3o na 2\u00aa fase do vestibular da Unicamp<br \/>\nA universidade oferece 2.540 vagas em 69 cursos. Nesta segunda fase, as avalia\u00e7\u00f5es ocorrem em 17 cidades de S\u00e3o Paulo (14 a menos do que na 1\u00aa &#8211; confira abaixo tabela), al\u00e9m de Belo Horizonte (MG), Bras\u00edlia (DF), Curitiba (PR), Fortaleza (CE) e Salvador (BA). Foi recomendado o uso de m\u00e1scara de prote\u00e7\u00e3o contra a Covid-19.<br \/>\nCalor\u00e3o e chuva forte<br \/>\nO calor roubou a cena neste primeiro dia da segunda fase. Na Unip, principal local de prova localizada no bairro Swift em Campinas, a falta de uma sombra e de acesso a banheiros e \u00e1gua gerou reclama\u00e7\u00e3o de pais e acompanhantes de candidatos que aguardavam.<br \/>\n&#8220;Alguns pais pediram pra ir ao banheiro e mandaram a gente ir no supermercado. Esperava no m\u00ednimo uma condi\u00e7\u00e3o mais humana. Estamos no cimento quente e sem sombra pra esperar&#8221;, disse a professora Maria C\u00e2ndida da Silva Almeida que veio com a filha do Rio de Janeiro.<br \/>\nNa coletiva de imprensa, Neto disse que n\u00e3o houve esse tipo de reclama\u00e7\u00e3o em outros vestibulares e que desconhecia a falta de apoio e n\u00e3o tinha um plano B, mas afirmou que faria uma reuni\u00e3o com os representantes da Unip para encontrar uma solu\u00e7\u00e3o para o segundo dia de provas, que acontece nesta segunda (12), e pediu desculpas aos familiares.<br \/>\nNo fim da tarde, uma chuva forte atingiu a cidade e chegou a afetar uma das salas de aula. Uma turma inteira precisou ser transferida de espa\u00e7o.<br \/>\n&#8220;Houve a transfer\u00eancia de uma sala por conta da chuva e esses candidatos receberam tempo adicional de prova para fazerem a transfer\u00eancia&#8221;, explicu o diretor da Comvest.<br \/>\nDo lado de fora, quem j\u00e1 tinha sa\u00eddo da prova foi autorizado a se abrigar no refeit\u00f3rio da Unip at\u00e9 a chuva diminuir.<br \/>\nRefeit\u00f3rio da Unip abriga candidatos da segunda fase da Unicamp durante temporal, em Campinas<br \/>\nNaira Zitei\/g1<br \/>\n&#8216;Temas do cotidiano&#8217;<br \/>\nA universidade estadual iniciou a segunda fase neste domingo com aplica\u00e7\u00f5es das provas de reda\u00e7\u00e3o, portugu\u00eas, ingl\u00eas e ci\u00eancias da natureza.<br \/>\nPorte de armas e racismo nas escolas foram os temas propostos para a reda\u00e7\u00e3o, e a prova ainda abordou desde a releitura da cena hist\u00f3rica da Independ\u00eancia do Brasil com celulares no lugar de espadas at\u00e9 a aporofobia, pr\u00e1tica de usar elementos que afastam as pessoas pobres e em situa\u00e7\u00e3o de rua, como pregos no ch\u00e3o e cacos de vidro sob viadutos.<br \/>\n&#8220;A ideia foi trazer esse conceito que tem sido debatido e incitar os candidatos e candidatas a discutir. [&#8230;] \u00c9 um princ\u00edpio da universidade porque esses temas interessam para a universidade como um local de produ\u00e7\u00e3o de conhecimento, um local que n\u00e3o \u00e9 separado do debate social&#8221;, explicou a professora da Unicamp M\u00e1rcia Rodrigues de Souza Mendon\u00e7a.<br \/>\nQuest\u00e3o que abordou o tema da aporofobia na segunda fase do Vestibular 2023 da Unicamp<br \/>\nReprodu\u00e7\u00e3o\/Unicamp<br \/>\nLista dos temas que ca\u00edram:<br \/>\nporte de armas e racismo nas institui\u00e7\u00f5es de ensino como temas da reda\u00e7\u00e3o<br \/>\nreleitura da cena hist\u00f3ria da Independ\u00eancia do Brasil, o quadro &#8220;Independ\u00eancia ou Morte&#8221;, de Pedro Am\u00e9rico, com celulares no lugar das espadas<br \/>\nbord\u00e3o que viralizou na web &#8220;\u00c9 sobre isso, e t\u00e1 tudo bem&#8221;<br \/>\naporofobia, a pr\u00e1tica de usar elementos que afastam as pessoas pobres e em situa\u00e7\u00e3o de rua, como pregos no ch\u00e3o e cacos de vidro sob viadutos<br \/>\npoema &#8220;L\u00edngua portuguesa&#8221;, de Olavo Bilac<br \/>\ncita\u00e7\u00e3o do livro &#8220;O Ateneu&#8221;, de Raul Pompeia, com enfoque na cr\u00edtica social<br \/>\nprocesso de derretimento do vidro<br \/>\nenergia e\u00f3lica<br \/>\nmudan\u00e7as clim\u00e1ticas e como o vidro foi importante para a preserva\u00e7\u00e3o das vacinas<br \/>\ninflu\u00eancia da mudan\u00e7a dos termos favela\/favelado para comunidade\/morador de comunidade na realidade da periferia<br \/>\nCandidatos ressaltaram a grande quantidade de textos e que puderam usar as informa\u00e7\u00f5es nas respostas no decorrer da prova. O feito \u00e9 proposital, segundo M\u00e1rcia.<br \/>\n&#8220;Os textos de leitura ajudavam os candidatos a produzir o texto. \u00c9 uma prova que avalia a leitura e a escrita, conjuntamente&#8221;, ressaltou.<br \/>\nA prova com quest\u00f5es coloridas foi outro destaque desta edi\u00e7\u00e3o &#8211; \u00e9 a primeira vez que a universidade adota essa impress\u00e3o. O objetivo \u00e9 deixar o conte\u00fado mais did\u00e1tico, e a Comvest disse que recebeu coment\u00e1rios positivos e espera um bom retorno tamb\u00e9m nesta segunda (12).<br \/>\nProva desta segunda \u00e9 espec\u00edfica<br \/>\nSegunda: provas comuns a todos os candidatos<br \/>\nMatem\u00e1tica: seis quest\u00f5es;<br \/>\nCi\u00eancias humanas (interdisciplinar): duas quest\u00f5es;<br \/>\nSegunda: provas de conhecimentos espec\u00edficos<br \/>\nCandidatos da \u00e1rea de ci\u00eancias biol\u00f3gicas\/sa\u00fade: seis quest\u00f5es de biologia e seis quest\u00f5es de qu\u00edmica;<br \/>\nCandidatos da \u00e1rea de ci\u00eancias exatas\/tecnol\u00f3gicas: seis quest\u00f5es de f\u00edsica e seis quest\u00f5es de qu\u00edmica;<br \/>\nCandidatos da \u00e1rea de ci\u00eancias humanas\/artes: seis quest\u00f5es de geografia e seis quest\u00f5es de hist\u00f3ria, englobando conte\u00fados de filosofia e sociologia;<br \/>\nRecomenda\u00e7\u00e3o sanit\u00e1ria<br \/>\nA Comvest refor\u00e7ou a recomenda\u00e7\u00e3o para uso da m\u00e1scara para prote\u00e7\u00e3o contra Covid-19. A eventual obrigatoriedade, diz a dire\u00e7\u00e3o, dependia das regras de munic\u00edpios e estados onde haver\u00e1 provas.<br \/>\nCidades com provas do vestibular 2023 da Unicamp<br \/>\nAs outras cidades paulistas com provas em dezembro s\u00e3o: Jundia\u00ed, Limeira, Santos, S\u00e3o Carlos, S\u00e3o Jos\u00e9 do Rio Preto, S\u00e3o Paulo.<br \/>\nCronograma<br \/>\n2\u00aa fase: 11 e 12 de dezembro de 2022;<br \/>\nProvas de habilidades espec\u00edficas: 4 a 6 de janeiro de 2023;<br \/>\nDivulga\u00e7\u00e3o da primeira chamada: 6 de fevereiro de 2023;<br \/>\nMatr\u00edcula on-line da primeira chamada: 7 a 9 de fevereiro de 2023;<br \/>\nV\u00cdDEOS: tudo sobre Campinas e regi\u00e3o<br \/>\no<br \/>\nVeja mais not\u00edcias da regi\u00e3o no g1 Campinas<\/p>\n","protected":false},"excerpt":{"rendered":"<p>Universidade estadual registrou 969 ausentes entre os 12.708 candidatos convocados para esta etapa. Chuva e calor motivaram a\u00e7\u00f5es em locais de prova. Processo seletivo ser\u00e1 encerrado nesta segunda (12). Primeira prova da 2\u00aa fase do vestibular 2023 da Unicamp \u00e9 aplicada neste domingo (11) J\u00falio C\u00e9sar Costa\/g1 O primeiro dia de provas da 2\u00aa fase<\/p>\n","protected":false},"author":1,"featured_media":25567,"comment_status":"open","ping_status":"open","sticky":false,"template":"","format":"standard","meta":{"om_disable_all_campaigns":false,"_monsterinsights_skip_tracking":false,"_monsterinsights_sitenote_active":false,"_monsterinsights_sitenote_note":"","_monsterinsights_sitenote_category":0,"footnotes":""},"categories":[44],"tags":[],"class_list":{"0":"post-25566","1":"post","2":"type-post","3":"status-publish","4":"format-standard","5":"has-post-thumbnail","7":"category-example-6"},"_links":{"self":[{"href":"https:\/\/comandogeraldanoticia.com.br\/index.php\/wp-json\/wp\/v2\/posts\/25566","targetHints":{"allow":["GET"]}}],"collection":[{"href":"https:\/\/comandogeraldanoticia.com.br\/index.php\/wp-json\/wp\/v2\/posts"}],"about":[{"href":"https:\/\/comandogeraldanoticia.com.br\/index.php\/wp-json\/wp\/v2\/types\/post"}],"author":[{"embeddable":true,"href":"https:\/\/comandogeraldanoticia.com.br\/index.php\/wp-json\/wp\/v2\/users\/1"}],"replies":[{"embeddable":true,"href":"https:\/\/comandogeraldanoticia.com.br\/index.php\/wp-json\/wp\/v2\/comments?post=25566"}],"version-history":[{"count":0,"href":"https:\/\/comandogeraldanoticia.com.br\/index.php\/wp-json\/wp\/v2\/posts\/25566\/revisions"}],"wp:featuredmedia":[{"embeddable":true,"href":"https:\/\/comandogeraldanoticia.com.br\/index.php\/wp-json\/wp\/v2\/media\/25567"}],"wp:attachment":[{"href":"https:\/\/comandogeraldanoticia.com.br\/index.php\/wp-json\/wp\/v2\/media?parent=25566"}],"wp:term":[{"taxonomy":"category","embeddable":true,"href":"https:\/\/comandogeraldanoticia.com.br\/index.php\/wp-json\/wp\/v2\/categories?post=25566"},{"taxonomy":"post_tag","embeddable":true,"href":"https:\/\/comandogeraldanoticia.com.br\/index.php\/wp-json\/wp\/v2\/tags?post=25566"}],"curies":[{"name":"wp","href":"https:\/\/api.w.org\/{rel}","templated":true}]}}