{"id":25558,"date":"2022-12-11T21:13:18","date_gmt":"2022-12-11T21:13:18","guid":{"rendered":"https:\/\/comandogeraldanoticia.com.br\/index.php\/2022\/12\/11\/vestibular-unificado-ufsc-ifsc-tem-abstencao-de-29-e-habito-da-leitura-como-tema-da-redacao\/"},"modified":"2022-12-11T21:13:18","modified_gmt":"2022-12-11T21:13:18","slug":"vestibular-unificado-ufsc-ifsc-tem-abstencao-de-29-e-habito-da-leitura-como-tema-da-redacao","status":"publish","type":"post","link":"https:\/\/comandogeraldanoticia.com.br\/index.php\/2022\/12\/11\/vestibular-unificado-ufsc-ifsc-tem-abstencao-de-29-e-habito-da-leitura-como-tema-da-redacao\/","title":{"rendered":"Vestibular unificado UFSC\/IFSC tem absten\u00e7\u00e3o de 29% e h\u00e1bito da leitura como tema da reda\u00e7\u00e3o"},"content":{"rendered":"<p><img decoding=\"async\" src=\"https:\/\/s2.glbimg.com\/Jhxnyr10--gWCBz-VCy3ntXivQs=\/i.s3.glbimg.com\/v1\/AUTH_59edd422c0c84a879bd37670ae4f538a\/internal_photos\/bs\/2022\/c\/B\/TJpvrfRAWnUoHhAzBIyw\/vestibular-unificado-ufsc-ifsc.jpg\"><br \/>   Provas ocorreram neste s\u00e1bado e domingo. List\u00e3o deve sair na primeira quinzena de janeiro. Candidatos em local de prova no campus da UFSC em Florian\u00f3polis<br \/>\nCoperve\/Divulga\u00e7\u00e3o<br \/>\nO Vestibular Unificado UFSC\/IFSC, cujas provas foram aplicadas neste s\u00e1bado (10) e domingo (11), teve \u00edndice total de absten\u00e7\u00e3o de 29,1%, divulgou a Comiss\u00e3o Permanente do Vestibular (Coperve). Tamb\u00e9m foi revelado o tema da reda\u00e7\u00e3o: o h\u00e1bito da leitura e o perfil dos leitores brasileiros.<br \/>\nOs gabaritos podem ser consultados a partir das 20h30 deste domingo no site do vestibular. A previs\u00e3o da Coperve \u00e9 que a lista dos aprovados seja divulgada na primeira quinzena de janeiro, tamb\u00e9m pela internet.<br \/>\nCompartilhe no WhatsApp<br \/>\nCompartilhe no Telegram<br \/>\nNo s\u00e1bado, as provas foram de matem\u00e1tica, idiomas, biologia e duas discursivas. Neste domingo, foi a vez de hist\u00f3ria, geografia, filosofia, sociologia, f\u00edsica, qu\u00edmica e reda\u00e7\u00e3o.<br \/>\nPara a reda\u00e7\u00e3o, os candidatos puderam escolher entre escrever uma carta, um manifesto ou uma cr\u00f4nica.<br \/>\nVestibular<br \/>\nOs candidatos concorrem a vagas para ingressar na Universidade Federal (UFSC) e no Instituto Federal de Santa Catarina (IFSC). S\u00e3o 5.564 vagas de gradua\u00e7\u00e3o em 246 cursos em mais de 10 munic\u00edpios catarinenses.<br \/>\nVenezuelano em situa\u00e7\u00e3o de rua passa em vestibular da UFSC: &#8216;Novo cap\u00edtulo&#8217;<br \/>\nAo todo, foram 22 mil inscritos para realiza\u00e7\u00e3o das provas, que foram aplicadas em 27 munic\u00edpios. Na UFSC, o curso mais concorrido \u00e9 o de medicina em Florian\u00f3polis, com 76 pessoas por vaga. J\u00e1 no IFSC, o curso de gastronomia na capital conta com 7 candidatos por vaga.<br \/>\nCursos mais concorridos da UFSC<br \/>\nMedicina (Florian\u00f3polis) \u2013 76.11 candidatos\/vaga;<br \/>\nMedicina (Ararangu\u00e1) \u2013 35.9 candidatos\/vaga;<br \/>\nPsicologia (Florian\u00f3polis) \u2013 18.10 candidatos\/vaga.<br \/>\nCursos mais concorridos do IFSC<br \/>\nGastronomia (Florian\u00f3polis) \u2013 7.0 candidatos\/vaga;<br \/>\nGest\u00e3o da tecnologia da informa\u00e7\u00e3o (Florian\u00f3polis) \u2013 5.2 candidatos\/vaga;<br \/>\nEngenharia mec\u00e2nica (Joinville) \u2013 4 candidatos\/vaga.<br \/>\nV\u00cdDEOS: mais assistidos do g1 SC nos \u00faltimos 7 dias<br \/>\nVeja mais not\u00edcias do estado no g1 SC<\/p>\n","protected":false},"excerpt":{"rendered":"<p>Provas ocorreram neste s\u00e1bado e domingo. List\u00e3o deve sair na primeira quinzena de janeiro. Candidatos em local de prova no campus da UFSC em Florian\u00f3polis Coperve\/Divulga\u00e7\u00e3o O Vestibular Unificado UFSC\/IFSC, cujas provas foram aplicadas neste s\u00e1bado (10) e domingo (11), teve \u00edndice total de absten\u00e7\u00e3o de 29,1%, divulgou a Comiss\u00e3o Permanente do Vestibular (Coperve). Tamb\u00e9m<\/p>\n","protected":false},"author":1,"featured_media":25559,"comment_status":"open","ping_status":"open","sticky":false,"template":"","format":"standard","meta":{"om_disable_all_campaigns":false,"_monsterinsights_skip_tracking":false,"_monsterinsights_sitenote_active":false,"_monsterinsights_sitenote_note":"","_monsterinsights_sitenote_category":0,"footnotes":""},"categories":[44],"tags":[],"class_list":{"0":"post-25558","1":"post","2":"type-post","3":"status-publish","4":"format-standard","5":"has-post-thumbnail","7":"category-example-6"},"_links":{"self":[{"href":"https:\/\/comandogeraldanoticia.com.br\/index.php\/wp-json\/wp\/v2\/posts\/25558","targetHints":{"allow":["GET"]}}],"collection":[{"href":"https:\/\/comandogeraldanoticia.com.br\/index.php\/wp-json\/wp\/v2\/posts"}],"about":[{"href":"https:\/\/comandogeraldanoticia.com.br\/index.php\/wp-json\/wp\/v2\/types\/post"}],"author":[{"embeddable":true,"href":"https:\/\/comandogeraldanoticia.com.br\/index.php\/wp-json\/wp\/v2\/users\/1"}],"replies":[{"embeddable":true,"href":"https:\/\/comandogeraldanoticia.com.br\/index.php\/wp-json\/wp\/v2\/comments?post=25558"}],"version-history":[{"count":0,"href":"https:\/\/comandogeraldanoticia.com.br\/index.php\/wp-json\/wp\/v2\/posts\/25558\/revisions"}],"wp:featuredmedia":[{"embeddable":true,"href":"https:\/\/comandogeraldanoticia.com.br\/index.php\/wp-json\/wp\/v2\/media\/25559"}],"wp:attachment":[{"href":"https:\/\/comandogeraldanoticia.com.br\/index.php\/wp-json\/wp\/v2\/media?parent=25558"}],"wp:term":[{"taxonomy":"category","embeddable":true,"href":"https:\/\/comandogeraldanoticia.com.br\/index.php\/wp-json\/wp\/v2\/categories?post=25558"},{"taxonomy":"post_tag","embeddable":true,"href":"https:\/\/comandogeraldanoticia.com.br\/index.php\/wp-json\/wp\/v2\/tags?post=25558"}],"curies":[{"name":"wp","href":"https:\/\/api.w.org\/{rel}","templated":true}]}}