{"id":19410,"date":"2022-11-20T12:11:21","date_gmt":"2022-11-20T12:11:21","guid":{"rendered":"https:\/\/comandogeraldanoticia.com.br\/index.php\/2022\/11\/20\/baiano-com-seis-dedos-pretende-comemorar-hexa-da-selecao-com-uma-mao-so-fico-ansioso\/"},"modified":"2022-11-20T12:11:21","modified_gmt":"2022-11-20T12:11:21","slug":"baiano-com-seis-dedos-pretende-comemorar-hexa-da-selecao-com-uma-mao-so-fico-ansioso","status":"publish","type":"post","link":"https:\/\/comandogeraldanoticia.com.br\/index.php\/2022\/11\/20\/baiano-com-seis-dedos-pretende-comemorar-hexa-da-selecao-com-uma-mao-so-fico-ansioso\/","title":{"rendered":"Baiano com seis dedos pretende comemorar hexa da sele\u00e7\u00e3o com uma m\u00e3o s\u00f3: &#8216;fico ansioso&#8217;"},"content":{"rendered":"<p><img decoding=\"async\" src=\"https:\/\/s2.glbimg.com\/jbU1VrtEnooRkfKEOF0cp3e8QxI=\/i.s3.glbimg.com\/v1\/AUTH_59edd422c0c84a879bd37670ae4f538a\/internal_photos\/bs\/2022\/1\/e\/giLXwDTJmZBPoO3qcBcg\/whatsapp-image-2022-11-18-at-14.05.24.jpeg\"><br \/>   Quando chega em \u00e9poca de Copa do Mundo, Josevaldo ganha apelido particular: &#8216;hexa&#8217;. Baiano com seis dedos pretende comemorar hexa da sele\u00e7\u00e3o com uma m\u00e3o s\u00f3<br \/>\nRaimundo Mascarenhas\/Calila Not\u00edcias<br \/>\n\u00c9poca de Copa do Mundo e um dos sinais que os brasileiros mais fazem para representar o t\u00e3o sonhado hexacampeonato \u00e9 o n\u00famero seis, utilizando as duas m\u00e3os. J\u00e1 o baiano Josevaldo de Almeida Thom\u00e9, de 45 anos, se diz privilegiado por conseguir fazer com apenas uma m\u00e3o.<br \/>\nInfluenciadores baianos s\u00e3o selecionados pela CBF para ir \u00e0 Copa do Mundo no Catar: &#8216;Muito confiante no hexa&#8217;<br \/>\nCom fantasia de dinossauro, m\u00e9dico baiano viaja para sexta Copa do Mundo e sonha com o hexa no Catar: &#8216;\u00c9 um time forte&#8217;<br \/>\nPolegar, indicador, dedo m\u00e9dio, anular, dedo m\u00ednimo e &#8220;aparecido&#8221;. Por mais estranho que pare\u00e7a, h\u00e1 um dedo a mais em cada m\u00e3o de Josevaldo Thom\u00e9, morador de Concei\u00e7\u00e3o do Coit\u00e9, a cerca de 200 km de Salvador.<br \/>\nQuando chega em \u00e9poca de Copa do Mundo, o baiano ganha um apelido particular.<br \/>\n&#8220;Todos que me conhecem e sabem que tenho seis dedos em cada m\u00e3o me chamam de hexa&#8221;, disse ao g1.<br \/>\nJosevaldo trabalha como t\u00e9cnico de manuten\u00e7\u00e3o e equipamentos odontol\u00f3gicos e hospitalares. O futebol n\u00e3o \u00e9 um esporte que ele acompanha durante todo o ano, mas, em \u00e9poca de Copa, ele garante que vira &#8220;f\u00e3 de carteirinha&#8221; da sele\u00e7\u00e3o.<br \/>\n&#8220;Sempre que tem uma copa eu fico ansioso. A expectativa \u00e9 de poder fazer o hexa usando uma m\u00e3o s\u00f3 com o t\u00edtulo conquistado&#8221;, brincou.<br \/>\nLEIA TAMB\u00c9M<br \/>\nPai de Bremer comemora convoca\u00e7\u00e3o para Copa do Mundo, mas descarta ida ao Catar: &#8216;a comida l\u00e1 n\u00e3o \u00e9 essas coisas&#8217;<br \/>\nAnomalia<br \/>\nBaiano com seis dedos pretende comemorar hexa da sele\u00e7\u00e3o com uma m\u00e3o s\u00f3<br \/>\nRaimundo Mascarenhas\/Calila Not\u00edcias<br \/>\nJosevaldo Thom\u00e9 conta que a m\u00e3e dele notou a anomalia cong\u00eanita ao dar banho nele, na \u00e9poca em que o t\u00e9cnico de manuten\u00e7\u00e3o ainda era crian\u00e7a. Quando foi ao m\u00e9dico, o profissional fez exame raio-x e tamb\u00e9m achou estranho.<br \/>\n&#8220;S\u00e3o seis dedos em cada m\u00e3o, perfeitos. Movimento bem eles, mas alguns s\u00e3o interligados&#8221;, explicou o baiano.<br \/>\nO nome do sexto dedo, chamado de &#8220;aparecido&#8221;, foi dado quando ele foi fazer o registro de um documento no Servi\u00e7o de Atendimento ao Cidad\u00e3o (SAC) da regi\u00e3o.<br \/>\n&#8220;Quando fui tirar a identidade, foi dif\u00edcil, porque o rapaz come\u00e7ou a colocar os dedos para marcar as digitais, e, quando chegou ao sexto, ele tomou um susto. A\u00ed chamou um coordenador e colocou o nome de &#8216;aparecido&#8217; no sexto dedo, porque precisava fazer o registro de todos&#8221;, relembra.<br \/>\nEm 2014, quando falou com o g1 pela primeira vez, Josevaldo informou que nunca tinha procurado saber o motivo da anomalia. A situa\u00e7\u00e3o n\u00e3o mudou.<br \/>\nO baiano tamb\u00e9m segue como o \u00fanico em casa que tem dois dedos a mais nas m\u00e3os. Entre 2014 e 2022, o neto dele nasceu, com cinco dedos perfeitos em cada m\u00e3o.<br \/>\nOs dois dedos a mais fez com que Josevaldo tirasse vantagem em rela\u00e7\u00e3o aos amigos durante a inf\u00e2ncia. Uma delas acontecia quando jogava par ou \u00edmpar.<br \/>\nQuando come\u00e7ou a namorar a atual esposa, Josevaldo Thom\u00e9 diz que levou um tempo at\u00e9 ter coragem de mostrar os dedos. A amada s\u00f3 observou que o amado tinha dedos a mais seis meses depois do pedido de casamento.<br \/>\nVeja mais not\u00edcias do estado no g1 Bahia<br \/>\nAssista aos v\u00eddeos do g1 e TV Bahia \ud83d\udcbb<\/p>\n","protected":false},"excerpt":{"rendered":"<p>Quando chega em \u00e9poca de Copa do Mundo, Josevaldo ganha apelido particular: &#8216;hexa&#8217;. Baiano com seis dedos pretende comemorar hexa da sele\u00e7\u00e3o com uma m\u00e3o s\u00f3 Raimundo Mascarenhas\/Calila Not\u00edcias \u00c9poca de Copa do Mundo e um dos sinais que os brasileiros mais fazem para representar o t\u00e3o sonhado hexacampeonato \u00e9 o n\u00famero seis, utilizando as<\/p>\n","protected":false},"author":1,"featured_media":19411,"comment_status":"open","ping_status":"open","sticky":false,"template":"","format":"standard","meta":{"om_disable_all_campaigns":false,"_monsterinsights_skip_tracking":false,"_monsterinsights_sitenote_active":false,"_monsterinsights_sitenote_note":"","_monsterinsights_sitenote_category":0,"footnotes":""},"categories":[47],"tags":[],"class_list":{"0":"post-19410","1":"post","2":"type-post","3":"status-publish","4":"format-standard","5":"has-post-thumbnail","7":"category-mundo"},"_links":{"self":[{"href":"https:\/\/comandogeraldanoticia.com.br\/index.php\/wp-json\/wp\/v2\/posts\/19410","targetHints":{"allow":["GET"]}}],"collection":[{"href":"https:\/\/comandogeraldanoticia.com.br\/index.php\/wp-json\/wp\/v2\/posts"}],"about":[{"href":"https:\/\/comandogeraldanoticia.com.br\/index.php\/wp-json\/wp\/v2\/types\/post"}],"author":[{"embeddable":true,"href":"https:\/\/comandogeraldanoticia.com.br\/index.php\/wp-json\/wp\/v2\/users\/1"}],"replies":[{"embeddable":true,"href":"https:\/\/comandogeraldanoticia.com.br\/index.php\/wp-json\/wp\/v2\/comments?post=19410"}],"version-history":[{"count":0,"href":"https:\/\/comandogeraldanoticia.com.br\/index.php\/wp-json\/wp\/v2\/posts\/19410\/revisions"}],"wp:featuredmedia":[{"embeddable":true,"href":"https:\/\/comandogeraldanoticia.com.br\/index.php\/wp-json\/wp\/v2\/media\/19411"}],"wp:attachment":[{"href":"https:\/\/comandogeraldanoticia.com.br\/index.php\/wp-json\/wp\/v2\/media?parent=19410"}],"wp:term":[{"taxonomy":"category","embeddable":true,"href":"https:\/\/comandogeraldanoticia.com.br\/index.php\/wp-json\/wp\/v2\/categories?post=19410"},{"taxonomy":"post_tag","embeddable":true,"href":"https:\/\/comandogeraldanoticia.com.br\/index.php\/wp-json\/wp\/v2\/tags?post=19410"}],"curies":[{"name":"wp","href":"https:\/\/api.w.org\/{rel}","templated":true}]}}