{"id":19408,"date":"2022-11-20T12:11:22","date_gmt":"2022-11-20T12:11:22","guid":{"rendered":"https:\/\/comandogeraldanoticia.com.br\/index.php\/2022\/11\/20\/china-anuncia-primeira-morte-por-covid-19-em-seis-meses\/"},"modified":"2022-11-20T12:11:22","modified_gmt":"2022-11-20T12:11:22","slug":"china-anuncia-primeira-morte-por-covid-19-em-seis-meses","status":"publish","type":"post","link":"https:\/\/comandogeraldanoticia.com.br\/index.php\/2022\/11\/20\/china-anuncia-primeira-morte-por-covid-19-em-seis-meses\/","title":{"rendered":"China anuncia primeira morte por Covid-19 em seis meses"},"content":{"rendered":"<p><img decoding=\"async\" src=\"https:\/\/s2.glbimg.com\/HtG943PsPFzNTrmBVQJiSuAqX7w=\/i.s3.glbimg.com\/v1\/AUTH_59edd422c0c84a879bd37670ae4f538a\/internal_photos\/bs\/2022\/5\/R\/WbVB13TdKehqcsnzaOwA\/63400096-906.jpg\"><br \/>   Homem de 87 anos foi a \u00fanica v\u00edtima fatal por conta do v\u00edrus registrada no pa\u00eds desde 26 de maio. Governo chin\u00eas aumentou medidas de restri\u00e7\u00e3o em Pequim para evitar um novo surto. No total, 5.227 pessoas morreram na China desde o in\u00edcio da pandemia.  \u00c1rea interditada em Xangai: pol\u00edtica de zero covid gera insatisfa\u00e7\u00e3o com governo chin\u00eas<br \/>\nAly Song\/REUTERS<br \/>\nA China anunciou neste domingo (20) a primeira nova morte por Covid-19 no pa\u00eds em quase meio ano. Em uma nova onda de casos, o governo voltou a impor medidas rigorosas de circula\u00e7\u00e3o de pessoas em Pequim e em todo o pa\u00eds para prevenir novos surtos.<br \/>\nSegundo a Comiss\u00e3o Nacional de Sa\u00fade, a v\u00edtima fatal foi um homem de 87 anos. No total, o n\u00famero de mortos por Covid-19 no pa\u00eds, desde o in\u00edcio da pandemia, \u00e9 de 5.227 &#8211; \u00e9 um dos menores \u00edndices, proporcionalmente, no mundo inteiro.<br \/>\nA \u00faltima morte confirmada no pa\u00eds havia sido em 26 de maio em Xangai, que teve na ocasi\u00e3o o maior surto de coronav\u00edrus at\u00e9 agora na China.<br \/>\nNeste domingo, 24.215 novos casos foram detectados, a grande maioria deles assintom\u00e1ticos.<br \/>\nEmbora a China tenha uma taxa geral de vacina\u00e7\u00e3o de mais de 92% tendo recebido pelo menos uma dose, o n\u00famero \u00e9 consideravelmente menor entre os idosos \u2013 principalmente aqueles com mais de 80 anos \u2013 onde o \u00edndice cai para apenas 65%.<br \/>\nA comiss\u00e3o n\u00e3o deu detalhes sobre o estado de vacina\u00e7\u00e3o do \u00faltimo falecido.<br \/>\nMoradores de Guangzhou, na China, se revoltam contra pol\u00edtica de &#8216;Covid zero&#8217; no pa\u00eds<br \/>\nEssa vulnerabilidade \u00e9 considerada uma das raz\u00f5es pelas quais a China manteve suas fronteiras fechadas durante a maior parte do tempo desde o in\u00edcio da pandemia e manteve sua pol\u00edtica r\u00edgida de \u201czero Covid\u201d. A medida, que j\u00e1 foi criticada pela Organiza\u00e7\u00e3o Mundial da Sa\u00fade (OMS), busca eliminar o cont\u00e1gio por meio de bloqueios, quarentenas, rastreamento de casos e testes em massa, apesar do impacto na vida normal e na economia e a crescente raiva p\u00fablica contra as autoridades.<br \/>\nA China diz que sua abordagem dura valeu a pena em n\u00fameros muito menores de casos e mortes do que em outros pa\u00edses, como os Estados Unidos &#8211; no Brasil, o n\u00famero de mortos passa de 700 mil.<br \/>\nCom uma popula\u00e7\u00e3o de 1,4 bilh\u00e3o, a China registrou oficialmente apenas 286.197 casos desde que o v\u00edrus foi detectado pela primeira vez na cidade de Wuhan, no centro da China, no final de 2019. Isso se compara a 98,3 milh\u00f5es de casos e 1 milh\u00e3o de mortes nos EUA, com sua popula\u00e7\u00e3o de 331,9 milh\u00f5es, desde que o v\u00edrus apareceu pela primeira vez l\u00e1 em 2020.<br \/>\nOs n\u00fameros da China foram questionados, no entanto, com base na reputa\u00e7\u00e3o h\u00e1 muito estabelecida do Partido Comunista de manipular estat\u00edsticas, na falta de escrut\u00ednio externo e em crit\u00e9rios altamente subjetivos para determinar a causa da morte.<br \/>\nAo contr\u00e1rio de outros pa\u00edses, as mortes de pacientes que apresentavam sintomas de Covid-19 eram frequentemente atribu\u00eddas a condi\u00e7\u00f5es subjacentes, como diabetes ou doen\u00e7as card\u00edacas, obscurecendo o n\u00famero real de mortes pelo v\u00edrus e quase certamente levando a uma subcontagem.<\/p>\n","protected":false},"excerpt":{"rendered":"<p>Homem de 87 anos foi a \u00fanica v\u00edtima fatal por conta do v\u00edrus registrada no pa\u00eds desde 26 de maio. Governo chin\u00eas aumentou medidas de restri\u00e7\u00e3o em Pequim para evitar um novo surto. No total, 5.227 pessoas morreram na China desde o in\u00edcio da pandemia. \u00c1rea interditada em Xangai: pol\u00edtica de zero covid gera insatisfa\u00e7\u00e3o<\/p>\n","protected":false},"author":1,"featured_media":19409,"comment_status":"open","ping_status":"open","sticky":false,"template":"","format":"standard","meta":{"om_disable_all_campaigns":false,"_monsterinsights_skip_tracking":false,"_monsterinsights_sitenote_active":false,"_monsterinsights_sitenote_note":"","_monsterinsights_sitenote_category":0,"footnotes":""},"categories":[47],"tags":[],"class_list":{"0":"post-19408","1":"post","2":"type-post","3":"status-publish","4":"format-standard","5":"has-post-thumbnail","7":"category-mundo"},"_links":{"self":[{"href":"https:\/\/comandogeraldanoticia.com.br\/index.php\/wp-json\/wp\/v2\/posts\/19408","targetHints":{"allow":["GET"]}}],"collection":[{"href":"https:\/\/comandogeraldanoticia.com.br\/index.php\/wp-json\/wp\/v2\/posts"}],"about":[{"href":"https:\/\/comandogeraldanoticia.com.br\/index.php\/wp-json\/wp\/v2\/types\/post"}],"author":[{"embeddable":true,"href":"https:\/\/comandogeraldanoticia.com.br\/index.php\/wp-json\/wp\/v2\/users\/1"}],"replies":[{"embeddable":true,"href":"https:\/\/comandogeraldanoticia.com.br\/index.php\/wp-json\/wp\/v2\/comments?post=19408"}],"version-history":[{"count":0,"href":"https:\/\/comandogeraldanoticia.com.br\/index.php\/wp-json\/wp\/v2\/posts\/19408\/revisions"}],"wp:featuredmedia":[{"embeddable":true,"href":"https:\/\/comandogeraldanoticia.com.br\/index.php\/wp-json\/wp\/v2\/media\/19409"}],"wp:attachment":[{"href":"https:\/\/comandogeraldanoticia.com.br\/index.php\/wp-json\/wp\/v2\/media?parent=19408"}],"wp:term":[{"taxonomy":"category","embeddable":true,"href":"https:\/\/comandogeraldanoticia.com.br\/index.php\/wp-json\/wp\/v2\/categories?post=19408"},{"taxonomy":"post_tag","embeddable":true,"href":"https:\/\/comandogeraldanoticia.com.br\/index.php\/wp-json\/wp\/v2\/tags?post=19408"}],"curies":[{"name":"wp","href":"https:\/\/api.w.org\/{rel}","templated":true}]}}