{"id":19406,"date":"2022-11-20T12:11:23","date_gmt":"2022-11-20T12:11:23","guid":{"rendered":"https:\/\/comandogeraldanoticia.com.br\/index.php\/2022\/11\/20\/primeiro-voo-entre-israel-e-catar-chega-em-doha\/"},"modified":"2022-11-20T12:11:23","modified_gmt":"2022-11-20T12:11:23","slug":"primeiro-voo-entre-israel-e-catar-chega-em-doha","status":"publish","type":"post","link":"https:\/\/comandogeraldanoticia.com.br\/index.php\/2022\/11\/20\/primeiro-voo-entre-israel-e-catar-chega-em-doha\/","title":{"rendered":"Primeiro voo entre Israel e Catar chega em Doha"},"content":{"rendered":"<p>Pa\u00edses haviam rompido oficialmente rela\u00e7\u00f5es diplom\u00e1ticas desde 2009. Trajeto, saindo de Tel Aviv, foi restabelecido para a Copa do Mundo.  O primeiro voo entre Israel e Doha aterrissou na manh\u00e3 deste domingo (20), na capital do Catar, segundo o site de rastreamento de voos Flight Radar.<br \/>\nOs dois pa\u00edses cortaram rela\u00e7\u00f5es diplom\u00e1ticas em 2009, por conta da oposi\u00e7\u00e3o do governo catariano aos conflitos do Ex\u00e9rcito israelense com for\u00e7as palestinas.<br \/>\nO trajeto, no entanto, foi restabelecido por conta da Copa do Mundo de 2022, sediada pelo Catar. Segundo a Tusair, companhia que opera o voo, o trajeto ser\u00e1 tempor\u00e1rio.<\/p>\n","protected":false},"excerpt":{"rendered":"<p>Pa\u00edses haviam rompido oficialmente rela\u00e7\u00f5es diplom\u00e1ticas desde 2009. Trajeto, saindo de Tel Aviv, foi restabelecido para a Copa do Mundo. O primeiro voo entre Israel e Doha aterrissou na manh\u00e3 deste domingo (20), na capital do Catar, segundo o site de rastreamento de voos Flight Radar. Os dois pa\u00edses cortaram rela\u00e7\u00f5es diplom\u00e1ticas em 2009, por<\/p>\n","protected":false},"author":1,"featured_media":19407,"comment_status":"open","ping_status":"open","sticky":false,"template":"","format":"standard","meta":{"om_disable_all_campaigns":false,"_monsterinsights_skip_tracking":false,"_monsterinsights_sitenote_active":false,"_monsterinsights_sitenote_note":"","_monsterinsights_sitenote_category":0,"footnotes":""},"categories":[47],"tags":[],"class_list":{"0":"post-19406","1":"post","2":"type-post","3":"status-publish","4":"format-standard","5":"has-post-thumbnail","7":"category-mundo"},"_links":{"self":[{"href":"https:\/\/comandogeraldanoticia.com.br\/index.php\/wp-json\/wp\/v2\/posts\/19406","targetHints":{"allow":["GET"]}}],"collection":[{"href":"https:\/\/comandogeraldanoticia.com.br\/index.php\/wp-json\/wp\/v2\/posts"}],"about":[{"href":"https:\/\/comandogeraldanoticia.com.br\/index.php\/wp-json\/wp\/v2\/types\/post"}],"author":[{"embeddable":true,"href":"https:\/\/comandogeraldanoticia.com.br\/index.php\/wp-json\/wp\/v2\/users\/1"}],"replies":[{"embeddable":true,"href":"https:\/\/comandogeraldanoticia.com.br\/index.php\/wp-json\/wp\/v2\/comments?post=19406"}],"version-history":[{"count":0,"href":"https:\/\/comandogeraldanoticia.com.br\/index.php\/wp-json\/wp\/v2\/posts\/19406\/revisions"}],"wp:featuredmedia":[{"embeddable":true,"href":"https:\/\/comandogeraldanoticia.com.br\/index.php\/wp-json\/wp\/v2\/media\/19407"}],"wp:attachment":[{"href":"https:\/\/comandogeraldanoticia.com.br\/index.php\/wp-json\/wp\/v2\/media?parent=19406"}],"wp:term":[{"taxonomy":"category","embeddable":true,"href":"https:\/\/comandogeraldanoticia.com.br\/index.php\/wp-json\/wp\/v2\/categories?post=19406"},{"taxonomy":"post_tag","embeddable":true,"href":"https:\/\/comandogeraldanoticia.com.br\/index.php\/wp-json\/wp\/v2\/tags?post=19406"}],"curies":[{"name":"wp","href":"https:\/\/api.w.org\/{rel}","templated":true}]}}