{"id":18303,"date":"2022-11-16T16:10:25","date_gmt":"2022-11-16T16:10:25","guid":{"rendered":"https:\/\/comandogeraldanoticia.com.br\/index.php\/2022\/11\/16\/colecionador-de-copas-do-mundo-vai-a-sexta-edicao-consecutiva-no-catar-e-fascinante\/"},"modified":"2022-11-16T16:10:25","modified_gmt":"2022-11-16T16:10:25","slug":"colecionador-de-copas-do-mundo-vai-a-sexta-edicao-consecutiva-no-catar-e-fascinante","status":"publish","type":"post","link":"https:\/\/comandogeraldanoticia.com.br\/index.php\/2022\/11\/16\/colecionador-de-copas-do-mundo-vai-a-sexta-edicao-consecutiva-no-catar-e-fascinante\/","title":{"rendered":"&#8216;Colecionador&#8217; de Copas do Mundo vai \u00e0 sexta edi\u00e7\u00e3o consecutiva no Catar: &#8216;\u00e9 fascinante&#8217;"},"content":{"rendered":"<p><img decoding=\"async\" src=\"https:\/\/s2.glbimg.com\/fKPtX9LZ-ECwtxjHN8wQ94po_Qk=\/i.s3.glbimg.com\/v1\/AUTH_59edd422c0c84a879bd37670ae4f538a\/internal_photos\/bs\/2022\/8\/X\/I0DW2kQbyIclIe55MJLA\/brasileiro-copa-do-mundo.jpeg\"><br \/>   Marcus Vinicius Rosa, de 60 anos, assistir\u00e1 aos tr\u00eas primeiros jogos do Brasil no torneio mundial e j\u00e1 est\u00e1 na expectativa da 7\u00aa Copa do Mundo.  Empres\u00e1rio de Santos, no litoral de SP, ir\u00e1 para o Catar acompanhar a Copa do Mundo pela sexta vez. Na foto, ele na edi\u00e7\u00e3o realizada no Brasil<br \/>\nArquivo Pessoal<br \/>\nUm empres\u00e1rio de Santos, no litoral de S\u00e3o Paulo, est\u00e1 prestes a embarcar para o Catar, onde vai acompanhar &#8216;in loco&#8217; a sexta Copa do Mundo consecutiva.  Marcus Vinicius Rosa, de 60 anos, disse ao g1 que o evento &#8220;\u00e9 fascinante&#8221; porque possibilita conhecer lugares, pessoas envolto de uma energia muito boa.<br \/>\nO voo dele est\u00e1 marcado para 22 de novembro, dois dias ap\u00f3s a abertura do mundial.  &#8220;Vou assistir a primeira fase, ou seja, os tr\u00eas primeiros jogos do Brasil. A expectativa \u00e9 a melhor poss\u00edvel, \u00e9 um pa\u00eds pequeno do deserto, mas muito moderno e rico. Ser\u00e1 maravilhoso conhecer a cultura, hist\u00f3ria, visitar cidades com pr\u00e9dios modernos e futuristas&#8221;, disse ele, que permanecer\u00e1 at\u00e9 4 de dezembro.<br \/>\nMarcus esteve presente nas edi\u00e7\u00f5es da Fran\u00e7a (1998), Alemanha (2006), \u00c1frica do Sul (2010), Brasil (2014) e R\u00fassia (2018) e conta como tudo come\u00e7ou. &#8220;Em 1998, na Copa da Fran\u00e7a, eu e dois amigos resolvemos ir e compramos passagens, alugamos carro e fomos. Nesta \u00e9poca n\u00e3o tinha celular e internet. Gostei de participar e comecei a me programar para as outras&#8221;.<br \/>\n&#8220;A sensa\u00e7\u00e3o de assistir jogos da Copa do Mundo \u00e9 a melhor poss\u00edvel. Voc\u00ea conhece a cultura das pessoas do pa\u00eds, conhece outros torcedores, vai em museu, conhece a gastronomia&#8221;, finalizou.<br \/>\nO empres\u00e1rio e torcedor do Santos FC contou que os cinco mundiais que j\u00e1 assistiu o marcaram positivamente, mas o da Fran\u00e7a ele nunca esquecer\u00e1. &#8220;J\u00e1 tem o glamour de Paris, a cidade luz, e nessa Copa n\u00f3s chegamos at\u00e9 a final. Ent\u00e3o participei de um per\u00edodo grande&#8221;.<br \/>\n&#8220;Copa na Europa \u00e9 muito bom porque voc\u00ea consegue viajar por outros pa\u00edses porque n\u00e3o s\u00e3o t\u00e3o grandes como o pr\u00f3prio Brasil e a R\u00fassia, ent\u00e3o voc\u00ea consegue, entre um jogo do Brasil e outro, viajar, conhecer outros lugares, outrose pa\u00edses at\u00e9. A Alemanha tamb\u00e9m \u00e9 um pa\u00eds interessante, uma culin\u00e1ria bem saborosa e cervejas diversas&#8221;, disse.<br \/>\nEmpres\u00e1rio santista, Marcus Vinicius Rosa, de 60 anos, durante Copa do Mundo na R\u00fassia em 2018<br \/>\nArquivo Pessoal<br \/>\nCatar vai surpreender<br \/>\nMarcus acredita que o evento em Catar surpreender\u00e1 tanto pela cultura, por ser no deserto, quanto por ocorrer no final do ano. &#8220;Vamos ficar no mesmo lugar a Copa inteira. Os est\u00e1dios s\u00e3o pr\u00f3ximos, ent\u00e3o isso ajudou em um certo ponto, mas sabemos que ser\u00e1 a Copa mais cara&#8221;.<br \/>\n\u00c1frica do Sul, Brasil e R\u00fassia<br \/>\nO empres\u00e1rio afirmou que a Copa do Mundo na \u00c1frica do Sul foi interessante, pois ele e os amigos fizeram um safari. &#8220;Mexemos nos animais, como le\u00e3o e girafa&#8221;.<br \/>\nMarcus relembrou que o mundial na R\u00fassia foi maravilhoso, apesar do Brasil n\u00e3o ter chegado onde os torcedores esperavam. J\u00e1 sobre a competi\u00e7\u00e3o aqui no pa\u00eds, o empres\u00e1rio definiu como &#8216;tristeza no final&#8217;. &#8220;[Mas] Brasil tudo \u00e9 festa, ent\u00e3o foi maravilhosa e todos que vieram para c\u00e1 gostaram&#8221;.<br \/>\nMarcus e amigos durante viagem \u00e0 Copa do Mundo na \u00c1frica do Mundo em 2010<br \/>\nArquivo Pessoal<br \/>\nPrestes a embarcar para a 6\u00aa Copa do Mundo, ele j\u00e1 tem expectativa para acompanhar que deve ser realizada nos Estados Unidos, M\u00e9xico e Canad\u00e1.<br \/>\n&#8220;S\u00e3o pa\u00edses com facilidade da gente viajar para conhecer. Acho que vai ser uma Copa que os brasileiros v\u00e3o invadir, no bom sentido, e eu espero estar presente tamb\u00e9m&#8221;.<br \/>\nSantista e veterano da Copa do Mundo vai ver sele\u00e7\u00e3o brasileira pela sexta vez<\/p>\n","protected":false},"excerpt":{"rendered":"<p>Marcus Vinicius Rosa, de 60 anos, assistir\u00e1 aos tr\u00eas primeiros jogos do Brasil no torneio mundial e j\u00e1 est\u00e1 na expectativa da 7\u00aa Copa do Mundo. Empres\u00e1rio de Santos, no litoral de SP, ir\u00e1 para o Catar acompanhar a Copa do Mundo pela sexta vez. Na foto, ele na edi\u00e7\u00e3o realizada no Brasil Arquivo Pessoal<\/p>\n","protected":false},"author":1,"featured_media":18304,"comment_status":"open","ping_status":"open","sticky":false,"template":"","format":"standard","meta":{"om_disable_all_campaigns":false,"_monsterinsights_skip_tracking":false,"_monsterinsights_sitenote_active":false,"_monsterinsights_sitenote_note":"","_monsterinsights_sitenote_category":0,"footnotes":""},"categories":[47],"tags":[],"class_list":{"0":"post-18303","1":"post","2":"type-post","3":"status-publish","4":"format-standard","5":"has-post-thumbnail","7":"category-mundo"},"_links":{"self":[{"href":"https:\/\/comandogeraldanoticia.com.br\/index.php\/wp-json\/wp\/v2\/posts\/18303","targetHints":{"allow":["GET"]}}],"collection":[{"href":"https:\/\/comandogeraldanoticia.com.br\/index.php\/wp-json\/wp\/v2\/posts"}],"about":[{"href":"https:\/\/comandogeraldanoticia.com.br\/index.php\/wp-json\/wp\/v2\/types\/post"}],"author":[{"embeddable":true,"href":"https:\/\/comandogeraldanoticia.com.br\/index.php\/wp-json\/wp\/v2\/users\/1"}],"replies":[{"embeddable":true,"href":"https:\/\/comandogeraldanoticia.com.br\/index.php\/wp-json\/wp\/v2\/comments?post=18303"}],"version-history":[{"count":0,"href":"https:\/\/comandogeraldanoticia.com.br\/index.php\/wp-json\/wp\/v2\/posts\/18303\/revisions"}],"wp:featuredmedia":[{"embeddable":true,"href":"https:\/\/comandogeraldanoticia.com.br\/index.php\/wp-json\/wp\/v2\/media\/18304"}],"wp:attachment":[{"href":"https:\/\/comandogeraldanoticia.com.br\/index.php\/wp-json\/wp\/v2\/media?parent=18303"}],"wp:term":[{"taxonomy":"category","embeddable":true,"href":"https:\/\/comandogeraldanoticia.com.br\/index.php\/wp-json\/wp\/v2\/categories?post=18303"},{"taxonomy":"post_tag","embeddable":true,"href":"https:\/\/comandogeraldanoticia.com.br\/index.php\/wp-json\/wp\/v2\/tags?post=18303"}],"curies":[{"name":"wp","href":"https:\/\/api.w.org\/{rel}","templated":true}]}}