{"id":18297,"date":"2022-11-16T15:12:29","date_gmt":"2022-11-16T15:12:29","guid":{"rendered":"https:\/\/comandogeraldanoticia.com.br\/index.php\/2022\/11\/16\/unesp-determina-volta-do-uso-obrigatorio-de-mascara-em-ambientes-fechados\/"},"modified":"2022-11-16T15:12:29","modified_gmt":"2022-11-16T15:12:29","slug":"unesp-determina-volta-do-uso-obrigatorio-de-mascara-em-ambientes-fechados","status":"publish","type":"post","link":"https:\/\/comandogeraldanoticia.com.br\/index.php\/2022\/11\/16\/unesp-determina-volta-do-uso-obrigatorio-de-mascara-em-ambientes-fechados\/","title":{"rendered":"Unesp determina volta do uso obrigat\u00f3rio de m\u00e1scara em ambientes fechados"},"content":{"rendered":"<p><img decoding=\"async\" src=\"https:\/\/s2.glbimg.com\/TYI8lJnocwla9i4bTTa_YKXx5jU=\/i.s3.glbimg.com\/v1\/AUTH_59edd422c0c84a879bd37670ae4f538a\/internal_photos\/bs\/2022\/a\/i\/19NS8HQhyrISr1In2rAg\/15-11-2022-g1-1a-fase-do-vestibular-da-unesp-foto-wilker-maia-0664.jpg\"><br \/>   Segundo a universidade paulista, medida ocorre ap\u00f3s aumento de interna\u00e7\u00f5es em enfermarias na capital e no interior por Covid-19, al\u00e9m da detec\u00e7\u00e3o da variante BQ.1 no interior de SP.  Vunesp 2023: Campus da Unesp de Franca, SP, um dos locais da prova desta ter\u00e7a-feira (15)<br \/>\nWilker Maia\/g1<br \/>\nO uso de m\u00e1scaras volta a ser obrigat\u00f3rio em todos os ambientes fechados da Unesp a partir desta quinta-feira (17).<br \/>\nSegundo a universidade paulista, a medida ocorre ap\u00f3s aumento de interna\u00e7\u00f5es em enfermarias na capital e no interior por Covid-19, al\u00e9m da detec\u00e7\u00e3o no \u00faltimo dia 12 de novembro da variante BQ.1 no interior de SP.<br \/>\nAinda conforme a institui\u00e7\u00e3o, a Unesp segue com a obrigatoriedade da apresenta\u00e7\u00e3o do comprovante de vacina\u00e7\u00e3o contra a Covid-19, norma adotada no in\u00edcio de 2022 e que ainda vale para toda a comunidade universit\u00e1ria.<br \/>\nO rastreamento por pool de saliva pode ser retomado, a crit\u00e9rio da dire\u00e7\u00e3o da Unidade.<br \/>\nUSP<br \/>\nA partir desta quarta-feira (16), o uso de m\u00e1scaras voltou a ser obrigat\u00f3rio em ambientes fechados da Universidade de S\u00e3o Paulo, incluindo salas de aula, audit\u00f3rios, museus, laborat\u00f3rios, bibliotecas, locais de atendimento ao p\u00fablico e setores administrativos.<br \/>\nNos ambientes externos, o uso de m\u00e1scara \u00e9 recomendado em situa\u00e7\u00f5es de aglomera\u00e7\u00e3o, segundo a universidade. O esquema vacinal completo contra a Covid-19 continua obrigat\u00f3rio para docentes, servidores t\u00e9cnicos e administrativos e estudantes.<br \/>\nGoverno de SP descarta retomar obrigatoriedade do uso da m\u00e1scara e diz que 5\u00aa dose da vacina depende do Minist\u00e9rio da Sa\u00fade<br \/>\nA decis\u00e3o da Comiss\u00e3o Assessora de Sa\u00fade da Reitoria, divulgada nesta sexta-feira (11), foi tomada em fun\u00e7\u00e3o do aumento no n\u00famero de pessoas com sintomas gripais e diagn\u00f3sticos positivos de infec\u00e7\u00e3o pelo coronav\u00edrus entre a comunidade universit\u00e1ria nas \u00faltimas semanas.<br \/>\nJovem de m\u00e1scara em frente \u00e0 placa de entrada no campus da USP na Zona Oeste de SP<br \/>\nALOISIO MAURICIO\/FOTOARENA\/ESTAD\u00c3O CONTE\u00daDO<br \/>\nNos dez primeiros dias de novembro, foram registrados 255 casos na USP. Em todo o m\u00eas de outubro, esse n\u00famero foi de 98.<br \/>\nDe acordo com o comunicado, \u201crecomenda-se a n\u00e3o realiza\u00e7\u00e3o de eventos festivos, confraterniza\u00e7\u00f5es, coffee breaks ou qualquer outro evento similar que estimule os participantes a retirar a m\u00e1scara para ingest\u00e3o de alimentos e, consequentemente, aumente a possibilidade de transmiss\u00e3o do v\u00edrus\u201d.<br \/>\nO documento com as diretrizes sanit\u00e1rias atualizadas foi assinado pelo reitor Carlos Gilberto Carlotti Junior e pela vice-reitora Maria Arminda do Nascimento Arruda.<\/p>\n","protected":false},"excerpt":{"rendered":"<p>Segundo a universidade paulista, medida ocorre ap\u00f3s aumento de interna\u00e7\u00f5es em enfermarias na capital e no interior por Covid-19, al\u00e9m da detec\u00e7\u00e3o da variante BQ.1 no interior de SP. Vunesp 2023: Campus da Unesp de Franca, SP, um dos locais da prova desta ter\u00e7a-feira (15) Wilker Maia\/g1 O uso de m\u00e1scaras volta a ser obrigat\u00f3rio<\/p>\n","protected":false},"author":1,"featured_media":18298,"comment_status":"open","ping_status":"open","sticky":false,"template":"","format":"standard","meta":{"om_disable_all_campaigns":false,"_monsterinsights_skip_tracking":false,"_monsterinsights_sitenote_active":false,"_monsterinsights_sitenote_note":"","_monsterinsights_sitenote_category":0,"footnotes":""},"categories":[44],"tags":[],"class_list":{"0":"post-18297","1":"post","2":"type-post","3":"status-publish","4":"format-standard","5":"has-post-thumbnail","7":"category-example-6"},"_links":{"self":[{"href":"https:\/\/comandogeraldanoticia.com.br\/index.php\/wp-json\/wp\/v2\/posts\/18297","targetHints":{"allow":["GET"]}}],"collection":[{"href":"https:\/\/comandogeraldanoticia.com.br\/index.php\/wp-json\/wp\/v2\/posts"}],"about":[{"href":"https:\/\/comandogeraldanoticia.com.br\/index.php\/wp-json\/wp\/v2\/types\/post"}],"author":[{"embeddable":true,"href":"https:\/\/comandogeraldanoticia.com.br\/index.php\/wp-json\/wp\/v2\/users\/1"}],"replies":[{"embeddable":true,"href":"https:\/\/comandogeraldanoticia.com.br\/index.php\/wp-json\/wp\/v2\/comments?post=18297"}],"version-history":[{"count":0,"href":"https:\/\/comandogeraldanoticia.com.br\/index.php\/wp-json\/wp\/v2\/posts\/18297\/revisions"}],"wp:featuredmedia":[{"embeddable":true,"href":"https:\/\/comandogeraldanoticia.com.br\/index.php\/wp-json\/wp\/v2\/media\/18298"}],"wp:attachment":[{"href":"https:\/\/comandogeraldanoticia.com.br\/index.php\/wp-json\/wp\/v2\/media?parent=18297"}],"wp:term":[{"taxonomy":"category","embeddable":true,"href":"https:\/\/comandogeraldanoticia.com.br\/index.php\/wp-json\/wp\/v2\/categories?post=18297"},{"taxonomy":"post_tag","embeddable":true,"href":"https:\/\/comandogeraldanoticia.com.br\/index.php\/wp-json\/wp\/v2\/tags?post=18297"}],"curies":[{"name":"wp","href":"https:\/\/api.w.org\/{rel}","templated":true}]}}