{"id":15394,"date":"2022-11-05T16:11:26","date_gmt":"2022-11-05T16:11:26","guid":{"rendered":"https:\/\/comandogeraldanoticia.com.br\/index.php\/2022\/11\/05\/governo-de-sp-autoriza-concurso-para-preencher-11-mil-vagas-de-agente-de-seguranca-penitenciaria\/"},"modified":"2022-11-05T16:11:26","modified_gmt":"2022-11-05T16:11:26","slug":"governo-de-sp-autoriza-concurso-para-preencher-11-mil-vagas-de-agente-de-seguranca-penitenciaria","status":"publish","type":"post","link":"https:\/\/comandogeraldanoticia.com.br\/index.php\/2022\/11\/05\/governo-de-sp-autoriza-concurso-para-preencher-11-mil-vagas-de-agente-de-seguranca-penitenciaria\/","title":{"rendered":"Governo de SP autoriza concurso para preencher 1,1 mil vagas de Agente de Seguran\u00e7a Penitenci\u00e1ria"},"content":{"rendered":"<p><img decoding=\"async\" src=\"https:\/\/s2.glbimg.com\/YIgHyPrV1Kou8-_z2teOj8BKeiw=\/i.s3.glbimg.com\/v1\/AUTH_59edd422c0c84a879bd37670ae4f538a\/internal_photos\/bs\/2022\/V\/M\/ZyxRcQRwS0dgdl76wqgg\/52472233576-5fd1c6d279-6k.jpg\"><br \/>   No despacho publicado no Di\u00e1rio Oficial deste s\u00e1bado (5), a previs\u00e3o \u00e9 de que o concurso aconte\u00e7a no segundo semestre de 2023. O sal\u00e1rio inicial dessa carreira \u00e9 de R$ 3.515,72, sem contar com o adicional de insalubridade, de R$ 785,67.  O governador Rodrigo Garcia (PSDB) durante evento da Pol\u00edcia de S\u00e3o Paulo.<br \/>\nDivulga\u00e7\u00e3o\/GESP<br \/>\nO governador de S\u00e3o Paulo, Rodrigo Garcia (PSDB), autorizou neste s\u00e1bado (5) um novo concurso para preenchimento de 1,1 mil vagas de Agente de Seguran\u00e7a Penitenci\u00e1ria (ASP), policiais penais que atuar\u00e3o dentro dos pres\u00eddios paulistas.<br \/>\nNo despacho publicado no Di\u00e1rio Oficial, a previs\u00e3o \u00e9 de que o concurso aconte\u00e7a no segundo semestre de 2023. O sal\u00e1rio inicial dessa carreira \u00e9 de R$ 3.515,72, sem contar com o adicional de insalubridade, de R$ 785,67.<br \/>\nSegundo o governo paulista, os novos policiais penais se somar\u00e3o aos quase 3 mil servidores nomeados para a Secretaria da Administra\u00e7\u00e3o Penitenci\u00e1ria desde que Rodrigo Garcia assumiu a cadeira que antes era de Jo\u00e3o Doria (PSDB).<br \/>\nNas pr\u00f3ximas semanas, o governo diz que a pasta da Administra\u00e7\u00e3o Penitenci\u00e1ria ir\u00e1 assumir as escoltas de presos, liberando os policiais militares para o patrulhamento e incremento da seguran\u00e7a da popula\u00e7\u00e3o.<br \/>\nPara isso, cerca de 1,3 mil policiais penais terminar\u00e3o o curso de forma\u00e7\u00e3o para dar in\u00edcio ao novo trabalho, disse o governo paulista.<br \/>\nPol\u00edcia Penal de SP<br \/>\nFachada da Assembleia Legislativa de S\u00e3o Paulo (Alesp)<br \/>\nDivulga\u00e7\u00e3o\/Alesp<br \/>\nA cria\u00e7\u00e3o da Pol\u00edcia Penal no Estado de S\u00e3o Paulo foi aprovada na Assembleia Legislativa de SP (Alesp) em junho deste ano. A promulga\u00e7\u00e3o foi feita pelo presidente da Casa, o deputado Carl\u00e3o Pignatari.<br \/>\nAprovada por unanimidade em dois turnos, a PEC estabelece que agentes de seguran\u00e7a penitenci\u00e1ria e agentes de escolta e vigil\u00e2ncia penitenci\u00e1ria componham a nova categoria.<br \/>\nCom isso, policiais militares, que atualmente escoltam os presos, deixar\u00e3o de exercer essa fun\u00e7\u00e3o.<br \/>\nEnviada pelo governador \u00e0 Alesp, a PEC tem como objetivo adequar a Constitui\u00e7\u00e3o do Estado de S\u00e3o Paulo \u00e0 Emenda Constitucional federal 104\/2019, que criou as pol\u00edcias penais federal, estaduais e distrital.<br \/>\nNo texto da PEC ainda fica estabelecido que o quadro de servidores da Pol\u00edcia Penal ser\u00e1 preenchido, exclusivamente, por meio de concurso p\u00fablico e da transforma\u00e7\u00e3o dos cargos isolados ou dos cargos de carreira dos atuais agentes penitenci\u00e1rios e dos cargos p\u00fablicos equivalentes.<br \/>\nA medida, que chegou a Alesp no in\u00edcio do m\u00eas de junho, passou pela avalia\u00e7\u00e3o da Comiss\u00e3o de Constitui\u00e7\u00e3o, Justi\u00e7a e Reda\u00e7\u00e3o.<\/p>\n","protected":false},"excerpt":{"rendered":"<p>No despacho publicado no Di\u00e1rio Oficial deste s\u00e1bado (5), a previs\u00e3o \u00e9 de que o concurso aconte\u00e7a no segundo semestre de 2023. O sal\u00e1rio inicial dessa carreira \u00e9 de R$ 3.515,72, sem contar com o adicional de insalubridade, de R$ 785,67. O governador Rodrigo Garcia (PSDB) durante evento da Pol\u00edcia de S\u00e3o Paulo. Divulga\u00e7\u00e3o\/GESP O<\/p>\n","protected":false},"author":1,"featured_media":15395,"comment_status":"open","ping_status":"open","sticky":false,"template":"","format":"standard","meta":{"om_disable_all_campaigns":false,"_monsterinsights_skip_tracking":false,"_monsterinsights_sitenote_active":false,"_monsterinsights_sitenote_note":"","_monsterinsights_sitenote_category":0,"footnotes":""},"categories":[43],"tags":[],"class_list":{"0":"post-15394","1":"post","2":"type-post","3":"status-publish","4":"format-standard","5":"has-post-thumbnail","7":"category-economia"},"_links":{"self":[{"href":"https:\/\/comandogeraldanoticia.com.br\/index.php\/wp-json\/wp\/v2\/posts\/15394","targetHints":{"allow":["GET"]}}],"collection":[{"href":"https:\/\/comandogeraldanoticia.com.br\/index.php\/wp-json\/wp\/v2\/posts"}],"about":[{"href":"https:\/\/comandogeraldanoticia.com.br\/index.php\/wp-json\/wp\/v2\/types\/post"}],"author":[{"embeddable":true,"href":"https:\/\/comandogeraldanoticia.com.br\/index.php\/wp-json\/wp\/v2\/users\/1"}],"replies":[{"embeddable":true,"href":"https:\/\/comandogeraldanoticia.com.br\/index.php\/wp-json\/wp\/v2\/comments?post=15394"}],"version-history":[{"count":0,"href":"https:\/\/comandogeraldanoticia.com.br\/index.php\/wp-json\/wp\/v2\/posts\/15394\/revisions"}],"wp:featuredmedia":[{"embeddable":true,"href":"https:\/\/comandogeraldanoticia.com.br\/index.php\/wp-json\/wp\/v2\/media\/15395"}],"wp:attachment":[{"href":"https:\/\/comandogeraldanoticia.com.br\/index.php\/wp-json\/wp\/v2\/media?parent=15394"}],"wp:term":[{"taxonomy":"category","embeddable":true,"href":"https:\/\/comandogeraldanoticia.com.br\/index.php\/wp-json\/wp\/v2\/categories?post=15394"},{"taxonomy":"post_tag","embeddable":true,"href":"https:\/\/comandogeraldanoticia.com.br\/index.php\/wp-json\/wp\/v2\/tags?post=15394"}],"curies":[{"name":"wp","href":"https:\/\/api.w.org\/{rel}","templated":true}]}}