{"id":15392,"date":"2022-11-05T16:11:27","date_gmt":"2022-11-05T16:11:27","guid":{"rendered":"https:\/\/comandogeraldanoticia.com.br\/index.php\/2022\/11\/05\/governo-de-sp-lanca-edital-de-contratacao-de-27-mil-soldados-para-policia-militar-inscricoes-vao-ate-20-de-dezembro\/"},"modified":"2022-11-05T16:11:27","modified_gmt":"2022-11-05T16:11:27","slug":"governo-de-sp-lanca-edital-de-contratacao-de-27-mil-soldados-para-policia-militar-inscricoes-vao-ate-20-de-dezembro","status":"publish","type":"post","link":"https:\/\/comandogeraldanoticia.com.br\/index.php\/2022\/11\/05\/governo-de-sp-lanca-edital-de-contratacao-de-27-mil-soldados-para-policia-militar-inscricoes-vao-ate-20-de-dezembro\/","title":{"rendered":"Governo de SP lan\u00e7a edital de contrata\u00e7\u00e3o de 2,7 mil soldados para Pol\u00edcia Militar; inscri\u00e7\u00f5es v\u00e3o at\u00e9 20 de dezembro"},"content":{"rendered":"<p><img decoding=\"async\" src=\"https:\/\/s2.glbimg.com\/-Juzffy35iVj8XDurZZtTm_K-Fw=\/i.s3.glbimg.com\/v1\/AUTH_59edd422c0c84a879bd37670ae4f538a\/internal_photos\/bs\/2022\/R\/Q\/NmyafjT4eVDdpudjwFdw\/52168261446-d6c6f20d06-k.jpg\"><br \/>   O valor da taxa de inscri\u00e7\u00e3o \u00e9 de R$ 57,00 que deve ser paga at\u00e9 o 1\u00ba dia \u00fatil subsequente ao t\u00e9rmino do per\u00edodo das inscri\u00e7\u00f5es. A remunera\u00e7\u00e3o b\u00e1sica inicial para o cargo de Soldado PM 2\u00ba de classe \u00e9 de R$ 3.875,27.  Formatura de Policiais Militares do Estado de S\u00e3o Paulo em 2022.<br \/>\nDivulga\u00e7\u00e3o\/GESP<br \/>\nO governo de S\u00e3o Paulo lan\u00e7ou nesta sexta-feira (04) o edital para selecionar 2.700 soldados que ir\u00e3o atuar no policiamento ostensivo nas unidades da Pol\u00edcia Militar do Estado de S\u00e3o Paulo.<br \/>\nSegundo a pasta da Seguran\u00e7a P\u00fablica, o curso de forma\u00e7\u00e3o ser\u00e1 realizado na Escola Superior de Soldados \u201cCoronel PM Eduardo Assump\u00e7\u00e3o\u201d e tem dura\u00e7\u00e3o m\u00e9dia de um ano.<br \/>\nOs interessados devem realizar as inscri\u00e7\u00f5es, exclusivamente, pela internet, por meio do site da Funda\u00e7\u00e3o Vunesp  (https:\/\/www.vunesp.com.br\/PMES2203), a partir das 10h de sexta-feira (4) at\u00e9 \u00e0s 23h59 do dia 20 de dezembro deste ano.<br \/>\nO valor da taxa de inscri\u00e7\u00e3o \u00e9 de R$ 57,00 que deve ser paga at\u00e9 o 1\u00ba dia \u00fatil subsequente ao t\u00e9rmino do per\u00edodo das inscri\u00e7\u00f5es.<br \/>\nFormatura de Policiais Militares do Estado de S\u00e3o Paulo em 2022.<br \/>\nDivulga\u00e7\u00e3o\/GESP<br \/>\nSal\u00e1rio e atribui\u00e7\u00f5es<br \/>\nA remunera\u00e7\u00e3o b\u00e1sica inicial para o cargo de Soldado PM 2\u00ba de classe \u00e9 de R$ 3.875,27, incluindo o sal\u00e1rio-base, o Regime Especial de Trabalho Policial (RETP) e o valor de insalubridade.<br \/>\nS\u00e3o atribui\u00e7\u00f5es do cargo o policiamento ostensivo e a preserva\u00e7\u00e3o da ordem p\u00fablica, envolvendo a repress\u00e3o imediata \u00e0s infra\u00e7\u00f5es penais e administrativas e a aplica\u00e7\u00e3o da lei, nas diversas modalidades de policiamento, sempre primando pela defesa da vida, da integridade f\u00edsica e da dignidade da pessoa humana, em conformidade com os princ\u00edpios doutrin\u00e1rios de pol\u00edcia comunit\u00e1ria, direitos humanos e de gest\u00e3o pela qualidade.<br \/>\nDe acordo com o governo de SP, atualmente, h\u00e1 1.478 policiais militares em forma\u00e7\u00e3o, sendo 477 alunos oficiais e 1.001 soldados PM de 2\u00b0 classe.<br \/>\nAl\u00e9m destes, h\u00e1 5.700 soldados e 220 alunos oficiais que j\u00e1 est\u00e3o sendo selecionados por outros tr\u00eas concursos em andamento, com as primeiras nomea\u00e7\u00f5es previstas a partir de dezembro deste ano. No ano que vem, a Pol\u00edcia Militar tamb\u00e9m pretende selecionar 11 alunos oficiais para o quadro de m\u00fasicos da corpora\u00e7\u00e3o.<br \/>\nFormatura de Policiais Militares do Estado de S\u00e3o Paulo em 2022.<br \/>\nDivulga\u00e7\u00e3o\/GESP<br \/>\nPrincipais requisitos<br \/>\nOs candidatos precisam ter conclu\u00eddo o Ensino M\u00e9dio ou equivalente, ser brasileiros e ter entre 17 e 30 anos. \u00c9 necess\u00e1rio estar em dia com suas obriga\u00e7\u00f5es eleitorais e militares e ser habilitado para condu\u00e7\u00e3o de ve\u00edculo motorizado entre as categorias \u201cB\u201d e \u201cE&#8221;.<br \/>\nTatuagens s\u00e3o permitidas, desde que n\u00e3o fa\u00e7a alus\u00e3o \u00e0 discrimina\u00e7\u00e3o, viol\u00eancia ou seja ofensiva \u00e0 PM ou aos direitos humanos.<br \/>\nAs mulheres interessadas necessitam de altura m\u00ednima de 1,55 metro e os homens, de 1,60 m. Para tomar posse, os candidatos dever\u00e3o ter sido aprovados em todas as etapas do concurso p\u00fablico.<\/p>\n","protected":false},"excerpt":{"rendered":"<p>O valor da taxa de inscri\u00e7\u00e3o \u00e9 de R$ 57,00 que deve ser paga at\u00e9 o 1\u00ba dia \u00fatil subsequente ao t\u00e9rmino do per\u00edodo das inscri\u00e7\u00f5es. A remunera\u00e7\u00e3o b\u00e1sica inicial para o cargo de Soldado PM 2\u00ba de classe \u00e9 de R$ 3.875,27. Formatura de Policiais Militares do Estado de S\u00e3o Paulo em 2022. Divulga\u00e7\u00e3o\/GESP<\/p>\n","protected":false},"author":1,"featured_media":15393,"comment_status":"open","ping_status":"open","sticky":false,"template":"","format":"standard","meta":{"om_disable_all_campaigns":false,"_monsterinsights_skip_tracking":false,"_monsterinsights_sitenote_active":false,"_monsterinsights_sitenote_note":"","_monsterinsights_sitenote_category":0,"footnotes":""},"categories":[43],"tags":[],"class_list":{"0":"post-15392","1":"post","2":"type-post","3":"status-publish","4":"format-standard","5":"has-post-thumbnail","7":"category-economia"},"_links":{"self":[{"href":"https:\/\/comandogeraldanoticia.com.br\/index.php\/wp-json\/wp\/v2\/posts\/15392","targetHints":{"allow":["GET"]}}],"collection":[{"href":"https:\/\/comandogeraldanoticia.com.br\/index.php\/wp-json\/wp\/v2\/posts"}],"about":[{"href":"https:\/\/comandogeraldanoticia.com.br\/index.php\/wp-json\/wp\/v2\/types\/post"}],"author":[{"embeddable":true,"href":"https:\/\/comandogeraldanoticia.com.br\/index.php\/wp-json\/wp\/v2\/users\/1"}],"replies":[{"embeddable":true,"href":"https:\/\/comandogeraldanoticia.com.br\/index.php\/wp-json\/wp\/v2\/comments?post=15392"}],"version-history":[{"count":0,"href":"https:\/\/comandogeraldanoticia.com.br\/index.php\/wp-json\/wp\/v2\/posts\/15392\/revisions"}],"wp:featuredmedia":[{"embeddable":true,"href":"https:\/\/comandogeraldanoticia.com.br\/index.php\/wp-json\/wp\/v2\/media\/15393"}],"wp:attachment":[{"href":"https:\/\/comandogeraldanoticia.com.br\/index.php\/wp-json\/wp\/v2\/media?parent=15392"}],"wp:term":[{"taxonomy":"category","embeddable":true,"href":"https:\/\/comandogeraldanoticia.com.br\/index.php\/wp-json\/wp\/v2\/categories?post=15392"},{"taxonomy":"post_tag","embeddable":true,"href":"https:\/\/comandogeraldanoticia.com.br\/index.php\/wp-json\/wp\/v2\/tags?post=15392"}],"curies":[{"name":"wp","href":"https:\/\/api.w.org\/{rel}","templated":true}]}}