{"id":15384,"date":"2022-11-05T15:11:12","date_gmt":"2022-11-05T15:11:12","guid":{"rendered":"https:\/\/comandogeraldanoticia.com.br\/index.php\/2022\/11\/05\/ira-reconhece-que-forneceu-drones-a-russia\/"},"modified":"2022-11-05T15:11:12","modified_gmt":"2022-11-05T15:11:12","slug":"ira-reconhece-que-forneceu-drones-a-russia","status":"publish","type":"post","link":"https:\/\/comandogeraldanoticia.com.br\/index.php\/2022\/11\/05\/ira-reconhece-que-forneceu-drones-a-russia\/","title":{"rendered":"Ir\u00e3 reconhece que forneceu drones \u00e0 R\u00fassia"},"content":{"rendered":"<p>Esta \u00e9 a primeira vez que Teer\u00e3 reconhece a entrega de drones a Moscou, apesar das reiteradas acusa\u00e7\u00f5es de Kiev e seus aliados ocidentais. O Ir\u00e3 admitiu, neste s\u00e1bado (5), ter fornecido drones \u00e0 R\u00fassia antes da invas\u00e3o da Ucr\u00e2nia no final de fevereiro, confirmando as acusa\u00e7\u00f5es de Kiev contra Moscou do uso de drones iranianos para seus ataques contra civis e infraestruturas.<br \/>\n&#8220;Fornecemos \u00e0 R\u00fassia um n\u00famero limitado de drones, meses antes da guerra na Ucr\u00e2nia&#8221;, declarou o ministro das Rela\u00e7\u00f5es Exteriores do Ir\u00e3, Hossein Amir-Abdollahian, citado pela ag\u00eancia oficial Irna.<br \/>\nEsta \u00e9 a primeira vez que Teer\u00e3 reconhece a entrega de drones a Moscou, apesar das reiteradas acusa\u00e7\u00f5es de Kiev e seus aliados ocidentais.<br \/>\nO chefe da diplomacia iraniana garantiu que est\u00e1 disposto a examinar qualquer &#8220;evid\u00eancia&#8221; apresentada por Kiev do uso de drones iranianos no conflito.<br \/>\nLEIA TAMB\u00c9M:<br \/>\nComo vivem as mulheres no Ir\u00e3, pa\u00eds em que &#8216;valem metade&#8217; de um homem<br \/>\nL\u00edder supremo do Ir\u00e3 promete vingan\u00e7a ap\u00f3s ataque mortal contra peregrinos xiitas<br \/>\nAplicativo ajuda iranianas a evitar abordagens policiais violentas nas ruas<br \/>\nA Ucr\u00e2nia afirma que &#8220;cerca de 400 drones iranianos&#8221; j\u00e1 foram usados contra a popula\u00e7\u00e3o ucraniana e que Moscou encomendou cerca de 2.000.<br \/>\nR\u00fassia e Ir\u00e3 iniciaram uma aproxima\u00e7\u00e3o nos \u00faltimos meses, diante de uma Ucr\u00e2nia amplamente apoiada pelos Estados Unidos e pela Uni\u00e3o Europeia, e enquanto a China se mant\u00e9m afastada de qualquer envolvimento direto na guerra.<br \/>\nO Ir\u00e3 negou, por\u00e9m, que tenha fornecido m\u00edsseis \u00e0 R\u00fassia, considerando essas acusa\u00e7\u00f5es &#8220;completamente falsas&#8221;.<br \/>\nNos \u00faltimos dias, circularam na imprensa not\u00edcias de entregas suspeitas de m\u00edsseis terra-terra iranianos \u00e0 R\u00fassia.<br \/>\nApesar das nega\u00e7\u00f5es de Teer\u00e3 nas \u00faltimas semanas, a UE e o Reino Unido anunciaram novas san\u00e7\u00f5es contra tr\u00eas generais iranianos e uma empresa de armas &#8220;respons\u00e1vel por fornecer \u00e0 R\u00fassia drones suicidas&#8221; para bombardear a Ucr\u00e2nia.<br \/>\nEm setembro, Kiev decidiu reduzir consideravelmente suas rela\u00e7\u00f5es diplom\u00e1ticas com Teer\u00e3.<br \/>\nKherson no centro da aten\u00e7\u00e3o -No terreno, os ex\u00e9rcitos ucraniano e russo ainda parecem estar se preparando para uma batalha feroz em Kherson, a principal cidade tomada pelos russos desde o in\u00edcio de sua invas\u00e3o.<br \/>\nSegundo a Presid\u00eancia ucraniana, &#8220;os ocupantes russos est\u00e3o tentando identificar os habitantes que se recusam a ser levados&#8221; para os territ\u00f3rios ocupados pelas tropas de Moscou, mais distantes da linha de frente, ou mesmo para a pr\u00f3pria R\u00fassia.<br \/>\nNa sexta-feira, o presidente russo, Vladimir Putin, justificou essas evacua\u00e7\u00f5es pela primeira vez, dizendo que os civis &#8220;devem ser removidos&#8221; das zonas de combate &#8220;mais perigosas&#8221;.<br \/>\nA Ucr\u00e2nia, por sua vez, voltou a denunciar uma pol\u00edtica de &#8220;deporta\u00e7\u00f5es&#8221;.<br \/>\nO minist\u00e9rio da Defesa russo afirmou neste s\u00e1bado que &#8220;destruiu uma esta\u00e7\u00e3o de radar (usada) para os m\u00edsseis antia\u00e9reos S-300&#8221; e &#8220;interceptou 27 Himars americanos&#8221; na regi\u00e3o de Kherson.<br \/>\nMais a leste, um juiz da Suprema Corte da Rep\u00fablica de Donetsk foi baleado na sexta-feira e est\u00e1 &#8220;em estado grave&#8221;, anunciaram as autoridades russas de ocupa\u00e7\u00e3o.<br \/>\nO minist\u00e9rio do Interior desta regi\u00e3o anexada no final de setembro por Moscou n\u00e3o deu mais detalhes sobre o modus operandi, nem as raz\u00f5es deste ataque.<br \/>\nDe acordo com Denis Pushilin, um alto funcion\u00e1rio da autoridade de ocupa\u00e7\u00e3o russa, Nikulin &#8220;condenou criminosos de guerra nazistas&#8221;, referindo-se ao regime de Kiev com a terminologia usada pelo Kremlin para justificar a invas\u00e3o russa na Ucr\u00e2nia no final de fevereiro.<br \/>\nNo norte da Ucr\u00e2nia, apesar da retirada dos russos da regi\u00e3o entre o final de mar\u00e7o e in\u00edcio de abril, os guardas de fronteira ucranianos est\u00e3o se preparando &#8220;para evitar uma (nova) invas\u00e3o russa&#8221; a partir de Belarus, aliado de Moscou que serviu como base de retaguarda para o ex\u00e9rcito russo nos primeiros dias de combates.<br \/>\n&#8220;A probabilidade de um ataque ser\u00e1 sempre alta aqui, perto da fronteira&#8221;, estimou \u00e0 AFP &#8220;Lynx&#8221;, que avalia em &#8220;50\/50&#8221; o risco de uma nova ofensiva russa na regi\u00e3o.<br \/>\n&#8220;A situa\u00e7\u00e3o \u00e9 completamente diferente&#8221; hoje porque &#8220;contamos com nossos guardas de fronteira, nossas for\u00e7as armadas e todas as for\u00e7as de defesa&#8221;, comentou por sua vez Andr\u00efi Bogdan, prefeito de Gorodnia, um vilarejo perto das fronteiras bielorrussa e russa.<br \/>\nAinda neste s\u00e1bado, o operador nacional de energia da Ucr\u00e2nia, Ukrenergo, anunciou &#8220;restri\u00e7\u00f5es adicionais&#8221; ao uso da eletricidade em Kiev e v\u00e1rias regi\u00f5es do pa\u00eds.<br \/>\n&#8220;Hoje, o centro de controle se viu obrigado a introduzir novas restri\u00e7\u00f5es na forma de interrup\u00e7\u00f5es de emerg\u00eancia para todas as categorias de consumidores&#8221; em v\u00e1rias regi\u00f5es, explicou em comunicado.<br \/>\nNas \u00faltimas semanas, a R\u00fassia realizou uma s\u00e9rie de ataques \u00e0s infraestruturas de energia na Ucr\u00e2nia.<\/p>\n","protected":false},"excerpt":{"rendered":"<p>Esta \u00e9 a primeira vez que Teer\u00e3 reconhece a entrega de drones a Moscou, apesar das reiteradas acusa\u00e7\u00f5es de Kiev e seus aliados ocidentais. O Ir\u00e3 admitiu, neste s\u00e1bado (5), ter fornecido drones \u00e0 R\u00fassia antes da invas\u00e3o da Ucr\u00e2nia no final de fevereiro, confirmando as acusa\u00e7\u00f5es de Kiev contra Moscou do uso de drones<\/p>\n","protected":false},"author":1,"featured_media":15385,"comment_status":"open","ping_status":"open","sticky":false,"template":"","format":"standard","meta":{"om_disable_all_campaigns":false,"_monsterinsights_skip_tracking":false,"_monsterinsights_sitenote_active":false,"_monsterinsights_sitenote_note":"","_monsterinsights_sitenote_category":0,"footnotes":""},"categories":[47],"tags":[],"class_list":{"0":"post-15384","1":"post","2":"type-post","3":"status-publish","4":"format-standard","5":"has-post-thumbnail","7":"category-mundo"},"_links":{"self":[{"href":"https:\/\/comandogeraldanoticia.com.br\/index.php\/wp-json\/wp\/v2\/posts\/15384","targetHints":{"allow":["GET"]}}],"collection":[{"href":"https:\/\/comandogeraldanoticia.com.br\/index.php\/wp-json\/wp\/v2\/posts"}],"about":[{"href":"https:\/\/comandogeraldanoticia.com.br\/index.php\/wp-json\/wp\/v2\/types\/post"}],"author":[{"embeddable":true,"href":"https:\/\/comandogeraldanoticia.com.br\/index.php\/wp-json\/wp\/v2\/users\/1"}],"replies":[{"embeddable":true,"href":"https:\/\/comandogeraldanoticia.com.br\/index.php\/wp-json\/wp\/v2\/comments?post=15384"}],"version-history":[{"count":0,"href":"https:\/\/comandogeraldanoticia.com.br\/index.php\/wp-json\/wp\/v2\/posts\/15384\/revisions"}],"wp:featuredmedia":[{"embeddable":true,"href":"https:\/\/comandogeraldanoticia.com.br\/index.php\/wp-json\/wp\/v2\/media\/15385"}],"wp:attachment":[{"href":"https:\/\/comandogeraldanoticia.com.br\/index.php\/wp-json\/wp\/v2\/media?parent=15384"}],"wp:term":[{"taxonomy":"category","embeddable":true,"href":"https:\/\/comandogeraldanoticia.com.br\/index.php\/wp-json\/wp\/v2\/categories?post=15384"},{"taxonomy":"post_tag","embeddable":true,"href":"https:\/\/comandogeraldanoticia.com.br\/index.php\/wp-json\/wp\/v2\/tags?post=15384"}],"curies":[{"name":"wp","href":"https:\/\/api.w.org\/{rel}","templated":true}]}}