{"id":15346,"date":"2022-11-05T10:11:02","date_gmt":"2022-11-05T10:11:02","guid":{"rendered":"https:\/\/comandogeraldanoticia.com.br\/index.php\/2022\/11\/05\/auxilio-caminhoneiro-motoristas-devem-fazer-autodeclaracao-ate-esta-segunda-veja-como\/"},"modified":"2022-11-05T10:11:02","modified_gmt":"2022-11-05T10:11:02","slug":"auxilio-caminhoneiro-motoristas-devem-fazer-autodeclaracao-ate-esta-segunda-veja-como","status":"publish","type":"post","link":"https:\/\/comandogeraldanoticia.com.br\/index.php\/2022\/11\/05\/auxilio-caminhoneiro-motoristas-devem-fazer-autodeclaracao-ate-esta-segunda-veja-como\/","title":{"rendered":"Aux\u00edlio caminhoneiro: motoristas devem fazer autodeclara\u00e7\u00e3o at\u00e9 esta segunda; veja como"},"content":{"rendered":"<p><img decoding=\"async\" src=\"https:\/\/s2.glbimg.com\/6a0-BssGBnVtNP2jixByJGl--XU=\/i.s3.glbimg.com\/v1\/AUTH_59edd422c0c84a879bd37670ae4f538a\/internal_photos\/bs\/2022\/W\/m\/DUCCxkRTuBSpKBIUGLvA\/caminhoneiros.jpg\"><br \/>   A quinta parcela, referente a novembro, ser\u00e1 paga no dia 19. J\u00e1 a de dezembro, no dia 10. Para receber a quinta e sexta parcelas do benef\u00edcio, caminhoneiros que ainda n\u00e3o receberam nenhuma parcela devem fazer autodeclara\u00e7\u00e3o at\u00e9 o dia 7 de novembro.<br \/>\nThomaz Silva\/Ag\u00eancia Brasil<br \/>\nMotoristas de carga aut\u00f4nomos t\u00eam at\u00e9 esta segunda-feira (7) para fazer a autodeclara\u00e7\u00e3o e solicitar a quinta parcela do Aux\u00edlio Caminhoneiro, que ser\u00e1 paga no dia 19. Os pagamentos das \u00faltimas parcelas do aux\u00edlio foram adiantados.<br \/>\nOs caminhoneiros que tiverem d\u00favidas sobre o pagamento do benef\u00edcio podem ligar para a Central de Atendimento Al\u00f4 Trabalho, no n\u00famero 158. As informa\u00e7\u00f5es sobre o pagamento das parcelas tamb\u00e9m podem ser consultadas no Atendimento Caixa ao Cidad\u00e3o pelo n\u00famero 111.<br \/>\nO benef\u00edcio faz parte do pacote social pr\u00e9-eleitoral criado pela chamada PEC Kamikaze, promulgada pelo Congresso no dia 14 de julho. Entre outros pontos, a emenda constitucional aumentou o valor do Aux\u00edlio Brasil de R$ 400 para R$ 600 e ampliou o vale-g\u00e1s. O custo total do pacote chega a R$ 41,2 bilh\u00f5es.<br \/>\nConfira o calend\u00e1rio de pagamento:<br \/>\nBenef\u00edcio Caminhoneiros<br \/>\nComo fazer a autodeclara\u00e7\u00e3o<br \/>\nO prazo para transportadores aut\u00f4nomos de carga fazerem a Autodeclara\u00e7\u00e3o do Termo de Registro e receberem a quinta parcela do Benef\u00edcio Caminhoneiro \u00e9 7 de novembro.<br \/>\nO chamado Benef\u00edcio Emergencial aos Transportadores Aut\u00f4nomos de Carga (BEm Caminhoneiro) est\u00e1 sendo pago a transportadores aut\u00f4nomos de carga para compensar os efeitos do aumento no pre\u00e7o dos combust\u00edveis. S\u00e3o, no total, seis parcelas de R$ 1 mil at\u00e9 dezembro.<br \/>\nOs caminhoneiros ativos no RNTR-C, ainda que sem opera\u00e7\u00f5es registradas neste ano, devem realizar no Portal Emprega Brasil ou no aplicativo da Carteira de Trabalho Digital a Autodeclara\u00e7\u00e3o do Termo de Registro do TAC, espec\u00edfico para fins de recebimento do benef\u00edcio, a fim de garantir que est\u00e3o aptos a realizar opera\u00e7\u00f5es de transportes.<br \/>\nComo tirar carteira de trabalho?<br \/>\nQuem tem direito?<br \/>\nT\u00eam direito ao benef\u00edcio os transportadores aut\u00f4nomos de cargas com a situa\u00e7\u00e3o cadastral &#8220;Ativo&#8221; no Registro Nacional de Transportadores Rodovi\u00e1rios de Cargas (RNTR-C).<br \/>\nOs profissionais dever\u00e3o estar com a Carteira Nacional de Habilita\u00e7\u00e3o (CNH) e o CPF v\u00e1lidos.<br \/>\nO pagamento mensal do benef\u00edcio no valor de R$ 1 mil ser\u00e1 feito independentemente do n\u00famero de ve\u00edculos que eles possu\u00edrem.<br \/>\nOs profissionais n\u00e3o precisar\u00e3o apresentar comprovantes de compra de \u00f3leo diesel para ter direito ao valor.<br \/>\nQuem estiver com situa\u00e7\u00e3o cadastral &#8220;pendente&#8221; ou &#8220;suspenso&#8221; poder\u00e1 regularizar o registro na Ag\u00eancia Nacional de Transportes Terrestres e se habilitar para ter direito ao aux\u00edlio.<br \/>\nComo saber se estou apto a receber?<br \/>\nPara consultar a situa\u00e7\u00e3o no RNTRC, basta fazer a consulta no site da ANTT, neste link. A busca pode ser feita a partir de informa\u00e7\u00f5es do transportador, da localidade ou do ve\u00edculo.<br \/>\nO transportador inscrito no RNTRC pode ainda atualizar os seus dados cadastrais, como endere\u00e7o, contatos, v\u00ednculos ou informa\u00e7\u00f5es espec\u00edficas de acordo com a categoria.<br \/>\nOs pedidos de altera\u00e7\u00e3o de dados cadastrais devem ser efetuados por meio do RNTR-C Digital ou pessoalmente, nos pontos de atendimento credenciados pela ANTT (clique aqui para consultar).<br \/>\nAs informa\u00e7\u00f5es sobre os resultados do processamento e os pagamentos realizados poder\u00e3o ser consultados na p\u00e1gina eletr\u00f4nica https:\/\/www.gov.br\/trabalho-e-previdencia\/pt-br\/assuntos\/beneficiocaminhoneiro.<\/p>\n","protected":false},"excerpt":{"rendered":"<p>A quinta parcela, referente a novembro, ser\u00e1 paga no dia 19. J\u00e1 a de dezembro, no dia 10. Para receber a quinta e sexta parcelas do benef\u00edcio, caminhoneiros que ainda n\u00e3o receberam nenhuma parcela devem fazer autodeclara\u00e7\u00e3o at\u00e9 o dia 7 de novembro. Thomaz Silva\/Ag\u00eancia Brasil Motoristas de carga aut\u00f4nomos t\u00eam at\u00e9 esta segunda-feira (7)<\/p>\n","protected":false},"author":1,"featured_media":15347,"comment_status":"open","ping_status":"open","sticky":false,"template":"","format":"standard","meta":{"om_disable_all_campaigns":false,"_monsterinsights_skip_tracking":false,"_monsterinsights_sitenote_active":false,"_monsterinsights_sitenote_note":"","_monsterinsights_sitenote_category":0,"footnotes":""},"categories":[43],"tags":[],"class_list":{"0":"post-15346","1":"post","2":"type-post","3":"status-publish","4":"format-standard","5":"has-post-thumbnail","7":"category-economia"},"_links":{"self":[{"href":"https:\/\/comandogeraldanoticia.com.br\/index.php\/wp-json\/wp\/v2\/posts\/15346","targetHints":{"allow":["GET"]}}],"collection":[{"href":"https:\/\/comandogeraldanoticia.com.br\/index.php\/wp-json\/wp\/v2\/posts"}],"about":[{"href":"https:\/\/comandogeraldanoticia.com.br\/index.php\/wp-json\/wp\/v2\/types\/post"}],"author":[{"embeddable":true,"href":"https:\/\/comandogeraldanoticia.com.br\/index.php\/wp-json\/wp\/v2\/users\/1"}],"replies":[{"embeddable":true,"href":"https:\/\/comandogeraldanoticia.com.br\/index.php\/wp-json\/wp\/v2\/comments?post=15346"}],"version-history":[{"count":0,"href":"https:\/\/comandogeraldanoticia.com.br\/index.php\/wp-json\/wp\/v2\/posts\/15346\/revisions"}],"wp:featuredmedia":[{"embeddable":true,"href":"https:\/\/comandogeraldanoticia.com.br\/index.php\/wp-json\/wp\/v2\/media\/15347"}],"wp:attachment":[{"href":"https:\/\/comandogeraldanoticia.com.br\/index.php\/wp-json\/wp\/v2\/media?parent=15346"}],"wp:term":[{"taxonomy":"category","embeddable":true,"href":"https:\/\/comandogeraldanoticia.com.br\/index.php\/wp-json\/wp\/v2\/categories?post=15346"},{"taxonomy":"post_tag","embeddable":true,"href":"https:\/\/comandogeraldanoticia.com.br\/index.php\/wp-json\/wp\/v2\/tags?post=15346"}],"curies":[{"name":"wp","href":"https:\/\/api.w.org\/{rel}","templated":true}]}}