{"id":15248,"date":"2022-11-04T21:10:01","date_gmt":"2022-11-04T21:10:01","guid":{"rendered":"https:\/\/comandogeraldanoticia.com.br\/index.php\/2022\/11\/04\/canada-quer-atrair-14-milhao-de-imigrantes-para-ocupar-vagas-de-trabalho\/"},"modified":"2022-11-04T21:10:01","modified_gmt":"2022-11-04T21:10:01","slug":"canada-quer-atrair-14-milhao-de-imigrantes-para-ocupar-vagas-de-trabalho","status":"publish","type":"post","link":"https:\/\/comandogeraldanoticia.com.br\/index.php\/2022\/11\/04\/canada-quer-atrair-14-milhao-de-imigrantes-para-ocupar-vagas-de-trabalho\/","title":{"rendered":"Canad\u00e1 quer atrair 1,4 milh\u00e3o de imigrantes para ocupar vagas de trabalho"},"content":{"rendered":"<p><img decoding=\"async\" src=\"https:\/\/s2.glbimg.com\/H09EtWydNnbjQu_i2HwABqnMnjA=\/i.s3.glbimg.com\/v1\/AUTH_59edd422c0c84a879bd37670ae4f538a\/internal_photos\/bs\/2022\/b\/8\/aXUeoCQvWPYFJpeo5r5w\/canada-1.jpg\"><br \/>   Governo anunciou um plano para receber quase 500 mil migrantes por ano at\u00e9 2025. O objetivo \u00e9 preencher vagas de trabalho que est\u00e3o abertas. Canad\u00e1 quer atrair 1,4 milh\u00e3o de imigrantes para ocupar vagas de trabalho<br \/>\nGetty Images via BBC<br \/>\n&#8220;Veja bem, \u00e9 simples: precisamos de mais pessoas.&#8221;<br \/>\nCom essas palavras, o ministro da Imigra\u00e7\u00e3o do Canad\u00e1, Sean Fraser, anunciou um plano para receber cerca de 1,4 milh\u00e3o de migrantes nos pr\u00f3ximos tr\u00eas anos.<br \/>\nDe acordo com Fraser, o Canad\u00e1 espera receber 465 mil novos residentes permanentes em 2023, 485 mil em 2024 e at\u00e9 500 mil em 2025. Isso representa um aumento de cerca de 13% das metas iniciais do governo canadense. O principal objetivo da medida \u00e9 aumentar a for\u00e7a de trabalho do pa\u00eds. Atualmente dezenas de milhares de vagas de trabalho est\u00e3o dispon\u00edveis mas n\u00e3o h\u00e1 quem as preencha.<br \/>\nLEIA TAMB\u00c9M<br \/>\nTrabalho no exterior: veja palavras que candidatos mais erram nos curr\u00edculos em ingl\u00eas<br \/>\nComo fazer curr\u00edculo e perfil no LinkedIn em ingl\u00eas?<br \/>\nVeja 22 plataformas para procurar trabalho remoto e freelancer<br \/>\nO Canad\u00e1 est\u00e1 na contram\u00e3o de outros governos, como o brit\u00e2nico e o americano, que t\u00eam sido criticados por suas pol\u00edticas r\u00edgidas contra imigra\u00e7\u00e3o.<br \/>\n&#8220;O plano de imigra\u00e7\u00e3o ajudar\u00e1 as empresas a encontrar os trabalhadores que precisam&#8221;, disse Fraser.<br \/>\nMuitas das vagas de emprego que foram criadas depois do auge da pandemia de covid-19 ainda n\u00e3o foram preenchidas. Os n\u00fameros s\u00e3o paradoxais no Canad\u00e1: enquanto existem 950 mil vagas abertas em diferentes setores, h\u00e1 tamb\u00e9m um milh\u00e3o de desempregados.<br \/>\nO problema \u00e9 que muitos dos trabalhadores n\u00e3o t\u00eam a qualifica\u00e7\u00e3o necess\u00e1ria para preencher essas vagas ou n\u00e3o moram nas \u00e1reas onde h\u00e1 demanda por m\u00e3o de obra. Al\u00e9m disso, cada vez mais cidad\u00e3os canadenses est\u00e3o se aposentando de seus empregos, o que criou um v\u00e1cuo que n\u00e3o foi poss\u00edvel preencher.<br \/>\nO programa tamb\u00e9m visa aumentar a incorpora\u00e7\u00e3o de refugiados que atualmente dependem de assist\u00eancia governamental.<br \/>\nMas quem s\u00e3o as pessoas que o governo canadense est\u00e1 procurando?<br \/>\nSa\u00fade, inform\u00e1tica e restaurantes<br \/>\nEssa n\u00e3o \u00e9 a primeira vez que o Canad\u00e1 abre suas fronteiras para atrair mais imigrantes, mas \u00e9 a primeira vez que isso \u00e9 feito nessa escala.<br \/>\n&#8220;Os canadenses entendem a necessidade de aumentar nossa popula\u00e7\u00e3o se quisermos atender \u00e0s necessidades da for\u00e7a de trabalho, se quisermos equilibrar uma tend\u00eancia demogr\u00e1fica preocupante e continuar reunindo fam\u00edlias&#8221;, disse Fraser.<br \/>\nO governo afirma que a falta de m\u00e3o de obra qualificada impacta todos os setores da economia canadense. Os n\u00fameros indicam que um dos setores mais afetados \u00e9 o de servi\u00e7os m\u00e9dicos. Outros setores s\u00e3o constru\u00e7\u00e3o civil, ind\u00fastria de transforma\u00e7\u00e3o, hotelaria, turismo e restaurantes.<br \/>\nSegundo Fraser, o Canad\u00e1 tem cerca de tr\u00eas trabalhadores para cada aposentado.<br \/>\n&#8220;Precisamos de mais trabalhadores em todos os setores em todas as regi\u00f5es do pa\u00eds, independentemente de serem profissionais de sa\u00fade da linha de frente, caminhoneiros, construtores ou engenheiros de software&#8221;, disse ele.<br \/>\nO objetivo do plano \u00e9 aumentar a for\u00e7a de trabalho, j\u00e1 que muitos canadenses se aposentaram nos \u00faltimos anos<br \/>\nGetty Images via BBC<br \/>\nA necessidade \u00e9 t\u00e3o grande, que embora o Partido Conservador do Canad\u00e1, que se op\u00f5e ao governo do primeiro-ministro Justin Trudeau, tenha criticado a decis\u00e3o anunciada esta semana, ele aceitou a necessidade de uma abertura da imigra\u00e7\u00e3o.<br \/>\nNo entanto, alguns especialistas apontam que esse n\u00e3o ser\u00e1 um processo f\u00e1cil devido \u00e0 crise financeira que vive n\u00e3o s\u00f3 o Canad\u00e1, mas as principais economias do mundo, marcada pelo aumento das taxas de juros e alta infla\u00e7\u00e3o.<br \/>\nO economista da Universidade de Waterloo Mikal Skuterud destaca que, embora existam muitas raz\u00f5es para aumentar o n\u00famero de imigrantes no Canad\u00e1, a situa\u00e7\u00e3o atual n\u00e3o \u00e9 muito favor\u00e1vel.<br \/>\n&#8220;O aumento das taxas de juros pode tornar mais dif\u00edcil para essas pessoas se integrarem ao pa\u00eds assim que chegarem&#8221;, disse Skuterud \u00e0 ag\u00eancia de not\u00edcias Reuters. &#8220;Estamos em um verdadeiro ponto de inflex\u00e3o. H\u00e1 uma enorme incerteza&#8221;, acrescentou.<br \/>\n&#8211; Este texto foi publicado em https:\/\/www.bbc.com\/portuguese\/internacional-63515652<\/p>\n","protected":false},"excerpt":{"rendered":"<p>Governo anunciou um plano para receber quase 500 mil migrantes por ano at\u00e9 2025. O objetivo \u00e9 preencher vagas de trabalho que est\u00e3o abertas. Canad\u00e1 quer atrair 1,4 milh\u00e3o de imigrantes para ocupar vagas de trabalho Getty Images via BBC &#8220;Veja bem, \u00e9 simples: precisamos de mais pessoas.&#8221; Com essas palavras, o ministro da Imigra\u00e7\u00e3o<\/p>\n","protected":false},"author":1,"featured_media":15249,"comment_status":"open","ping_status":"open","sticky":false,"template":"","format":"standard","meta":{"om_disable_all_campaigns":false,"_monsterinsights_skip_tracking":false,"_monsterinsights_sitenote_active":false,"_monsterinsights_sitenote_note":"","_monsterinsights_sitenote_category":0,"footnotes":""},"categories":[47],"tags":[],"class_list":{"0":"post-15248","1":"post","2":"type-post","3":"status-publish","4":"format-standard","5":"has-post-thumbnail","7":"category-mundo"},"_links":{"self":[{"href":"https:\/\/comandogeraldanoticia.com.br\/index.php\/wp-json\/wp\/v2\/posts\/15248","targetHints":{"allow":["GET"]}}],"collection":[{"href":"https:\/\/comandogeraldanoticia.com.br\/index.php\/wp-json\/wp\/v2\/posts"}],"about":[{"href":"https:\/\/comandogeraldanoticia.com.br\/index.php\/wp-json\/wp\/v2\/types\/post"}],"author":[{"embeddable":true,"href":"https:\/\/comandogeraldanoticia.com.br\/index.php\/wp-json\/wp\/v2\/users\/1"}],"replies":[{"embeddable":true,"href":"https:\/\/comandogeraldanoticia.com.br\/index.php\/wp-json\/wp\/v2\/comments?post=15248"}],"version-history":[{"count":0,"href":"https:\/\/comandogeraldanoticia.com.br\/index.php\/wp-json\/wp\/v2\/posts\/15248\/revisions"}],"wp:featuredmedia":[{"embeddable":true,"href":"https:\/\/comandogeraldanoticia.com.br\/index.php\/wp-json\/wp\/v2\/media\/15249"}],"wp:attachment":[{"href":"https:\/\/comandogeraldanoticia.com.br\/index.php\/wp-json\/wp\/v2\/media?parent=15248"}],"wp:term":[{"taxonomy":"category","embeddable":true,"href":"https:\/\/comandogeraldanoticia.com.br\/index.php\/wp-json\/wp\/v2\/categories?post=15248"},{"taxonomy":"post_tag","embeddable":true,"href":"https:\/\/comandogeraldanoticia.com.br\/index.php\/wp-json\/wp\/v2\/tags?post=15248"}],"curies":[{"name":"wp","href":"https:\/\/api.w.org\/{rel}","templated":true}]}}