{"id":15232,"date":"2022-11-04T19:13:53","date_gmt":"2022-11-04T19:13:53","guid":{"rendered":"https:\/\/comandogeraldanoticia.com.br\/index.php\/2022\/11\/04\/congresso-tera-boa-vontade-com-pec-da-transicao-e-flexibilizar-teto-e-natural-diz-pacheco\/"},"modified":"2022-11-04T19:13:53","modified_gmt":"2022-11-04T19:13:53","slug":"congresso-tera-boa-vontade-com-pec-da-transicao-e-flexibilizar-teto-e-natural-diz-pacheco","status":"publish","type":"post","link":"https:\/\/comandogeraldanoticia.com.br\/index.php\/2022\/11\/04\/congresso-tera-boa-vontade-com-pec-da-transicao-e-flexibilizar-teto-e-natural-diz-pacheco\/","title":{"rendered":"Congresso ter\u00e1 &#8216;boa vontade&#8217; com PEC da Transi\u00e7\u00e3o e flexibilizar teto \u00e9 &#8216;natural&#8217;, diz Pacheco"},"content":{"rendered":"<p>Presidente do Congresso ressalvou, em entrevista \u00e0 GloboNews, que acharia melhor o novo governo editar uma MP com as mudan\u00e7as. Transi\u00e7\u00e3o de governo anunciou PEC para que Lula consiga incluir promessas de campanha no or\u00e7amento 2023. O presidente do Senado, Rodrigo Pacheco (PSD-MG), disse nesta sexta-feira (4) acreditar que o Congresso ter\u00e1 &#8220;boa vontade&#8221; para votar a proposta de emenda \u00e0 Constitui\u00e7\u00e3o que pode flexibilizar o teto de gastos para viabilizar promessas de campanha do presidente eleito Luiz In\u00e1cio Lula da Silva (PT).<br \/>\nO texto, que vem sendo chamado de &#8220;PEC da Transi\u00e7\u00e3o&#8221;, deve ser apresentado na pr\u00f3xima ter\u00e7a-feira (8). A ideia \u00e9 garantir gastos fora do teto para, entre outras coisas, garantir um Bolsa Fam\u00edlia de R$ 600 e um aumento real do sal\u00e1rio m\u00ednimo em 2023.<br \/>\nSegundo Pacheco , a &#8220;boa vontade&#8221; do Congresso com a proposta depende de um diagn\u00f3stico t\u00e9cnico, por parte da equipe de transi\u00e7\u00e3o, sobre o valor exato que ser\u00e1 necess\u00e1rio para bancar as pol\u00edticas p\u00fablicas do novo governo.<br \/>\n\u201cDe nossa parte, evidentemente, havendo esse diagn\u00f3stico t\u00e9cnico, sem extravag\u00e2ncias, haver\u00e1 por parte do Congresso Nacional toda boa vontade de aprecia\u00e7\u00e3o desde j\u00e1 de uma PEC nesse sentido\u201d, disse em entrevista \u00e0 GloboNews.<br \/>\nO senador classificou como \u201cnatural\u201d a \u201cnecessidade de fazer uma relativiza\u00e7\u00e3o do teto de gastos p\u00fablicos\u201d neste momento. O teto foi institu\u00eddo em 2017 e limita o crescimento das despesas p\u00fablicas.<br \/>\nPacheco ainda relembrou que o teto de gastos j\u00e1 foi ultrapassado em outras oportunidades durante a pandemia.<br \/>\n*sob orienta\u00e7\u00e3o de Mateus Rodrigues<\/p>\n","protected":false},"excerpt":{"rendered":"<p>Presidente do Congresso ressalvou, em entrevista \u00e0 GloboNews, que acharia melhor o novo governo editar uma MP com as mudan\u00e7as. Transi\u00e7\u00e3o de governo anunciou PEC para que Lula consiga incluir promessas de campanha no or\u00e7amento 2023. O presidente do Senado, Rodrigo Pacheco (PSD-MG), disse nesta sexta-feira (4) acreditar que o Congresso ter\u00e1 &#8220;boa vontade&#8221; para<\/p>\n","protected":false},"author":1,"featured_media":15233,"comment_status":"open","ping_status":"open","sticky":false,"template":"","format":"standard","meta":{"om_disable_all_campaigns":false,"_monsterinsights_skip_tracking":false,"_monsterinsights_sitenote_active":false,"_monsterinsights_sitenote_note":"","_monsterinsights_sitenote_category":0,"footnotes":""},"categories":[43],"tags":[],"class_list":{"0":"post-15232","1":"post","2":"type-post","3":"status-publish","4":"format-standard","5":"has-post-thumbnail","7":"category-economia"},"_links":{"self":[{"href":"https:\/\/comandogeraldanoticia.com.br\/index.php\/wp-json\/wp\/v2\/posts\/15232","targetHints":{"allow":["GET"]}}],"collection":[{"href":"https:\/\/comandogeraldanoticia.com.br\/index.php\/wp-json\/wp\/v2\/posts"}],"about":[{"href":"https:\/\/comandogeraldanoticia.com.br\/index.php\/wp-json\/wp\/v2\/types\/post"}],"author":[{"embeddable":true,"href":"https:\/\/comandogeraldanoticia.com.br\/index.php\/wp-json\/wp\/v2\/users\/1"}],"replies":[{"embeddable":true,"href":"https:\/\/comandogeraldanoticia.com.br\/index.php\/wp-json\/wp\/v2\/comments?post=15232"}],"version-history":[{"count":0,"href":"https:\/\/comandogeraldanoticia.com.br\/index.php\/wp-json\/wp\/v2\/posts\/15232\/revisions"}],"wp:featuredmedia":[{"embeddable":true,"href":"https:\/\/comandogeraldanoticia.com.br\/index.php\/wp-json\/wp\/v2\/media\/15233"}],"wp:attachment":[{"href":"https:\/\/comandogeraldanoticia.com.br\/index.php\/wp-json\/wp\/v2\/media?parent=15232"}],"wp:term":[{"taxonomy":"category","embeddable":true,"href":"https:\/\/comandogeraldanoticia.com.br\/index.php\/wp-json\/wp\/v2\/categories?post=15232"},{"taxonomy":"post_tag","embeddable":true,"href":"https:\/\/comandogeraldanoticia.com.br\/index.php\/wp-json\/wp\/v2\/tags?post=15232"}],"curies":[{"name":"wp","href":"https:\/\/api.w.org\/{rel}","templated":true}]}}