{"id":15228,"date":"2022-11-04T19:13:29","date_gmt":"2022-11-04T19:13:29","guid":{"rendered":"https:\/\/comandogeraldanoticia.com.br\/index.php\/2022\/11\/04\/construcao-da-praca-de-arembepe-esta-com-60-de-avanco\/"},"modified":"2022-11-04T19:13:29","modified_gmt":"2022-11-04T19:13:29","slug":"construcao-da-praca-de-arembepe-esta-com-60-de-avanco","status":"publish","type":"post","link":"https:\/\/comandogeraldanoticia.com.br\/index.php\/2022\/11\/04\/construcao-da-praca-de-arembepe-esta-com-60-de-avanco\/","title":{"rendered":"Constru\u00e7\u00e3o da Pra\u00e7a de Arembepe est\u00e1 com 60% de avan\u00e7o"},"content":{"rendered":"<p>Em pleno vapor, a obra de constru\u00e7\u00e3o da Pra\u00e7a Fonte das \u00c1guas, em Arembepe, na Costa de Cama\u00e7ari, apresenta 60% dos servi\u00e7os conclu\u00eddos. Realizada pela Prefeitura, atrav\u00e9s da Secretaria da Infraestrutura (Seinfra), a interven\u00e7\u00e3o vai proporcionar um espa\u00e7o de lazer e conv\u00edvio social de qualidade para a comunidade. O espa\u00e7o ainda ajudar\u00e1 a fomentar o com\u00e9rcio local e a atrair visitantes para a localidade.<\/p>\n<p>Segundo a equipe de fiscaliza\u00e7\u00e3o da obra, est\u00e3o em andamento os servi\u00e7os de lixamento e pintura com verniz nas pe\u00e7as de eucalipto da cobertura das barracas, uma vez que o projeto da pra\u00e7a contempla a execu\u00e7\u00e3o de oito estruturas comerciais, al\u00e9m de dois banheiros; assentamento de revestimento interno nas barracas e execu\u00e7\u00e3o de guarda-corpo em eucalipto na rampa de acesso \u00e0 ponte executada sobre a lagoa.<\/p>\n<p>Em paralelo \u00e0 atividade, tamb\u00e9m acontece na pra\u00e7a a pavimenta\u00e7\u00e3o em pisos intertravado e t\u00e1til e a realiza\u00e7\u00e3o de instala\u00e7\u00f5es el\u00e9tricas de ilumina\u00e7\u00e3o, bem como a execu\u00e7\u00e3o do quiosque comercial individual. O espa\u00e7o de lazer est\u00e1 localizado na Rua Piraj\u00e1 e possui uma \u00e1rea equivalente a 3.140 metros quadrados (m\u00b2).<\/p>\n<\/p>\n<figure class=\"is-layout-flex wp-block-gallery-3 wp-block-gallery has-nested-images columns-default is-cropped\">\n<figure class=\"wp-block-image size-large\"><img loading=\"lazy\" decoding=\"async\" loading=\"lazy\" width=\"1024\" height=\"682\" data-id=\"185539\" src=\"https:\/\/www.camacari.ba.gov.br\/wp-content\/uploads\/2022\/11\/seinfra-praca-fonte-das-aguas-em-arembepe-josue-silva.21.10-2-1024x682.jpeg\" alt=\"\" class=\"wp-image-185539\" srcset=\"https:\/\/www.camacari.ba.gov.br\/wp-content\/uploads\/2022\/11\/seinfra-praca-fonte-das-aguas-em-arembepe-josue-silva.21.10-2-1024x682.jpeg 1024w, https:\/\/www.camacari.ba.gov.br\/wp-content\/uploads\/2022\/11\/seinfra-praca-fonte-das-aguas-em-arembepe-josue-silva.21.10-2-300x200.jpeg 300w, https:\/\/www.camacari.ba.gov.br\/wp-content\/uploads\/2022\/11\/seinfra-praca-fonte-das-aguas-em-arembepe-josue-silva.21.10-2-768x512.jpeg 768w, https:\/\/www.camacari.ba.gov.br\/wp-content\/uploads\/2022\/11\/seinfra-praca-fonte-das-aguas-em-arembepe-josue-silva.21.10-2.jpeg 1280w\" sizes=\"auto, (max-width: 1024px) 100vw, 1024px\"><\/figure>\n<figure class=\"wp-block-image size-large\"><img loading=\"lazy\" decoding=\"async\" loading=\"lazy\" width=\"1024\" height=\"682\" data-id=\"185545\" src=\"https:\/\/www.camacari.ba.gov.br\/wp-content\/uploads\/2022\/11\/seinfra-praca-fonte-das-aguas-em-arembepe-josue-silva.21.10-3-1024x682.jpeg\" alt=\"\" class=\"wp-image-185545\" srcset=\"https:\/\/www.camacari.ba.gov.br\/wp-content\/uploads\/2022\/11\/seinfra-praca-fonte-das-aguas-em-arembepe-josue-silva.21.10-3-1024x682.jpeg 1024w, https:\/\/www.camacari.ba.gov.br\/wp-content\/uploads\/2022\/11\/seinfra-praca-fonte-das-aguas-em-arembepe-josue-silva.21.10-3-300x200.jpeg 300w, https:\/\/www.camacari.ba.gov.br\/wp-content\/uploads\/2022\/11\/seinfra-praca-fonte-das-aguas-em-arembepe-josue-silva.21.10-3-768x512.jpeg 768w, https:\/\/www.camacari.ba.gov.br\/wp-content\/uploads\/2022\/11\/seinfra-praca-fonte-das-aguas-em-arembepe-josue-silva.21.10-3.jpeg 1280w\" sizes=\"auto, (max-width: 1024px) 100vw, 1024px\"><\/figure>\n<figure class=\"wp-block-image size-large\"><img loading=\"lazy\" decoding=\"async\" loading=\"lazy\" width=\"1024\" height=\"682\" data-id=\"185544\" src=\"https:\/\/www.camacari.ba.gov.br\/wp-content\/uploads\/2022\/11\/seinfra-praca-fonte-das-aguas-em-arembepe-josue-silva.21.10-4-1024x682.jpeg\" alt=\"\" class=\"wp-image-185544\" srcset=\"https:\/\/www.camacari.ba.gov.br\/wp-content\/uploads\/2022\/11\/seinfra-praca-fonte-das-aguas-em-arembepe-josue-silva.21.10-4-1024x682.jpeg 1024w, https:\/\/www.camacari.ba.gov.br\/wp-content\/uploads\/2022\/11\/seinfra-praca-fonte-das-aguas-em-arembepe-josue-silva.21.10-4-300x200.jpeg 300w, https:\/\/www.camacari.ba.gov.br\/wp-content\/uploads\/2022\/11\/seinfra-praca-fonte-das-aguas-em-arembepe-josue-silva.21.10-4-768x512.jpeg 768w, https:\/\/www.camacari.ba.gov.br\/wp-content\/uploads\/2022\/11\/seinfra-praca-fonte-das-aguas-em-arembepe-josue-silva.21.10-4.jpeg 1280w\" sizes=\"auto, (max-width: 1024px) 100vw, 1024px\"><\/figure>\n<figure class=\"wp-block-image size-large\"><img loading=\"lazy\" decoding=\"async\" loading=\"lazy\" width=\"1024\" height=\"682\" data-id=\"185541\" src=\"https:\/\/www.camacari.ba.gov.br\/wp-content\/uploads\/2022\/11\/seinfra-praca-fonte-das-aguas-em-arembepe-josue-silva.21.10-5-1024x682.jpeg\" alt=\"\" class=\"wp-image-185541\" srcset=\"https:\/\/www.camacari.ba.gov.br\/wp-content\/uploads\/2022\/11\/seinfra-praca-fonte-das-aguas-em-arembepe-josue-silva.21.10-5-1024x682.jpeg 1024w, https:\/\/www.camacari.ba.gov.br\/wp-content\/uploads\/2022\/11\/seinfra-praca-fonte-das-aguas-em-arembepe-josue-silva.21.10-5-300x200.jpeg 300w, https:\/\/www.camacari.ba.gov.br\/wp-content\/uploads\/2022\/11\/seinfra-praca-fonte-das-aguas-em-arembepe-josue-silva.21.10-5-768x512.jpeg 768w, https:\/\/www.camacari.ba.gov.br\/wp-content\/uploads\/2022\/11\/seinfra-praca-fonte-das-aguas-em-arembepe-josue-silva.21.10-5.jpeg 1280w\" sizes=\"auto, (max-width: 1024px) 100vw, 1024px\"><\/figure>\n<figure class=\"wp-block-image size-large\"><img loading=\"lazy\" decoding=\"async\" loading=\"lazy\" width=\"1024\" height=\"682\" data-id=\"185543\" src=\"https:\/\/www.camacari.ba.gov.br\/wp-content\/uploads\/2022\/11\/seinfra-praca-fonte-das-aguas-em-arembepe-josue-silva.21.10-6-1024x682.jpeg\" alt=\"\" class=\"wp-image-185543\" srcset=\"https:\/\/www.camacari.ba.gov.br\/wp-content\/uploads\/2022\/11\/seinfra-praca-fonte-das-aguas-em-arembepe-josue-silva.21.10-6-1024x682.jpeg 1024w, https:\/\/www.camacari.ba.gov.br\/wp-content\/uploads\/2022\/11\/seinfra-praca-fonte-das-aguas-em-arembepe-josue-silva.21.10-6-300x200.jpeg 300w, https:\/\/www.camacari.ba.gov.br\/wp-content\/uploads\/2022\/11\/seinfra-praca-fonte-das-aguas-em-arembepe-josue-silva.21.10-6-768x512.jpeg 768w, https:\/\/www.camacari.ba.gov.br\/wp-content\/uploads\/2022\/11\/seinfra-praca-fonte-das-aguas-em-arembepe-josue-silva.21.10-6.jpeg 1280w\" sizes=\"auto, (max-width: 1024px) 100vw, 1024px\"><\/figure>\n<figure class=\"wp-block-image size-large\"><img loading=\"lazy\" decoding=\"async\" loading=\"lazy\" width=\"1024\" height=\"682\" data-id=\"185540\" src=\"https:\/\/www.camacari.ba.gov.br\/wp-content\/uploads\/2022\/11\/seinfra-praca-fonte-das-aguas-em-arembepe-josue-silva.21.10-7-1024x682.jpeg\" alt=\"\" class=\"wp-image-185540\" srcset=\"https:\/\/www.camacari.ba.gov.br\/wp-content\/uploads\/2022\/11\/seinfra-praca-fonte-das-aguas-em-arembepe-josue-silva.21.10-7-1024x682.jpeg 1024w, https:\/\/www.camacari.ba.gov.br\/wp-content\/uploads\/2022\/11\/seinfra-praca-fonte-das-aguas-em-arembepe-josue-silva.21.10-7-300x200.jpeg 300w, https:\/\/www.camacari.ba.gov.br\/wp-content\/uploads\/2022\/11\/seinfra-praca-fonte-das-aguas-em-arembepe-josue-silva.21.10-7-768x512.jpeg 768w, https:\/\/www.camacari.ba.gov.br\/wp-content\/uploads\/2022\/11\/seinfra-praca-fonte-das-aguas-em-arembepe-josue-silva.21.10-7.jpeg 1280w\" sizes=\"auto, (max-width: 1024px) 100vw, 1024px\"><\/figure>\n<figure class=\"wp-block-image size-large\"><img loading=\"lazy\" decoding=\"async\" loading=\"lazy\" width=\"1024\" height=\"682\" data-id=\"185542\" src=\"https:\/\/www.camacari.ba.gov.br\/wp-content\/uploads\/2022\/11\/seinfra-praca-fonte-das-aguas-em-arembepe-josue-silva.21.10-8-1024x682.jpeg\" alt=\"\" class=\"wp-image-185542\" srcset=\"https:\/\/www.camacari.ba.gov.br\/wp-content\/uploads\/2022\/11\/seinfra-praca-fonte-das-aguas-em-arembepe-josue-silva.21.10-8-1024x682.jpeg 1024w, https:\/\/www.camacari.ba.gov.br\/wp-content\/uploads\/2022\/11\/seinfra-praca-fonte-das-aguas-em-arembepe-josue-silva.21.10-8-300x200.jpeg 300w, https:\/\/www.camacari.ba.gov.br\/wp-content\/uploads\/2022\/11\/seinfra-praca-fonte-das-aguas-em-arembepe-josue-silva.21.10-8-768x512.jpeg 768w, https:\/\/www.camacari.ba.gov.br\/wp-content\/uploads\/2022\/11\/seinfra-praca-fonte-das-aguas-em-arembepe-josue-silva.21.10-8.jpeg 1280w\" sizes=\"auto, (max-width: 1024px) 100vw, 1024px\"><\/figure>\n<figure class=\"wp-block-image size-large\"><img loading=\"lazy\" decoding=\"async\" loading=\"lazy\" width=\"1024\" height=\"682\" data-id=\"185546\" src=\"https:\/\/www.camacari.ba.gov.br\/wp-content\/uploads\/2022\/11\/seinfra-praca-fonte-das-aguas-em-arembepe-josue-silva.21.10-1-1024x682.jpeg\" alt=\"\" class=\"wp-image-185546\" srcset=\"https:\/\/www.camacari.ba.gov.br\/wp-content\/uploads\/2022\/11\/seinfra-praca-fonte-das-aguas-em-arembepe-josue-silva.21.10-1-1024x682.jpeg 1024w, https:\/\/www.camacari.ba.gov.br\/wp-content\/uploads\/2022\/11\/seinfra-praca-fonte-das-aguas-em-arembepe-josue-silva.21.10-1-300x200.jpeg 300w, https:\/\/www.camacari.ba.gov.br\/wp-content\/uploads\/2022\/11\/seinfra-praca-fonte-das-aguas-em-arembepe-josue-silva.21.10-1-768x512.jpeg 768w, https:\/\/www.camacari.ba.gov.br\/wp-content\/uploads\/2022\/11\/seinfra-praca-fonte-das-aguas-em-arembepe-josue-silva.21.10-1.jpeg 1280w\" sizes=\"auto, (max-width: 1024px) 100vw, 1024px\"><\/figure><figcaption class=\"blocks-gallery-caption wp-element-caption\">Foto: Josu\u00e9 Silva<\/figcaption><\/figure>\n","protected":false},"excerpt":{"rendered":"<p>Em pleno vapor, a obra de constru\u00e7\u00e3o da Pra\u00e7a Fonte das \u00c1guas, em Arembepe, na Costa de Cama\u00e7ari, apresenta 60% dos servi\u00e7os conclu\u00eddos. Realizada pela Prefeitura, atrav\u00e9s da Secretaria da Infraestrutura (Seinfra), a interven\u00e7\u00e3o vai proporcionar um espa\u00e7o de lazer e conv\u00edvio social de qualidade para a comunidade. O espa\u00e7o ainda ajudar\u00e1 a fomentar o<\/p>\n","protected":false},"author":1,"featured_media":15229,"comment_status":"open","ping_status":"open","sticky":false,"template":"","format":"standard","meta":{"om_disable_all_campaigns":false,"_monsterinsights_skip_tracking":false,"_monsterinsights_sitenote_active":false,"_monsterinsights_sitenote_note":"","_monsterinsights_sitenote_category":0,"footnotes":""},"categories":[40],"tags":[],"class_list":{"0":"post-15228","1":"post","2":"type-post","3":"status-publish","4":"format-standard","5":"has-post-thumbnail","7":"category-camacari"},"_links":{"self":[{"href":"https:\/\/comandogeraldanoticia.com.br\/index.php\/wp-json\/wp\/v2\/posts\/15228","targetHints":{"allow":["GET"]}}],"collection":[{"href":"https:\/\/comandogeraldanoticia.com.br\/index.php\/wp-json\/wp\/v2\/posts"}],"about":[{"href":"https:\/\/comandogeraldanoticia.com.br\/index.php\/wp-json\/wp\/v2\/types\/post"}],"author":[{"embeddable":true,"href":"https:\/\/comandogeraldanoticia.com.br\/index.php\/wp-json\/wp\/v2\/users\/1"}],"replies":[{"embeddable":true,"href":"https:\/\/comandogeraldanoticia.com.br\/index.php\/wp-json\/wp\/v2\/comments?post=15228"}],"version-history":[{"count":0,"href":"https:\/\/comandogeraldanoticia.com.br\/index.php\/wp-json\/wp\/v2\/posts\/15228\/revisions"}],"wp:featuredmedia":[{"embeddable":true,"href":"https:\/\/comandogeraldanoticia.com.br\/index.php\/wp-json\/wp\/v2\/media\/15229"}],"wp:attachment":[{"href":"https:\/\/comandogeraldanoticia.com.br\/index.php\/wp-json\/wp\/v2\/media?parent=15228"}],"wp:term":[{"taxonomy":"category","embeddable":true,"href":"https:\/\/comandogeraldanoticia.com.br\/index.php\/wp-json\/wp\/v2\/categories?post=15228"},{"taxonomy":"post_tag","embeddable":true,"href":"https:\/\/comandogeraldanoticia.com.br\/index.php\/wp-json\/wp\/v2\/tags?post=15228"}],"curies":[{"name":"wp","href":"https:\/\/api.w.org\/{rel}","templated":true}]}}