{"id":15226,"date":"2022-11-04T19:13:30","date_gmt":"2022-11-04T19:13:30","guid":{"rendered":"https:\/\/comandogeraldanoticia.com.br\/index.php\/2022\/11\/04\/ponte-da-avenida-rio-camacari-sera-bloqueada-para-execucao-de-obras\/"},"modified":"2022-11-04T19:13:30","modified_gmt":"2022-11-04T19:13:30","slug":"ponte-da-avenida-rio-camacari-sera-bloqueada-para-execucao-de-obras","status":"publish","type":"post","link":"https:\/\/comandogeraldanoticia.com.br\/index.php\/2022\/11\/04\/ponte-da-avenida-rio-camacari-sera-bloqueada-para-execucao-de-obras\/","title":{"rendered":"Ponte da Avenida Rio Cama\u00e7ari ser\u00e1 bloqueada para execu\u00e7\u00e3o de obras"},"content":{"rendered":"<p>A Prefeitura de Cama\u00e7ari, por meio da Superintend\u00eancia de Tr\u00e2nsito e Transporte P\u00fablico (STT) e da Secretaria da Infraestrutura (Seinfra), informa \u00e0 popula\u00e7\u00e3o que a Ponte da Avenida Rio Cama\u00e7ari ser\u00e1 bloqueada para o tr\u00e1fego de ve\u00edculos a partir desta segunda-feira (7\/11). A interdi\u00e7\u00e3o acontece em virtude da obra de constru\u00e7\u00e3o de uma nova ponte no local. Desta forma, o tr\u00e2nsito passar\u00e1 por modifica\u00e7\u00f5es at\u00e9 a conclus\u00e3o das interven\u00e7\u00f5es, que t\u00eam como proposta melhorar a mobilidade urbana do munic\u00edpio.<\/p>\n<p>Conforme a STT, com a interdi\u00e7\u00e3o, o tr\u00e2nsito vai sofrer algumas interfer\u00eancias e os motoristas ter\u00e3o as seguintes op\u00e7\u00f5es como alternativa de tr\u00e1fego: os ve\u00edculos oriundos da Lama Preta sentido Centro dever\u00e3o acessar a Ponte da Rua Belmonte, na sequ\u00eancia passar pela Rua Salvador e a Avenida Luiz Gonzaga para chegar \u00e0 Pra\u00e7a Jo\u00e3o Ramos Coroa, conhecida como Pra\u00e7a dos Quarenta e Seis. J\u00e1 quem vem da Pra\u00e7a em dire\u00e7\u00e3o \u00e0 Lama Preta, pode passar pela Avenida Luiz Gonzaga, Rua Belmonte, a Ponte da Rua Belmonte e em seguida, a Avenida Rio Cama\u00e7ari.<\/p>\n<p>Outra possibilidade para quem vem da Lama Preta e bairros adjacentes sentido Centro \u00e9 acessar a Avenida Rio Cama\u00e7ari, na sequ\u00eancia seguir pela Avenida Conc\u00eantrica, nas imedia\u00e7\u00f5es do posto de combust\u00edvel pr\u00f3ximo a ponte interditada. No decorrer das rotas, a superintend\u00eancia efetuou a sinaliza\u00e7\u00e3o vertical para orientar os motoristas e usu\u00e1rios, com a finalidade de manter o tr\u00e2nsito organizado e seguro para a popula\u00e7\u00e3o.<\/p>\n<p>Aqueles que utilizam o servi\u00e7o do Transporte Universit\u00e1rio tamb\u00e9m devem ficar atentos, pois haver\u00e1 algumas modifica\u00e7\u00f5es. Os roteiros v\u00e3o partir do Alto do Tri\u00e2ngulo para o ponto ap\u00f3s a Lot\u00e9rica da Avenida 28 de Setembro (antiga Radial A), v\u00e3o acessa a Rua Jos\u00e9 Nunes de Matos, na sequ\u00eancia a Rua da Bandeira e segue para o bairro dos Quarenta e Seis para dar continuidade ao roteiro e percurso convencional.<\/p>\n<p>Segundo os t\u00e9cnicos da Seinfra, a ponte existente da Avenida Rio Cama\u00e7ari ser\u00e1 demolida para a constru\u00e7\u00e3o de uma nova estrutura. Para isso, ocorrer\u00e1 a instala\u00e7\u00e3o de canteiro de obra, a retirada da estrutura existente, e remo\u00e7\u00e3o das galerias de drenagem para melhor escoamento das \u00e1guas pluviais, principalmente no per\u00edodo de chuva, e demais servi\u00e7os.<\/p>\n<p>Ainda segundo os profissionais, a nova ponte receber\u00e1 estrutura apoiada em dois blocos, com a instala\u00e7\u00e3o de 36 estacas raiz, duas vias com acessibilidade, pavimenta\u00e7\u00e3o, guarda-corpo, defensas e sinaliza\u00e7\u00e3o horizontal. O equipamento ter\u00e1 24 metros de comprimento que facilitar\u00e1 o deslocamento e circula\u00e7\u00e3o de motoristas e pedestres a diversos bairros da cidade, como o Cama\u00e7ari de Dentro, Quarenta e Seis e Centro.<\/p>\n<\/p>\n<figure class=\"is-layout-flex wp-block-gallery-1 wp-block-gallery has-nested-images columns-default is-cropped\">\n<figure class=\"wp-block-image size-large\"><img loading=\"lazy\" decoding=\"async\" loading=\"lazy\" width=\"1024\" height=\"682\" data-id=\"185551\" src=\"https:\/\/www.camacari.ba.gov.br\/wp-content\/uploads\/2022\/11\/stt-seinfra-ponte-da-avenida-rio-camacari-sera-bloqueada-josue-04.11-1-1024x682.jpeg\" alt=\"\" class=\"wp-image-185551\" srcset=\"https:\/\/www.camacari.ba.gov.br\/wp-content\/uploads\/2022\/11\/stt-seinfra-ponte-da-avenida-rio-camacari-sera-bloqueada-josue-04.11-1-1024x682.jpeg 1024w, https:\/\/www.camacari.ba.gov.br\/wp-content\/uploads\/2022\/11\/stt-seinfra-ponte-da-avenida-rio-camacari-sera-bloqueada-josue-04.11-1-300x200.jpeg 300w, https:\/\/www.camacari.ba.gov.br\/wp-content\/uploads\/2022\/11\/stt-seinfra-ponte-da-avenida-rio-camacari-sera-bloqueada-josue-04.11-1-768x512.jpeg 768w, https:\/\/www.camacari.ba.gov.br\/wp-content\/uploads\/2022\/11\/stt-seinfra-ponte-da-avenida-rio-camacari-sera-bloqueada-josue-04.11-1.jpeg 1280w\" sizes=\"auto, (max-width: 1024px) 100vw, 1024px\"><\/figure>\n<figure class=\"wp-block-image size-large\"><img loading=\"lazy\" decoding=\"async\" loading=\"lazy\" width=\"1024\" height=\"682\" data-id=\"185550\" src=\"https:\/\/www.camacari.ba.gov.br\/wp-content\/uploads\/2022\/11\/stt-seinfra-ponte-da-avenida-rio-camacari-sera-bloqueada-josue-04.11-2-1024x682.jpeg\" alt=\"\" class=\"wp-image-185550\" srcset=\"https:\/\/www.camacari.ba.gov.br\/wp-content\/uploads\/2022\/11\/stt-seinfra-ponte-da-avenida-rio-camacari-sera-bloqueada-josue-04.11-2-1024x682.jpeg 1024w, https:\/\/www.camacari.ba.gov.br\/wp-content\/uploads\/2022\/11\/stt-seinfra-ponte-da-avenida-rio-camacari-sera-bloqueada-josue-04.11-2-300x200.jpeg 300w, https:\/\/www.camacari.ba.gov.br\/wp-content\/uploads\/2022\/11\/stt-seinfra-ponte-da-avenida-rio-camacari-sera-bloqueada-josue-04.11-2-768x512.jpeg 768w, https:\/\/www.camacari.ba.gov.br\/wp-content\/uploads\/2022\/11\/stt-seinfra-ponte-da-avenida-rio-camacari-sera-bloqueada-josue-04.11-2.jpeg 1280w\" sizes=\"auto, (max-width: 1024px) 100vw, 1024px\"><\/figure>\n<figure class=\"wp-block-image size-large\"><img loading=\"lazy\" decoding=\"async\" loading=\"lazy\" width=\"1024\" height=\"682\" data-id=\"185553\" src=\"https:\/\/www.camacari.ba.gov.br\/wp-content\/uploads\/2022\/11\/stt-seinfra-ponte-da-avenida-rio-camacari-sera-bloqueada-josue-04.11-3-1024x682.jpeg\" alt=\"\" class=\"wp-image-185553\" srcset=\"https:\/\/www.camacari.ba.gov.br\/wp-content\/uploads\/2022\/11\/stt-seinfra-ponte-da-avenida-rio-camacari-sera-bloqueada-josue-04.11-3-1024x682.jpeg 1024w, https:\/\/www.camacari.ba.gov.br\/wp-content\/uploads\/2022\/11\/stt-seinfra-ponte-da-avenida-rio-camacari-sera-bloqueada-josue-04.11-3-300x200.jpeg 300w, https:\/\/www.camacari.ba.gov.br\/wp-content\/uploads\/2022\/11\/stt-seinfra-ponte-da-avenida-rio-camacari-sera-bloqueada-josue-04.11-3-768x512.jpeg 768w, https:\/\/www.camacari.ba.gov.br\/wp-content\/uploads\/2022\/11\/stt-seinfra-ponte-da-avenida-rio-camacari-sera-bloqueada-josue-04.11-3.jpeg 1280w\" sizes=\"auto, (max-width: 1024px) 100vw, 1024px\"><\/figure>\n<figure class=\"wp-block-image size-large\"><img loading=\"lazy\" decoding=\"async\" loading=\"lazy\" width=\"1024\" height=\"682\" data-id=\"185554\" src=\"https:\/\/www.camacari.ba.gov.br\/wp-content\/uploads\/2022\/11\/stt-seinfra-ponte-da-avenida-rio-camacari-sera-bloqueada-josue-04.11-4-1024x682.jpeg\" alt=\"\" class=\"wp-image-185554\" srcset=\"https:\/\/www.camacari.ba.gov.br\/wp-content\/uploads\/2022\/11\/stt-seinfra-ponte-da-avenida-rio-camacari-sera-bloqueada-josue-04.11-4-1024x682.jpeg 1024w, https:\/\/www.camacari.ba.gov.br\/wp-content\/uploads\/2022\/11\/stt-seinfra-ponte-da-avenida-rio-camacari-sera-bloqueada-josue-04.11-4-300x200.jpeg 300w, https:\/\/www.camacari.ba.gov.br\/wp-content\/uploads\/2022\/11\/stt-seinfra-ponte-da-avenida-rio-camacari-sera-bloqueada-josue-04.11-4-768x512.jpeg 768w, https:\/\/www.camacari.ba.gov.br\/wp-content\/uploads\/2022\/11\/stt-seinfra-ponte-da-avenida-rio-camacari-sera-bloqueada-josue-04.11-4.jpeg 1280w\" sizes=\"auto, (max-width: 1024px) 100vw, 1024px\"><\/figure>\n<figure class=\"wp-block-image size-large\"><img loading=\"lazy\" decoding=\"async\" loading=\"lazy\" width=\"1024\" height=\"682\" data-id=\"185552\" src=\"https:\/\/www.camacari.ba.gov.br\/wp-content\/uploads\/2022\/11\/stt-seinfra-ponte-da-avenida-rio-camacari-sera-bloqueada-josue-04.11-5-1024x682.jpeg\" alt=\"\" class=\"wp-image-185552\" srcset=\"https:\/\/www.camacari.ba.gov.br\/wp-content\/uploads\/2022\/11\/stt-seinfra-ponte-da-avenida-rio-camacari-sera-bloqueada-josue-04.11-5-1024x682.jpeg 1024w, https:\/\/www.camacari.ba.gov.br\/wp-content\/uploads\/2022\/11\/stt-seinfra-ponte-da-avenida-rio-camacari-sera-bloqueada-josue-04.11-5-300x200.jpeg 300w, https:\/\/www.camacari.ba.gov.br\/wp-content\/uploads\/2022\/11\/stt-seinfra-ponte-da-avenida-rio-camacari-sera-bloqueada-josue-04.11-5-768x512.jpeg 768w, https:\/\/www.camacari.ba.gov.br\/wp-content\/uploads\/2022\/11\/stt-seinfra-ponte-da-avenida-rio-camacari-sera-bloqueada-josue-04.11-5.jpeg 1280w\" sizes=\"auto, (max-width: 1024px) 100vw, 1024px\"><\/figure><figcaption class=\"blocks-gallery-caption wp-element-caption\">Foto: Josu\u00e9 Silva<\/figcaption><\/figure>\n","protected":false},"excerpt":{"rendered":"<p>A Prefeitura de Cama\u00e7ari, por meio da Superintend\u00eancia de Tr\u00e2nsito e Transporte P\u00fablico (STT) e da Secretaria da Infraestrutura (Seinfra), informa \u00e0 popula\u00e7\u00e3o que a Ponte da Avenida Rio Cama\u00e7ari ser\u00e1 bloqueada para o tr\u00e1fego de ve\u00edculos a partir desta segunda-feira (7\/11). A interdi\u00e7\u00e3o acontece em virtude da obra de constru\u00e7\u00e3o de uma nova ponte<\/p>\n","protected":false},"author":1,"featured_media":15227,"comment_status":"open","ping_status":"open","sticky":false,"template":"","format":"standard","meta":{"om_disable_all_campaigns":false,"_monsterinsights_skip_tracking":false,"_monsterinsights_sitenote_active":false,"_monsterinsights_sitenote_note":"","_monsterinsights_sitenote_category":0,"footnotes":""},"categories":[40],"tags":[],"class_list":{"0":"post-15226","1":"post","2":"type-post","3":"status-publish","4":"format-standard","5":"has-post-thumbnail","7":"category-camacari"},"_links":{"self":[{"href":"https:\/\/comandogeraldanoticia.com.br\/index.php\/wp-json\/wp\/v2\/posts\/15226","targetHints":{"allow":["GET"]}}],"collection":[{"href":"https:\/\/comandogeraldanoticia.com.br\/index.php\/wp-json\/wp\/v2\/posts"}],"about":[{"href":"https:\/\/comandogeraldanoticia.com.br\/index.php\/wp-json\/wp\/v2\/types\/post"}],"author":[{"embeddable":true,"href":"https:\/\/comandogeraldanoticia.com.br\/index.php\/wp-json\/wp\/v2\/users\/1"}],"replies":[{"embeddable":true,"href":"https:\/\/comandogeraldanoticia.com.br\/index.php\/wp-json\/wp\/v2\/comments?post=15226"}],"version-history":[{"count":0,"href":"https:\/\/comandogeraldanoticia.com.br\/index.php\/wp-json\/wp\/v2\/posts\/15226\/revisions"}],"wp:featuredmedia":[{"embeddable":true,"href":"https:\/\/comandogeraldanoticia.com.br\/index.php\/wp-json\/wp\/v2\/media\/15227"}],"wp:attachment":[{"href":"https:\/\/comandogeraldanoticia.com.br\/index.php\/wp-json\/wp\/v2\/media?parent=15226"}],"wp:term":[{"taxonomy":"category","embeddable":true,"href":"https:\/\/comandogeraldanoticia.com.br\/index.php\/wp-json\/wp\/v2\/categories?post=15226"},{"taxonomy":"post_tag","embeddable":true,"href":"https:\/\/comandogeraldanoticia.com.br\/index.php\/wp-json\/wp\/v2\/tags?post=15226"}],"curies":[{"name":"wp","href":"https:\/\/api.w.org\/{rel}","templated":true}]}}