{"id":15224,"date":"2022-11-04T19:13:31","date_gmt":"2022-11-04T19:13:31","guid":{"rendered":"https:\/\/comandogeraldanoticia.com.br\/index.php\/2022\/11\/04\/barra-de-pojuca-recebe-8a-edicao-do-mulheres-especiais\/"},"modified":"2022-11-04T19:13:31","modified_gmt":"2022-11-04T19:13:31","slug":"barra-de-pojuca-recebe-8a-edicao-do-mulheres-especiais","status":"publish","type":"post","link":"https:\/\/comandogeraldanoticia.com.br\/index.php\/2022\/11\/04\/barra-de-pojuca-recebe-8a-edicao-do-mulheres-especiais\/","title":{"rendered":"Barra de Pojuca recebe 8\u00aa edi\u00e7\u00e3o do Mulheres Especiais"},"content":{"rendered":"<p>Na pr\u00f3xima quinta-feira (10\/11), a Secretaria da Mulher (Semu) promove a 8\u00aa edi\u00e7\u00e3o do projeto Mulheres Especiais, que levar\u00e1 \u00e0 Unidade de Sa\u00fade da Fam\u00edlia (USF) Barra do Pojuca, uma roda de conversa e palestra, com uma psic\u00f3loga convidada. A atividade come\u00e7a a partir das 9hs, e tem como p\u00fablico-alvo, mulheres e m\u00e3es de filhos com defici\u00eancia.<\/p>\n<p>Durante o encontro, tamb\u00e9m ser\u00e3o passadas orienta\u00e7\u00f5es do Centro Especializado em Reabilita\u00e7\u00e3o F\u00edsica e Intelectual (CER II), e discutida a tem\u00e1tica: Cuidar da Sa\u00fade \u00e9 viver melhor. A iniciativa tem tido bastante visibilidade e o p\u00fablico tem crescido a cada encontro. Mesmo sendo voltado para a escuta e acolhimento de mulheres com defici\u00eancia ou que tenham filhos com defici\u00eancia ou disfun\u00e7\u00e3o, diagnosticados ou n\u00e3o, o projeto tem sido abra\u00e7ado por toda a comunidade que recebe a a\u00e7\u00e3o.<\/p>\n<p>\u201cEstamos felizes com o crescimento deste projeto. Apresentar nossa pasta e servir como rede de apoio para essas mulheres \u00e9 uma realiza\u00e7\u00e3o. \u00c9 gratificante ver o nosso trabalho ser reconhecido\u201d, pontuou a secret\u00e1ria da pasta, Faf\u00e1 de Senhorinho.<\/p>\n<figure class=\"wp-block-image size-large\"><img fetchpriority=\"high\" decoding=\"async\" width=\"1024\" height=\"1024\" src=\"https:\/\/www.camacari.ba.gov.br\/wp-content\/uploads\/2022\/11\/semu-card-8a-edicao-mulheres-especiais-usf-barra-do-pojuca-1024x1024.jpeg\" alt=\"\" class=\"wp-image-185558\" srcset=\"https:\/\/www.camacari.ba.gov.br\/wp-content\/uploads\/2022\/11\/semu-card-8a-edicao-mulheres-especiais-usf-barra-do-pojuca-1024x1024.jpeg 1024w, https:\/\/www.camacari.ba.gov.br\/wp-content\/uploads\/2022\/11\/semu-card-8a-edicao-mulheres-especiais-usf-barra-do-pojuca-300x300.jpeg 300w, https:\/\/www.camacari.ba.gov.br\/wp-content\/uploads\/2022\/11\/semu-card-8a-edicao-mulheres-especiais-usf-barra-do-pojuca-150x150.jpeg 150w, https:\/\/www.camacari.ba.gov.br\/wp-content\/uploads\/2022\/11\/semu-card-8a-edicao-mulheres-especiais-usf-barra-do-pojuca-768x768.jpeg 768w, https:\/\/www.camacari.ba.gov.br\/wp-content\/uploads\/2022\/11\/semu-card-8a-edicao-mulheres-especiais-usf-barra-do-pojuca.jpeg 1080w\" sizes=\"(max-width: 1024px) 100vw, 1024px\"><\/figure>\n","protected":false},"excerpt":{"rendered":"<p>Na pr\u00f3xima quinta-feira (10\/11), a Secretaria da Mulher (Semu) promove a 8\u00aa edi\u00e7\u00e3o do projeto Mulheres Especiais, que levar\u00e1 \u00e0 Unidade de Sa\u00fade da Fam\u00edlia (USF) Barra do Pojuca, uma roda de conversa e palestra, com uma psic\u00f3loga convidada. A atividade come\u00e7a a partir das 9hs, e tem como p\u00fablico-alvo, mulheres e m\u00e3es de filhos<\/p>\n","protected":false},"author":1,"featured_media":15225,"comment_status":"open","ping_status":"open","sticky":false,"template":"","format":"standard","meta":{"om_disable_all_campaigns":false,"_monsterinsights_skip_tracking":false,"_monsterinsights_sitenote_active":false,"_monsterinsights_sitenote_note":"","_monsterinsights_sitenote_category":0,"footnotes":""},"categories":[40],"tags":[],"class_list":{"0":"post-15224","1":"post","2":"type-post","3":"status-publish","4":"format-standard","5":"has-post-thumbnail","7":"category-camacari"},"_links":{"self":[{"href":"https:\/\/comandogeraldanoticia.com.br\/index.php\/wp-json\/wp\/v2\/posts\/15224","targetHints":{"allow":["GET"]}}],"collection":[{"href":"https:\/\/comandogeraldanoticia.com.br\/index.php\/wp-json\/wp\/v2\/posts"}],"about":[{"href":"https:\/\/comandogeraldanoticia.com.br\/index.php\/wp-json\/wp\/v2\/types\/post"}],"author":[{"embeddable":true,"href":"https:\/\/comandogeraldanoticia.com.br\/index.php\/wp-json\/wp\/v2\/users\/1"}],"replies":[{"embeddable":true,"href":"https:\/\/comandogeraldanoticia.com.br\/index.php\/wp-json\/wp\/v2\/comments?post=15224"}],"version-history":[{"count":0,"href":"https:\/\/comandogeraldanoticia.com.br\/index.php\/wp-json\/wp\/v2\/posts\/15224\/revisions"}],"wp:featuredmedia":[{"embeddable":true,"href":"https:\/\/comandogeraldanoticia.com.br\/index.php\/wp-json\/wp\/v2\/media\/15225"}],"wp:attachment":[{"href":"https:\/\/comandogeraldanoticia.com.br\/index.php\/wp-json\/wp\/v2\/media?parent=15224"}],"wp:term":[{"taxonomy":"category","embeddable":true,"href":"https:\/\/comandogeraldanoticia.com.br\/index.php\/wp-json\/wp\/v2\/categories?post=15224"},{"taxonomy":"post_tag","embeddable":true,"href":"https:\/\/comandogeraldanoticia.com.br\/index.php\/wp-json\/wp\/v2\/tags?post=15224"}],"curies":[{"name":"wp","href":"https:\/\/api.w.org\/{rel}","templated":true}]}}